{"id":1104,"date":"2015-11-07T07:48:00","date_gmt":"2015-11-07T07:48:00","guid":{"rendered":"http:\/\/efi.szakrendelo-sarkad.hu\/?p=1104"},"modified":"2015-11-07T07:48:00","modified_gmt":"2015-11-07T07:48:00","slug":"lepj-az-egeszseg-utjara-2015-szeptember","status":"publish","type":"post","link":"http:\/\/szakrendelo-sarkad.hu\/efi\/2015\/11\/07\/lepj-az-egeszseg-utjara-2015-szeptember\/","title":{"rendered":"\u201eL\u00e9pj az eg\u00e9szs\u00e9g \u00fatj\u00e1ra!\u201d | 2015. Szeptember |"},"content":{"rendered":"<p>A Sarkadi Kist\u00e9rs\u00e9gi Eg\u00e9szs\u00e9g\u00fcgyi Fejleszt\u0151 Nonprofit Kft. Eg\u00e9szs\u00e9gfejleszt\u00e9si Irod\u00e1ja 2015. szeptember h\u00f3napban csatlakozott a NEFI Nemzeti Eg\u00e9szs\u00e9gfejleszt\u00e9si Int\u00e9zet \u00e1ltal meghirdetett \u201eL\u00e9pj az eg\u00e9szs\u00e9g \u00fatj\u00e1ra!\u201d elnevez\u00e9s\u0171 programj\u00e1hoz.<\/p>\n<p>A S\u00e9tanapokat h\u00e1rom Sarkadi Kist\u00e9rs\u00e9gi telep\u00fcl\u00e9s bevon\u00e1s\u00e1val siker\u00fclt megval\u00f3s\u00edtani.<\/p>\n<ol>\n<li>szeptember 22-\u00e9n Zsad\u00e1ny telep\u00fcl\u00e9sen Gyalogl\u00f3 napot szervezt\u00fcnk a helyi Tart\u00f3s Bentlak\u00e1st ny\u00fajt\u00f3 Id\u0151sek Otthona lak\u00f3i sz\u00e1m\u00e1ra. Ezen a napon egy sz\u00ednes \u00e9s tartalmas kultur\u00e1lis programon vehettek r\u00e9szt az \u00e9rdekl\u0151d\u0151k.<\/li>\n<li>szeptember 23-\u00e1n Sarkad v\u00e1ros\u00e1ban S\u00e9ta a Sarkadi S\u00e9takertben c\u00edmen szervezt\u00fcnk s\u00e9tanapot. A program keret\u00e9n bel\u00fcl a helyi nyugd\u00edjas egyes\u00fclet tagjai sz\u00ednes \u00e9s tartalmas t\u00f6rt\u00e9nelmi betekint\u00e9st kaphattak Sarkad V\u00e1ros t\u00f6rt\u00e9neti m\u00faltj\u00e1r\u00f3l. Kellemes s\u00e9ta k\u00f6zben sz\u00e1mos nevezetess\u00e9gre h\u00edvta fel a figyelmet Szab\u00f3 Istv\u00e1n t\u00f6rt\u00e9n\u00e9sz. Ezzel a programmal az id\u0151sebb koroszt\u00e1ly szellemi aktivit\u00e1s\u00e1nak meg\u0151rz\u00e9s\u00e9re \u00e9s fejleszt\u00e9s\u00e9re t\u00f6rekedt\u00fcnk.<\/li>\n<li>szeptember 24-\u00e9n K\u00f6tegy\u00e1n telep\u00fcl\u00e9sen a helyi Nappali \u00e9s Tart\u00f3s Bentlak\u00e1sos Id\u0151sek Otthona tagjai sz\u00e1m\u00e1ra szervezt\u00fcnk s\u00e9taprogramot.<\/li>\n<\/ol>\n<p>A kist\u00e9rs\u00e9gi telep\u00fcl\u00e9seken szervezett programok c\u00e9lja az volt, hogy az id\u0151sebb koroszt\u00e1ly szellemi aktivit\u00e1s\u00e1nak meg\u0151rz\u00e9s\u00e9re \u00e9s fejleszt\u00e9s\u00e9re legyen lehet\u0151s\u00e9g. Ezzel jelent\u0151sen el\u0151seg\u00edtve a szellemi \u00e9s szoci\u00e1lis rekre\u00e1ci\u00f3t.<\/p>\n<!-- index.php -->\n<div\n\tclass=\"ngg-galleryoverview ngg-ajax-pagination-none\"\n\tid=\"ngg-gallery-160ee43049a551175328018011640337-1\">\n\n    \t<div class=\"slideshowlink\">\n        <a href='http:\/\/szakrendelo-sarkad.hu\/efi\/2015\/11\/07\/lepj-az-egeszseg-utjara-2015-szeptember\/nggallery\/slideshow'>[Diavet\u00edt\u00e9s ind\u00edt\u00e1sa]<\/a>\n\t\t\n\t<\/div>\n\t\t\t<!-- Thumbnails -->\n\t\t\t\t<div id=\"ngg-image-0\" class=\"ngg-gallery-thumbnail-box\" >\n\t\t\t\t        <div class=\"ngg-gallery-thumbnail\">\n            <a href=\"http:\/\/szakrendelo-sarkad.hu\/efi\/wp-content\/gallery\/efiold\/gyaloglonap_201509\/1.jpg\"\n               title=\"\"\n               data-src=\"http:\/\/szakrendelo-sarkad.hu\/efi\/wp-content\/gallery\/efiold\/gyaloglonap_201509\/1.jpg\"\n               data-thumbnail=\"http:\/\/szakrendelo-sarkad.hu\/efi\/wp-content\/gallery\/efiold\/gyaloglonap_201509\/thumbs\/thumbs_1.jpg\"\n               data-image-id=\"564\"\n               data-title=\"1.jpg\"\n               data-description=\"\"\n               data-image-slug=\"1-jpg-5\"\n               class=\"ngg-fancybox\" rel=\"160ee43049a551175328018011640337\">\n                <img\n                    title=\"1.jpg\"\n                    alt=\"1.jpg\"\n                    src=\"http:\/\/szakrendelo-sarkad.hu\/efi\/wp-content\/gallery\/efiold\/gyaloglonap_201509\/thumbs\/thumbs_1.jpg\"\n                    width=\"100\"\n                    height=\"75\"\n                    style=\"max-width:100%;\"\n                \/>\n            <\/a>\n        <\/div>\n\t\t\t\t\t\t\t<\/div> \n\t\t\t\n        \n\t\t\t\t<div id=\"ngg-image-1\" class=\"ngg-gallery-thumbnail-box\" >\n\t\t\t\t        <div class=\"ngg-gallery-thumbnail\">\n            <a href=\"http:\/\/szakrendelo-sarkad.hu\/efi\/wp-content\/gallery\/efiold\/gyaloglonap_201509\/2.jpg\"\n               title=\"\"\n               data-src=\"http:\/\/szakrendelo-sarkad.hu\/efi\/wp-content\/gallery\/efiold\/gyaloglonap_201509\/2.jpg\"\n               data-thumbnail=\"http:\/\/szakrendelo-sarkad.hu\/efi\/wp-content\/gallery\/efiold\/gyaloglonap_201509\/thumbs\/thumbs_2.jpg\"\n               data-image-id=\"565\"\n               data-title=\"2.jpg\"\n               data-description=\"\"\n               data-image-slug=\"2-jpg-5\"\n               class=\"ngg-fancybox\" rel=\"160ee43049a551175328018011640337\">\n                <img\n                    title=\"2.jpg\"\n                    alt=\"2.jpg\"\n                    src=\"http:\/\/szakrendelo-sarkad.hu\/efi\/wp-content\/gallery\/efiold\/gyaloglonap_201509\/thumbs\/thumbs_2.jpg\"\n                    width=\"100\"\n                    height=\"75\"\n                    style=\"max-width:100%;\"\n                \/>\n            <\/a>\n        <\/div>\n\t\t\t\t\t\t\t<\/div> \n\t\t\t\n        \n\t\t\t\t<div id=\"ngg-image-2\" class=\"ngg-gallery-thumbnail-box\" >\n\t\t\t\t        <div class=\"ngg-gallery-thumbnail\">\n            <a href=\"http:\/\/szakrendelo-sarkad.hu\/efi\/wp-content\/gallery\/efiold\/gyaloglonap_201509\/3.jpg\"\n               title=\"\"\n               data-src=\"http:\/\/szakrendelo-sarkad.hu\/efi\/wp-content\/gallery\/efiold\/gyaloglonap_201509\/3.jpg\"\n               data-thumbnail=\"http:\/\/szakrendelo-sarkad.hu\/efi\/wp-content\/gallery\/efiold\/gyaloglonap_201509\/thumbs\/thumbs_3.jpg\"\n               data-image-id=\"566\"\n               data-title=\"3.jpg\"\n               data-description=\"\"\n               data-image-slug=\"3-jpg-5\"\n               class=\"ngg-fancybox\" rel=\"160ee43049a551175328018011640337\">\n                <img\n                    title=\"3.jpg\"\n                    alt=\"3.jpg\"\n                    src=\"http:\/\/szakrendelo-sarkad.hu\/efi\/wp-content\/gallery\/efiold\/gyaloglonap_201509\/thumbs\/thumbs_3.jpg\"\n                    width=\"100\"\n                    height=\"75\"\n                    style=\"max-width:100%;\"\n                \/>\n            <\/a>\n        <\/div>\n\t\t\t\t\t\t\t<\/div> \n\t\t\t\n        \n\t\t\t\t<div id=\"ngg-image-3\" class=\"ngg-gallery-thumbnail-box\" >\n\t\t\t\t        <div class=\"ngg-gallery-thumbnail\">\n            <a href=\"http:\/\/szakrendelo-sarkad.hu\/efi\/wp-content\/gallery\/efiold\/gyaloglonap_201509\/4.jpg\"\n               title=\"\"\n               data-src=\"http:\/\/szakrendelo-sarkad.hu\/efi\/wp-content\/gallery\/efiold\/gyaloglonap_201509\/4.jpg\"\n               data-thumbnail=\"http:\/\/szakrendelo-sarkad.hu\/efi\/wp-content\/gallery\/efiold\/gyaloglonap_201509\/thumbs\/thumbs_4.jpg\"\n               data-image-id=\"567\"\n               data-title=\"4.jpg\"\n               data-description=\"\"\n               data-image-slug=\"4-jpg-5\"\n               class=\"ngg-fancybox\" rel=\"160ee43049a551175328018011640337\">\n                <img\n                    title=\"4.jpg\"\n                    alt=\"4.jpg\"\n                    src=\"http:\/\/szakrendelo-sarkad.hu\/efi\/wp-content\/gallery\/efiold\/gyaloglonap_201509\/thumbs\/thumbs_4.jpg\"\n                    width=\"100\"\n                    height=\"75\"\n                    style=\"max-width:100%;\"\n                \/>\n            <\/a>\n        <\/div>\n\t\t\t\t\t\t\t<\/div> \n\t\t\t\n        \n\t\t\t\t<div id=\"ngg-image-4\" class=\"ngg-gallery-thumbnail-box\" >\n\t\t\t\t        <div class=\"ngg-gallery-thumbnail\">\n            <a href=\"http:\/\/szakrendelo-sarkad.hu\/efi\/wp-content\/gallery\/efiold\/gyaloglonap_201509\/5.jpg\"\n               title=\"\"\n               data-src=\"http:\/\/szakrendelo-sarkad.hu\/efi\/wp-content\/gallery\/efiold\/gyaloglonap_201509\/5.jpg\"\n               data-thumbnail=\"http:\/\/szakrendelo-sarkad.hu\/efi\/wp-content\/gallery\/efiold\/gyaloglonap_201509\/thumbs\/thumbs_5.jpg\"\n               data-image-id=\"568\"\n               data-title=\"5.jpg\"\n               data-description=\"\"\n               data-image-slug=\"5-jpg-4\"\n               class=\"ngg-fancybox\" rel=\"160ee43049a551175328018011640337\">\n                <img\n                    title=\"5.jpg\"\n                    alt=\"5.jpg\"\n                    src=\"http:\/\/szakrendelo-sarkad.hu\/efi\/wp-content\/gallery\/efiold\/gyaloglonap_201509\/thumbs\/thumbs_5.jpg\"\n                    width=\"100\"\n                    height=\"75\"\n                    style=\"max-width:100%;\"\n                \/>\n            <\/a>\n        <\/div>\n\t\t\t\t\t\t\t<\/div> \n\t\t\t\n        \n\t\t\t\t<div id=\"ngg-image-5\" class=\"ngg-gallery-thumbnail-box\" >\n\t\t\t\t        <div class=\"ngg-gallery-thumbnail\">\n            <a href=\"http:\/\/szakrendelo-sarkad.hu\/efi\/wp-content\/gallery\/efiold\/gyaloglonap_201509\/6.jpg\"\n               title=\"\"\n               data-src=\"http:\/\/szakrendelo-sarkad.hu\/efi\/wp-content\/gallery\/efiold\/gyaloglonap_201509\/6.jpg\"\n               data-thumbnail=\"http:\/\/szakrendelo-sarkad.hu\/efi\/wp-content\/gallery\/efiold\/gyaloglonap_201509\/thumbs\/thumbs_6.jpg\"\n               data-image-id=\"569\"\n               data-title=\"6.jpg\"\n               data-description=\"\"\n               data-image-slug=\"6-jpg-3\"\n               class=\"ngg-fancybox\" rel=\"160ee43049a551175328018011640337\">\n                <img\n                    title=\"6.jpg\"\n                    alt=\"6.jpg\"\n                    src=\"http:\/\/szakrendelo-sarkad.hu\/efi\/wp-content\/gallery\/efiold\/gyaloglonap_201509\/thumbs\/thumbs_6.jpg\"\n                    width=\"100\"\n                    height=\"75\"\n                    style=\"max-width:100%;\"\n                \/>\n            <\/a>\n        <\/div>\n\t\t\t\t\t\t\t<\/div> \n\t\t\t\n        \n\t\t\t\t<div id=\"ngg-image-6\" class=\"ngg-gallery-thumbnail-box\" >\n\t\t\t\t        <div class=\"ngg-gallery-thumbnail\">\n            <a href=\"http:\/\/szakrendelo-sarkad.hu\/efi\/wp-content\/gallery\/efiold\/gyaloglonap_201509\/7.jpg\"\n               title=\"\"\n               data-src=\"http:\/\/szakrendelo-sarkad.hu\/efi\/wp-content\/gallery\/efiold\/gyaloglonap_201509\/7.jpg\"\n               data-thumbnail=\"http:\/\/szakrendelo-sarkad.hu\/efi\/wp-content\/gallery\/efiold\/gyaloglonap_201509\/thumbs\/thumbs_7.jpg\"\n               data-image-id=\"570\"\n               data-title=\"7.jpg\"\n               data-description=\"\"\n               data-image-slug=\"7-jpg-3\"\n               class=\"ngg-fancybox\" rel=\"160ee43049a551175328018011640337\">\n                <img\n                    title=\"7.jpg\"\n                    alt=\"7.jpg\"\n                    src=\"http:\/\/szakrendelo-sarkad.hu\/efi\/wp-content\/gallery\/efiold\/gyaloglonap_201509\/thumbs\/thumbs_7.jpg\"\n                    width=\"100\"\n                    height=\"75\"\n                    style=\"max-width:100%;\"\n                \/>\n            <\/a>\n        <\/div>\n\t\t\t\t\t\t\t<\/div> \n\t\t\t\n        \n\t\t\t\t<div id=\"ngg-image-7\" class=\"ngg-gallery-thumbnail-box\" >\n\t\t\t\t        <div class=\"ngg-gallery-thumbnail\">\n            <a href=\"http:\/\/szakrendelo-sarkad.hu\/efi\/wp-content\/gallery\/efiold\/gyaloglonap_201509\/8.jpg\"\n               title=\"\"\n               data-src=\"http:\/\/szakrendelo-sarkad.hu\/efi\/wp-content\/gallery\/efiold\/gyaloglonap_201509\/8.jpg\"\n               data-thumbnail=\"http:\/\/szakrendelo-sarkad.hu\/efi\/wp-content\/gallery\/efiold\/gyaloglonap_201509\/thumbs\/thumbs_8.jpg\"\n               data-image-id=\"571\"\n               data-title=\"8.jpg\"\n               data-description=\"\"\n               data-image-slug=\"8-jpg-2\"\n               class=\"ngg-fancybox\" rel=\"160ee43049a551175328018011640337\">\n                <img\n                    title=\"8.jpg\"\n                    alt=\"8.jpg\"\n                    src=\"http:\/\/szakrendelo-sarkad.hu\/efi\/wp-content\/gallery\/efiold\/gyaloglonap_201509\/thumbs\/thumbs_8.jpg\"\n                    width=\"100\"\n                    height=\"75\"\n                    style=\"max-width:100%;\"\n                \/>\n            <\/a>\n        <\/div>\n\t\t\t\t\t\t\t<\/div> \n\t\t\t\n        \n\t\t\t\t<div id=\"ngg-image-8\" class=\"ngg-gallery-thumbnail-box\" >\n\t\t\t\t        <div class=\"ngg-gallery-thumbnail\">\n            <a href=\"http:\/\/szakrendelo-sarkad.hu\/efi\/wp-content\/gallery\/efiold\/gyaloglonap_201509\/9.jpg\"\n               title=\"\"\n               data-src=\"http:\/\/szakrendelo-sarkad.hu\/efi\/wp-content\/gallery\/efiold\/gyaloglonap_201509\/9.jpg\"\n               data-thumbnail=\"http:\/\/szakrendelo-sarkad.hu\/efi\/wp-content\/gallery\/efiold\/gyaloglonap_201509\/thumbs\/thumbs_9.jpg\"\n               data-image-id=\"572\"\n               data-title=\"9.jpg\"\n               data-description=\"\"\n               data-image-slug=\"9-jpg-2\"\n               class=\"ngg-fancybox\" rel=\"160ee43049a551175328018011640337\">\n                <img\n                    title=\"9.jpg\"\n                    alt=\"9.jpg\"\n                    src=\"http:\/\/szakrendelo-sarkad.hu\/efi\/wp-content\/gallery\/efiold\/gyaloglonap_201509\/thumbs\/thumbs_9.jpg\"\n                    width=\"100\"\n                    height=\"75\"\n                    style=\"max-width:100%;\"\n                \/>\n            <\/a>\n        <\/div>\n\t\t\t\t\t\t\t<\/div> \n\t\t\t\n        \n\t\t\n\t\t<!-- Pagination -->\n\t<div class='ngg-clear'><\/div>\t<\/div>\n\n","protected":false},"excerpt":{"rendered":"<div class=\"entry-summary\">\n<div class=\"entry-summary\">\nA Sarkadi Kist\u00e9rs\u00e9gi Eg\u00e9szs\u00e9g\u00fcgyi Fejleszt\u0151 Nonprofit Kft. Eg\u00e9szs\u00e9gfejleszt\u00e9si Irod\u00e1ja 2015. szeptember h\u00f3napban csatlakozott a NEFI Nemzeti Eg\u00e9szs\u00e9gfejleszt\u00e9si Int\u00e9zet&hellip;\n<\/div>\n<div class=\"link-more\"><a href=\"http:\/\/szakrendelo-sarkad.hu\/efi\/2015\/11\/07\/lepj-az-egeszseg-utjara-2015-szeptember\/\" class=\"more-link\">Continue reading<span class=\"screen-reader-text\"> &ldquo;\u201eL\u00e9pj az eg\u00e9szs\u00e9g \u00fatj\u00e1ra!\u201d | 2015. Szeptember |&rdquo;<\/span>&hellip;<\/a><\/div>\n<\/div>\n<div class=\"link-more\"><a href=\"http:\/\/szakrendelo-sarkad.hu\/efi\/2015\/11\/07\/lepj-az-egeszseg-utjara-2015-szeptember\/\" class=\"more-link\">Continue reading<span class=\"screen-reader-text\"> &ldquo;\u201eL\u00e9pj az eg\u00e9szs\u00e9g \u00fatj\u00e1ra!\u201d | 2015. Szeptember |&rdquo;<\/span>&hellip;<\/a><\/div>\n","protected":false},"author":1,"featured_media":0,"comment_status":"closed","ping_status":"closed","sticky":false,"template":"","format":"standard","meta":{"ngg_post_thumbnail":0,"footnotes":""},"categories":[1],"tags":[],"class_list":["post-1104","post","type-post","status-publish","format-standard","hentry","category-egyeb","entry"],"_links":{"self":[{"href":"http:\/\/szakrendelo-sarkad.hu\/efi\/wp-json\/wp\/v2\/posts\/1104","targetHints":{"allow":["GET"]}}],"collection":[{"href":"http:\/\/szakrendelo-sarkad.hu\/efi\/wp-json\/wp\/v2\/posts"}],"about":[{"href":"http:\/\/szakrendelo-sarkad.hu\/efi\/wp-json\/wp\/v2\/types\/post"}],"author":[{"embeddable":true,"href":"http:\/\/szakrendelo-sarkad.hu\/efi\/wp-json\/wp\/v2\/users\/1"}],"replies":[{"embeddable":true,"href":"http:\/\/szakrendelo-sarkad.hu\/efi\/wp-json\/wp\/v2\/comments?post=1104"}],"version-history":[{"count":0,"href":"http:\/\/szakrendelo-sarkad.hu\/efi\/wp-json\/wp\/v2\/posts\/1104\/revisions"}],"wp:attachment":[{"href":"http:\/\/szakrendelo-sarkad.hu\/efi\/wp-json\/wp\/v2\/media?parent=1104"}],"wp:term":[{"taxonomy":"category","embeddable":true,"href":"http:\/\/szakrendelo-sarkad.hu\/efi\/wp-json\/wp\/v2\/categories?post=1104"},{"taxonomy":"post_tag","embeddable":true,"href":"http:\/\/szakrendelo-sarkad.hu\/efi\/wp-json\/wp\/v2\/tags?post=1104"}],"curies":[{"name":"wp","href":"https:\/\/api.w.org\/{rel}","templated":true}]}}