{"id":1223,"date":"2015-06-30T11:10:50","date_gmt":"2015-06-30T11:10:50","guid":{"rendered":"http:\/\/efi.szakrendelo-sarkad.hu\/?p=1223"},"modified":"2015-06-30T11:10:50","modified_gmt":"2015-06-30T11:10:50","slug":"elso-roma-csaladi-gyermek-majalis-2015-majus-31","status":"publish","type":"post","link":"http:\/\/szakrendelo-sarkad.hu\/efi\/2015\/06\/30\/elso-roma-csaladi-gyermek-majalis-2015-majus-31\/","title":{"rendered":"\u201eEls\u0151 Roma Csal\u00e1di \u2013 Gyermek maj\u00e1lis\u201d | 2015. M\u00e1jus 31."},"content":{"rendered":"<ol start=\"2015\">\n<li>m\u00e1jus 31-\u00e9n a Sarkadi Roma \u00d6nkorm\u00e1nyzat az \u201eEls\u0151 Roma Csal\u00e1di &#8211; Gyermek maj\u00e1lisa\u201d elnevez\u00e9s\u0171 napot szervezett, melynek helysz\u00edne a sarkadi, J\u00f3zsef Attila utcai J\u00e1tsz\u00f3t\u00e9r.<\/li>\n<\/ol>\n<p>A rendezv\u00e9nyre kil\u00e1togat\u00f3 gyermekek \u00e9s sz\u00fcleik sz\u00e1m\u00e1ra eg\u00e9szs\u00e9g\u00fcgyi sz\u0171r\u00e9seket biztos\u00edtottak a Sarkadi Eg\u00e9szs\u00e9gfejleszt\u00e9si Iroda munkat\u00e1rsai.<\/p>\n<p>A rendezv\u00e9ny ideje alatt 74 \u00e9rdekl\u0151d\u0151 vett r\u00e9szt a Sarkadi Eg\u00e9szs\u00e9gfejleszt\u00e9si Iroda ingyenes sz\u0171r\u0151vizsg\u00e1lat\u00e1n, \u00e1llapotfelm\u00e9r\u00e9s\u00e9n \u00e9s kock\u00e1zatbecsl\u00e9s\u00e9n:<\/p>\n<ul>\n<li>v\u00e9rnyom\u00e1sm\u00e9r\u00e9s<\/li>\n<li>pulzusm\u00e9r\u00e9s<\/li>\n<li>tests\u00faly<\/li>\n<li>testmagass\u00e1g m\u00e9r\u00e9s<\/li>\n<li>testt\u00f6megindex sz\u00e1m\u00edt\u00e1s (BMI sz\u00e1m\u00edt\u00e1s)<\/li>\n<li>testzs\u00edr m\u00e9r\u00e9s<\/li>\n<li>pulzoximeter<\/li>\n<\/ul>\n<p>&nbsp;<\/p>\n<p>Tov\u00e1bbi j\u00f3 eg\u00e9szs\u00e9get k\u00edv\u00e1nunk minden kedves Sarkadi Kist\u00e9rs\u00e9gi lakosnak!<\/p>\n<!-- index.php -->\n<div\n\tclass=\"ngg-galleryoverview ngg-ajax-pagination-none\"\n\tid=\"ngg-gallery-245503436aebbbbe54c54408fc3204ec-1\">\n\n    \t<div class=\"slideshowlink\">\n        <a href='http:\/\/szakrendelo-sarkad.hu\/efi\/2015\/06\/30\/elso-roma-csaladi-gyermek-majalis-2015-majus-31\/nggallery\/slideshow'>[Diavet\u00edt\u00e9s ind\u00edt\u00e1sa]<\/a>\n\t\t\n\t<\/div>\n\t\t\t<!-- Thumbnails -->\n\t\t\t\t<div id=\"ngg-image-0\" class=\"ngg-gallery-thumbnail-box\" >\n\t\t\t\t        <div class=\"ngg-gallery-thumbnail\">\n            <a href=\"http:\/\/szakrendelo-sarkad.hu\/efi\/wp-content\/gallery\/efiold\/ecsm_151120\/DSC_0001.JPG\"\n               title=\"\"\n               data-src=\"http:\/\/szakrendelo-sarkad.hu\/efi\/wp-content\/gallery\/efiold\/ecsm_151120\/DSC_0001.JPG\"\n               data-thumbnail=\"http:\/\/szakrendelo-sarkad.hu\/efi\/wp-content\/gallery\/efiold\/ecsm_151120\/thumbs\/thumbs_DSC_0001.JPG\"\n               data-image-id=\"606\"\n               data-title=\"DSC_0001.JPG\"\n               data-description=\"\"\n               data-image-slug=\"dsc_0001-jpg\"\n               class=\"ngg-fancybox\" rel=\"245503436aebbbbe54c54408fc3204ec\">\n                <img\n                    title=\"DSC_0001.JPG\"\n                    alt=\"DSC_0001.JPG\"\n                    src=\"http:\/\/szakrendelo-sarkad.hu\/efi\/wp-content\/gallery\/efiold\/ecsm_151120\/thumbs\/thumbs_DSC_0001.JPG\"\n                    width=\"100\"\n                    height=\"75\"\n                    style=\"max-width:100%;\"\n                \/>\n            <\/a>\n        <\/div>\n\t\t\t\t\t\t\t<\/div> \n\t\t\t\n        \n\t\t\t\t<div id=\"ngg-image-1\" class=\"ngg-gallery-thumbnail-box\" >\n\t\t\t\t        <div class=\"ngg-gallery-thumbnail\">\n            <a href=\"http:\/\/szakrendelo-sarkad.hu\/efi\/wp-content\/gallery\/efiold\/ecsm_151120\/DSC_0008.JPG\"\n               title=\"\"\n               data-src=\"http:\/\/szakrendelo-sarkad.hu\/efi\/wp-content\/gallery\/efiold\/ecsm_151120\/DSC_0008.JPG\"\n               data-thumbnail=\"http:\/\/szakrendelo-sarkad.hu\/efi\/wp-content\/gallery\/efiold\/ecsm_151120\/thumbs\/thumbs_DSC_0008.JPG\"\n               data-image-id=\"607\"\n               data-title=\"DSC_0008.JPG\"\n               data-description=\"\"\n               data-image-slug=\"dsc_0008-jpg\"\n               class=\"ngg-fancybox\" rel=\"245503436aebbbbe54c54408fc3204ec\">\n                <img\n                    title=\"DSC_0008.JPG\"\n                    alt=\"DSC_0008.JPG\"\n                    src=\"http:\/\/szakrendelo-sarkad.hu\/efi\/wp-content\/gallery\/efiold\/ecsm_151120\/thumbs\/thumbs_DSC_0008.JPG\"\n                    width=\"100\"\n                    height=\"75\"\n                    style=\"max-width:100%;\"\n                \/>\n            <\/a>\n        <\/div>\n\t\t\t\t\t\t\t<\/div> \n\t\t\t\n        \n\t\t\t\t<div id=\"ngg-image-2\" class=\"ngg-gallery-thumbnail-box\" >\n\t\t\t\t        <div class=\"ngg-gallery-thumbnail\">\n            <a href=\"http:\/\/szakrendelo-sarkad.hu\/efi\/wp-content\/gallery\/efiold\/ecsm_151120\/DSC_0041.JPG\"\n               title=\"\"\n               data-src=\"http:\/\/szakrendelo-sarkad.hu\/efi\/wp-content\/gallery\/efiold\/ecsm_151120\/DSC_0041.JPG\"\n               data-thumbnail=\"http:\/\/szakrendelo-sarkad.hu\/efi\/wp-content\/gallery\/efiold\/ecsm_151120\/thumbs\/thumbs_DSC_0041.JPG\"\n               data-image-id=\"608\"\n               data-title=\"DSC_0041.JPG\"\n               data-description=\"\"\n               data-image-slug=\"dsc_0041-jpg\"\n               class=\"ngg-fancybox\" rel=\"245503436aebbbbe54c54408fc3204ec\">\n                <img\n                    title=\"DSC_0041.JPG\"\n                    alt=\"DSC_0041.JPG\"\n                    src=\"http:\/\/szakrendelo-sarkad.hu\/efi\/wp-content\/gallery\/efiold\/ecsm_151120\/thumbs\/thumbs_DSC_0041.JPG\"\n                    width=\"100\"\n                    height=\"75\"\n                    style=\"max-width:100%;\"\n                \/>\n            <\/a>\n        <\/div>\n\t\t\t\t\t\t\t<\/div> \n\t\t\t\n        \n\t\t\t\t<div id=\"ngg-image-3\" class=\"ngg-gallery-thumbnail-box\" >\n\t\t\t\t        <div class=\"ngg-gallery-thumbnail\">\n            <a href=\"http:\/\/szakrendelo-sarkad.hu\/efi\/wp-content\/gallery\/efiold\/ecsm_151120\/DSC_0049.JPG\"\n               title=\"\"\n               data-src=\"http:\/\/szakrendelo-sarkad.hu\/efi\/wp-content\/gallery\/efiold\/ecsm_151120\/DSC_0049.JPG\"\n               data-thumbnail=\"http:\/\/szakrendelo-sarkad.hu\/efi\/wp-content\/gallery\/efiold\/ecsm_151120\/thumbs\/thumbs_DSC_0049.JPG\"\n               data-image-id=\"609\"\n               data-title=\"DSC_0049.JPG\"\n               data-description=\"\"\n               data-image-slug=\"dsc_0049-jpg\"\n               class=\"ngg-fancybox\" rel=\"245503436aebbbbe54c54408fc3204ec\">\n                <img\n                    title=\"DSC_0049.JPG\"\n                    alt=\"DSC_0049.JPG\"\n                    src=\"http:\/\/szakrendelo-sarkad.hu\/efi\/wp-content\/gallery\/efiold\/ecsm_151120\/thumbs\/thumbs_DSC_0049.JPG\"\n                    width=\"100\"\n                    height=\"75\"\n                    style=\"max-width:100%;\"\n                \/>\n            <\/a>\n        <\/div>\n\t\t\t\t\t\t\t<\/div> \n\t\t\t\n        \n\t\t\t\t<div id=\"ngg-image-4\" class=\"ngg-gallery-thumbnail-box\" >\n\t\t\t\t        <div class=\"ngg-gallery-thumbnail\">\n            <a href=\"http:\/\/szakrendelo-sarkad.hu\/efi\/wp-content\/gallery\/efiold\/ecsm_151120\/DSC_0075.JPG\"\n               title=\"\"\n               data-src=\"http:\/\/szakrendelo-sarkad.hu\/efi\/wp-content\/gallery\/efiold\/ecsm_151120\/DSC_0075.JPG\"\n               data-thumbnail=\"http:\/\/szakrendelo-sarkad.hu\/efi\/wp-content\/gallery\/efiold\/ecsm_151120\/thumbs\/thumbs_DSC_0075.JPG\"\n               data-image-id=\"610\"\n               data-title=\"DSC_0075.JPG\"\n               data-description=\"\"\n               data-image-slug=\"dsc_0075-jpg\"\n               class=\"ngg-fancybox\" rel=\"245503436aebbbbe54c54408fc3204ec\">\n                <img\n                    title=\"DSC_0075.JPG\"\n                    alt=\"DSC_0075.JPG\"\n                    src=\"http:\/\/szakrendelo-sarkad.hu\/efi\/wp-content\/gallery\/efiold\/ecsm_151120\/thumbs\/thumbs_DSC_0075.JPG\"\n                    width=\"100\"\n                    height=\"75\"\n                    style=\"max-width:100%;\"\n                \/>\n            <\/a>\n        <\/div>\n\t\t\t\t\t\t\t<\/div> \n\t\t\t\n        \n\t\t\n\t\t<!-- Pagination -->\n\t<div class='ngg-clear'><\/div>\t<\/div>\n\n","protected":false},"excerpt":{"rendered":"<div class=\"entry-summary\">\n<div class=\"entry-summary\">\nm\u00e1jus 31-\u00e9n a Sarkadi Roma \u00d6nkorm\u00e1nyzat az \u201eEls\u0151 Roma Csal\u00e1di &#8211; Gyermek maj\u00e1lisa\u201d elnevez\u00e9s\u0171 napot szervezett, melynek helysz\u00edne&hellip;\n<\/div>\n<div class=\"link-more\"><a href=\"http:\/\/szakrendelo-sarkad.hu\/efi\/2015\/06\/30\/elso-roma-csaladi-gyermek-majalis-2015-majus-31\/\" class=\"more-link\">Continue reading<span class=\"screen-reader-text\"> &ldquo;\u201eEls\u0151 Roma Csal\u00e1di \u2013 Gyermek maj\u00e1lis\u201d | 2015. M\u00e1jus 31.&rdquo;<\/span>&hellip;<\/a><\/div>\n<\/div>\n<div class=\"link-more\"><a href=\"http:\/\/szakrendelo-sarkad.hu\/efi\/2015\/06\/30\/elso-roma-csaladi-gyermek-majalis-2015-majus-31\/\" class=\"more-link\">Continue reading<span class=\"screen-reader-text\"> &ldquo;\u201eEls\u0151 Roma Csal\u00e1di \u2013 Gyermek maj\u00e1lis\u201d | 2015. M\u00e1jus 31.&rdquo;<\/span>&hellip;<\/a><\/div>\n","protected":false},"author":1,"featured_media":0,"comment_status":"closed","ping_status":"closed","sticky":false,"template":"","format":"standard","meta":{"ngg_post_thumbnail":0,"footnotes":""},"categories":[1],"tags":[],"class_list":["post-1223","post","type-post","status-publish","format-standard","hentry","category-egyeb","entry"],"_links":{"self":[{"href":"http:\/\/szakrendelo-sarkad.hu\/efi\/wp-json\/wp\/v2\/posts\/1223","targetHints":{"allow":["GET"]}}],"collection":[{"href":"http:\/\/szakrendelo-sarkad.hu\/efi\/wp-json\/wp\/v2\/posts"}],"about":[{"href":"http:\/\/szakrendelo-sarkad.hu\/efi\/wp-json\/wp\/v2\/types\/post"}],"author":[{"embeddable":true,"href":"http:\/\/szakrendelo-sarkad.hu\/efi\/wp-json\/wp\/v2\/users\/1"}],"replies":[{"embeddable":true,"href":"http:\/\/szakrendelo-sarkad.hu\/efi\/wp-json\/wp\/v2\/comments?post=1223"}],"version-history":[{"count":0,"href":"http:\/\/szakrendelo-sarkad.hu\/efi\/wp-json\/wp\/v2\/posts\/1223\/revisions"}],"wp:attachment":[{"href":"http:\/\/szakrendelo-sarkad.hu\/efi\/wp-json\/wp\/v2\/media?parent=1223"}],"wp:term":[{"taxonomy":"category","embeddable":true,"href":"http:\/\/szakrendelo-sarkad.hu\/efi\/wp-json\/wp\/v2\/categories?post=1223"},{"taxonomy":"post_tag","embeddable":true,"href":"http:\/\/szakrendelo-sarkad.hu\/efi\/wp-json\/wp\/v2\/tags?post=1223"}],"curies":[{"name":"wp","href":"https:\/\/api.w.org\/{rel}","templated":true}]}}