{"id":1308,"date":"2015-12-16T09:40:23","date_gmt":"2015-12-16T09:40:23","guid":{"rendered":"http:\/\/efi.szakrendelo-sarkad.hu\/?p=1308"},"modified":"2015-12-16T09:40:23","modified_gmt":"2015-12-16T09:40:23","slug":"1308","status":"publish","type":"post","link":"http:\/\/szakrendelo-sarkad.hu\/efi\/2015\/12\/16\/1308\/","title":{"rendered":""},"content":{"rendered":"<p><img loading=\"lazy\" decoding=\"async\" class=\"aligncenter size-full wp-image-1309\" src=\"http:\/\/kjcuj.fazekas.wdsite.hu\/efi\/wp-content\/uploads\/sites\/2\/2015\/12\/karacsony_1.jpg\" alt=\"\" width=\"500\" height=\"400\" srcset=\"http:\/\/szakrendelo-sarkad.hu\/efi\/wp-content\/uploads\/sites\/2\/2015\/12\/karacsony_1.jpg 500w, http:\/\/szakrendelo-sarkad.hu\/efi\/wp-content\/uploads\/sites\/2\/2015\/12\/karacsony_1-300x240.jpg 300w\" sizes=\"auto, (max-width: 500px) 100vw, 500px\" \/><\/p>\n<p>El\u00e9rkezett az \u00e9v legszebb \u00fcnnepe. Minden csal\u00e1dban vannak hagyom\u00e1nyok, amit a nagymama \u00e9s az \u00e9desanya tervez az \u00fcnnepi asztalra, s miut\u00e1n elk\u00e9sz\u00edtette, \u00f6r\u00f6mmel telt sz\u00edvvel \u00a0n\u00e9zi v\u00e9gig, ahogyan szerettei j\u00f3 \u00e9tv\u00e1ggyal elfogyasztj\u00e1k azokat. Rendszerint sz\u00e1rnyasb\u00f3l k\u00e9sz\u00fclt h\u00fasleves, hal\u00e1szl\u00e9 vagy cs\u00e9sz\u00e9be t\u00e1lalt borleves az \u00fcnnepi men\u00fc els\u0151 fog\u00e1sa. Vid\u00e9k\u00fcnk\u00f6n a legt\u00f6bb h\u00e1zn\u00e1l t\u00f6lt\u00f6tt k\u00e1poszta, torosk\u00e1poszta egy\u00e9b k\u00e1poszt\u00e1s \u00e9tel, \u00a0esetleg hurka- kolb\u00e1sz p\u00e1rolt lila k\u00e1poszt\u00e1val a m\u00e1sodik fog\u00e1s. \u00a0A s\u00fclt halhoz burgonya p\u00fcr\u00e9, vagy s\u00fclt burgonya vegyes z\u00f6lds\u00e9ggel sal\u00e1t\u00e1nak k\u00e9sz\u00edtve. Lehet az asztalon s\u00fclt sz\u00e1rnyas, vagy sert\u00e9sh\u00fas grillezett form\u00e1ban, \u00e9s hozz\u00e1 burgonyasal\u00e1ta vagy hord\u00f3s k\u00e1poszta k\u00f6retnek. Nem maradhat el a finom foszl\u00f3s kal\u00e1cs, a m\u00e1kos, di\u00f3s bejgli, a desszertes t\u00e1ny\u00e9rr\u00f3l. A m\u00e9zes t\u00e9szt\u00e1k kiszaggatott form\u00e1ja felakasztva a feny\u0151f\u00e1n d\u00edszeleg, a gyermekek legnagyobb \u00f6r\u00f6m\u00e9re. \u00d6nz\u0151 m\u00f3don azt szeretn\u00e9nk, hogy ez az \u00f6r\u00f6m megmaradjon.<\/p>\n<p>Itt h\u00edvjuk fel olvas\u00f3ink figyelm\u00e9t az \u00fcnnepek alatti m\u00e9rt\u00e9kletes ev\u00e9sre, iv\u00e1sra, s nem utols\u00f3 sorban az \u00f3vatos k\u00f6zleked\u00e9sre. Sokan szilveszterkor fogadkoznak, \u00e1lmokat, terveket sz\u00f6v\u00f6getnek. Nem szabad azonban szem el\u0151l t\u00e9veszteni, hogy a megval\u00f3sul\u00e1s \u00e9rdek\u00e9ben n\u00e9lk\u00fcl\u00f6zhetetlen az elk\u00f6telez\u0151d\u00e9s, hiszen minden terv annyit \u00e9r, amennyi megval\u00f3sul bel\u0151le. Gondolat \u00e9breszt\u0151\u00fcl szeretettel aj\u00e1nljuk figyelm\u00fckbe a k\u00f6vetkez\u0151 kis tanmes\u00e9t:<\/p>\n<p><strong>A n\u00e9gy gyertya t\u00f6rt\u00e9nete<\/strong><\/p>\n<p><strong>\u00a0<\/strong><\/p>\n<p>N\u00e9gy gyertya \u00e9gett az Adventi koszor\u00fan.<\/p>\n<p>Olyan csend volt, hogy hallani lehetett, ahogy a gyerty\u00e1k besz\u00e9ltek.<\/p>\n<p>Az els\u0151 megpislant egyet \u00e9s megsz\u00f3lalt: a nevem<strong> B\u00e9ke<\/strong><\/p>\n<p>Az \u00e9n l\u00e1ngom vil\u00e1g\u00edt, de az emberek nem tartj\u00e1k be a b\u00e9k\u00e9t,<\/p>\n<p>A l\u00e1ngja pisl\u00e1kolni kezdett, s v\u00e9g\u00fcl kialudt\u2026.<\/p>\n<p>A m\u00e1sodik is r\u00e1kezdte: a nevem<strong> Hit<\/strong><\/p>\n<p>Az emberek nem akarnak tudom\u00e1st szerezni semmir\u0151l,<\/p>\n<p>\u00fagyhogy hi\u00e1ba vil\u00e1g\u00edtok \u00e9n is.<\/p>\n<p>Huzat t\u00e1madt \u00e9s a gyertya kialudt.<\/p>\n<p>A harmadik gyertya is szomor\u00faan \u00e9s halkan r\u00e1kezdte:<\/p>\n<p>Az \u00e9n nevem a <strong>Szeretet<\/strong>,<\/p>\n<p>M\u00e1r nincs \u00e9rtelme, hogy vil\u00e1g\u00edtsak, az emberek f\u00e9lretoltak \u00e9s elfelejtettek.<\/p>\n<p>Majd a l\u00e1ngja sisteregve kialudt.<\/p>\n<p>Majd egy kisfi\u00fa n\u00e9zett be a szob\u00e1ba.<\/p>\n<p>R\u00e1n\u00e9zett a gyerty\u00e1kra \u00e9s \u00edgy ki\u00e1ltott:<\/p>\n<p>&nbsp;<\/p>\n<p>\u201e <strong>Nektek \u00e9gni kell!<\/strong>\u201d<\/p>\n<p>&nbsp;<\/p>\n<p>\u00c9s majdnem s\u00edrva fakadt,<\/p>\n<p>\u00c9s ebben a pillanatban megsz\u00f3lalt a negyedik gyertya is,<\/p>\n<p>Ne f\u00e9lj! Ameddig \u00e9n \u00e9gek, addig mindig van rem\u00e9ny is,<\/p>\n<p>\u201eA nevem <strong>Rem\u00e9ny<\/strong>\u201d<img loading=\"lazy\" decoding=\"async\" class=\"alignright size-full wp-image-1310\" src=\"http:\/\/kjcuj.fazekas.wdsite.hu\/efi\/wp-content\/uploads\/sites\/2\/2015\/12\/gyertyak.jpg\" alt=\"gyertyak\" width=\"292\" height=\"189\" \/><\/p>\n<p>\u00c9s a kisfi\u00fa meggy\u00fajtotta vele a h\u00e1rom kialudt gyerty\u00e1t<\/p>\n<p>A rem\u00e9ny l\u00e1ngj\u00e1nak soha nem szabad kialudnia,<\/p>\n<p>&#8230;\u00e9s \u00edgy a n\u00e9gy l\u00e1ngot: <strong>B\u00e9k\u00e9\u00e9t, Hit\u00e9t, Szeretet\u00e9t, a Rem\u00e9ny\u00e9t<\/strong><\/p>\n<p>\u0151rizni kell mind\u00f6r\u00f6kre\u2026..<\/p>\n<p>&nbsp;<\/p>\n<p>Amennyiben terveik k\u00f6z\u00e9ppontj\u00e1ban eg\u00e9szs\u00e9gi \u00e1llapotuk helyre\u00e1ll\u00edt\u00e1sa, illet\u0151leg meg\u0151rz\u00e9se \u00e1ll, vagy \u00e9letm\u00f3d v\u00e1lt\u00e1sra sz\u00e1nt\u00e1k el magukat, biztosan sz\u00e1m\u00edthatnak a mi seg\u00edts\u00e9g\u00fcnkre.<\/p>\n<p>Ehhez k\u00edv\u00e1nunk b\u00e9k\u00e9s, szeretetben elt\u00f6lt\u00f6tt Kar\u00e1csonyi \u00dcnnepeket, eg\u00e9szs\u00e9gben \u00e9s sikerekben gazdag Boldog \u00daj \u00c9vet!<\/p>\n<p>&nbsp;<\/p>\n<p style=\"text-align: right\">Eg\u00e9szs\u00e9gfejleszt\u00e9si Iroda dogoz\u00f3i<\/p>\n","protected":false},"excerpt":{"rendered":"<div class=\"entry-summary\">\n<div class=\"entry-summary\">\nEl\u00e9rkezett az \u00e9v legszebb \u00fcnnepe. Minden csal\u00e1dban vannak hagyom\u00e1nyok, amit a nagymama \u00e9s az \u00e9desanya tervez az \u00fcnnepi&hellip;\n<\/div>\n<div class=\"link-more\"><a href=\"http:\/\/szakrendelo-sarkad.hu\/efi\/2015\/12\/16\/1308\/\" class=\"more-link\">Continue reading&hellip;<\/a><\/div>\n<\/div>\n<div class=\"link-more\"><a href=\"http:\/\/szakrendelo-sarkad.hu\/efi\/2015\/12\/16\/1308\/\" class=\"more-link\">Continue reading&hellip;<\/a><\/div>\n","protected":false},"author":1,"featured_media":0,"comment_status":"closed","ping_status":"closed","sticky":false,"template":"","format":"standard","meta":{"ngg_post_thumbnail":0,"footnotes":""},"categories":[1],"tags":[],"class_list":["post-1308","post","type-post","status-publish","format-standard","hentry","category-egyeb","entry"],"_links":{"self":[{"href":"http:\/\/szakrendelo-sarkad.hu\/efi\/wp-json\/wp\/v2\/posts\/1308","targetHints":{"allow":["GET"]}}],"collection":[{"href":"http:\/\/szakrendelo-sarkad.hu\/efi\/wp-json\/wp\/v2\/posts"}],"about":[{"href":"http:\/\/szakrendelo-sarkad.hu\/efi\/wp-json\/wp\/v2\/types\/post"}],"author":[{"embeddable":true,"href":"http:\/\/szakrendelo-sarkad.hu\/efi\/wp-json\/wp\/v2\/users\/1"}],"replies":[{"embeddable":true,"href":"http:\/\/szakrendelo-sarkad.hu\/efi\/wp-json\/wp\/v2\/comments?post=1308"}],"version-history":[{"count":0,"href":"http:\/\/szakrendelo-sarkad.hu\/efi\/wp-json\/wp\/v2\/posts\/1308\/revisions"}],"wp:attachment":[{"href":"http:\/\/szakrendelo-sarkad.hu\/efi\/wp-json\/wp\/v2\/media?parent=1308"}],"wp:term":[{"taxonomy":"category","embeddable":true,"href":"http:\/\/szakrendelo-sarkad.hu\/efi\/wp-json\/wp\/v2\/categories?post=1308"},{"taxonomy":"post_tag","embeddable":true,"href":"http:\/\/szakrendelo-sarkad.hu\/efi\/wp-json\/wp\/v2\/tags?post=1308"}],"curies":[{"name":"wp","href":"https:\/\/api.w.org\/{rel}","templated":true}]}}