{"id":1316,"date":"2015-12-16T09:35:34","date_gmt":"2015-12-16T09:35:34","guid":{"rendered":"http:\/\/efi.szakrendelo-sarkad.hu\/?p=1316"},"modified":"2015-12-16T09:35:34","modified_gmt":"2015-12-16T09:35:34","slug":"unnepi-gondolatok-mentalhigene","status":"publish","type":"post","link":"http:\/\/szakrendelo-sarkad.hu\/efi\/2015\/12\/16\/unnepi-gondolatok-mentalhigene\/","title":{"rendered":"\u00dcnnepi gondolatok | Ment\u00e1lhig\u00e9n\u00e9"},"content":{"rendered":"<p><strong>Kedves L\u00e1togat\u00f3!\u00a0<img loading=\"lazy\" decoding=\"async\" class=\"alignright size-full wp-image-1317\" src=\"http:\/\/kjcuj.fazekas.wdsite.hu\/efi\/wp-content\/uploads\/sites\/2\/2015\/12\/mental_1.jpg\" alt=\"\" width=\"258\" height=\"195\" \/><\/strong><\/p>\n<p>&nbsp;<\/p>\n<p>&nbsp;<\/p>\n<p>Szeretettel \u00fcdv\u00f6zl\u00f6m a sarkadi Eg\u00e9szs\u00e9gfejleszt\u00e9si iroda honlapj\u00e1nak ment\u00e1lhigi\u00e9n\u00e9s oldal\u00e1n.<\/p>\n<p>Mai \u00edr\u00e1som aktualit\u00e1s\u00e1t az adja, hogy k\u00f6zeledik a Kar\u00e1csony. J\u00e9zus Krisztus sz\u00fclet\u00e9snapja a kereszt\u00e9nys\u00e9g egyik legszebb, legnagyobb \u00fcnnepe. A Szent Biblia 2000 \u00e9v \u00f3ta az eg\u00e9sz vil\u00e1gon elterjedve az emberek lelki kincs\u00e9v\u00e9, gondolat\u00e1v\u00e1, tudat\u00e1v\u00e1 tette Isten fia, a kis J\u00e9zus elj\u00f6vetel\u00e9nek val\u00f3s\u00e1g\u00e1t. J\u00e9zus f\u00f6ldre j\u00f6vetele \u00e9s isteni tan\u00edt\u00e1sa t\u00f6rt\u00e9nelmi t\u00e9ny, bet\u00f6lti az egym\u00e1st k\u00f6vet\u0151 emberi t\u00e1rsadalmak, az id\u0151s emberek, ap\u00e1k, ifjak \u00e9s gyermekek tudatvil\u00e1g\u00e1t.<\/p>\n<p>Kar\u00e1csony azonban nemcsak egyh\u00e1zi \u00fcnnep, hanem a csal\u00e1d \u00e9s legf\u0151k\u00e9ppen a szeretet \u00fcnnepe is. A szeretet\u00e9, amely \u0151sid\u0151k \u00f3ta l\u00e9tez\u0151, \u00f6r\u00f6k\u00e9rv\u00e9ny\u0171 fogalom, s amely v\u00e9gigk\u00eds\u00e9ri \u00e9let\u00fcnket a b\u00f6lcs\u0151t\u0151l a kopors\u00f3ig. Amikor megsz\u00fclet\u00fcnk, ide\u00e1lis esetben a sz\u00e1munkra legk\u00f6zelebb \u00e1ll\u00f3 szem\u00e9ly, \u00e9desany\u00e1nk felt\u00e9tlen szeretet\u00e9t \u00e9lvezhetj\u00fck. A kisbaba lelassul a fejl\u0151d\u00e9sben, megbetegszik \u00e9s bele is halhat a szeretet hi\u00e1ny\u00e1ba, \u00e1m k\u00e9s\u0151bb, feln\u0151ttk\u00e9nt sokan k\u00e9nytelenek &#8221; r\u00e1tanulni&#8221; a hossz\u00fa t\u00e1von fenn\u00e1ll\u00f3 szeretethi\u00e1ny kezel\u00e9s\u00e9re is.<\/p>\n<p>K\u00f6z\u00f6mb\u00f6s, rideg, szeretetlen vil\u00e1gunkban az embereket t\u00f6bbnyire nem, vagy csak ritk\u00e1n \u00e9rinti meg igaz\u00e1n a m\u00e1sik ember f\u00e1jdalma, szenved\u00e9se. Munk\u00e1m sor\u00e1n gyakran tapasztalom, hogy mindenki el van foglalva a maga probl\u00e9m\u00e1j\u00e1val, sokszor \u00e9szre sem veszi, mennyire \u00e1h\u00edtozna a m\u00e1sik arra, hogy meg\u00e9rt\u0151en, t\u00fcrelmesen v\u00e9gighallgass\u00e1k.<\/p>\n<p>Sokan \u00e9lnek elszigetelten embert\u00e1rsaikt\u00f3l, vannak akik ebbe az \u00f6nk\u00e9nt v\u00e1llalt b\u00f6rt\u00f6nbe k\u00e9nyszer\u00edtik mag\u00e1nyos lelk\u00fcket.<\/p>\n<p>M\u00e1sok v\u00e9g\u00e9rv\u00e9nyesen \u00e9s visszaford\u00edthatatlanul elvesz\u00edtett\u00e9k azokat, akik a legt\u00f6bbet jelentett\u00e9k sz\u00e1mukra \u00e9s soha t\u00f6bb\u00e9 nem \u00f6lelhetik m\u00e1r \u00e1t \u0151ket, nem hallhatj\u00e1k hangjukat, nem \u00e9rezhetik k\u00f6zels\u00e9g\u00fcket.<\/p>\n<p>Vannak olyanok, akik k\u00e9ptelenek a megbocs\u00e1t\u00e1sra, s tal\u00e1n nem is tudj\u00e1k, vagy nem akarj\u00e1k bevallani, hogy keser\u0171s\u00e9g\u00fcknek, mag\u00e1nyuknak k\u00f6ze lehet feloldhatatlan konfliktusaikhoz. Pedig mi emberek valamennyien v\u00e1gyunk a szeretetre, akkor is, ha sokan m\u00e1r \u00e1lmodni sem mernek r\u00f3la.<\/p>\n<p>\u00c9n azt k\u00edv\u00e1nom, hogy valamennyien tal\u00e1lj\u00e1k meg a lelki b\u00e9k\u00e9t \u00e9s merjenek \u00e1lmodni. Merj\u00e9k megfogalmazni legtitkosabb v\u00e1gyaikat, s mik\u00f6zben rem\u00e9nyteli sz\u00edvvel, csod\u00e1t v\u00e1rva tekintenek a k\u00f6zelg\u0151 \u00fcnnepnapok el\u00e9, gondoljanak azokra is, akik id\u0151sek, betegek, elesettek, kiszolg\u00e1ltatottak \u00e9s mag\u00e1nyosak. Nyiss\u00e1k meg sz\u00edv\u00fck kapuj\u00e1t embert\u00e1rsaik ir\u00e1ny\u00e1ba, s akkor tal\u00e1n val\u00f3s\u00e1gg\u00e1 v\u00e1lik \u00e9s elj\u00f6n az a csoda, amir\u0151l eddig \u00e1lmodni sem mertek:<\/p>\n<p>&nbsp;<\/p>\n<p>&#8221; Szeretn\u00e9k angyalk\u00e9nt az<\/p>\n<p>emberek lelk\u00e9be l\u00e1tni,<\/p>\n<p>egy pillanatra meg\u00e9rinteni \u0151ket,<\/p>\n<p>s m\u00e9lyen a sz\u00edv\u00fckbe \u00e1sni.<\/p>\n<p>Meg\u0151rizni mosolyukat,<\/p>\n<p>s cser\u00e9be az eny\u00e9met adni,<\/p>\n<p>\u00e1t\u00e9lni minden \u00e9lm\u00e9ny\u00fcket,<\/p>\n<p>s \u0151ket nem szenvedni hagyni.<\/p>\n<p>\u00c1t\u00f6lelni \u0151ket, ha \u00e9ppen<\/p>\n<p>egyed\u00fcl vannak,<\/p>\n<p>s \u00f6r\u00fclni, amikor csak lehet,<\/p>\n<p>hiszen ez a legt\u00f6bb,<\/p>\n<p>amit egy angyal megtehet.<\/p>\n<p>Van egy hely, ahol csod\u00e1k v\u00e1rnak,<\/p>\n<p>\u00e9s mindenki, akit szeretsz,<\/p>\n<p>ott van Veled.<\/p>\n<p>Mit vel\u00fck t\u00f6ltesz, az a p\u00e1r nap<\/p>\n<p>Csod\u00e1kr\u00f3l mes\u00e9l Neked&#8230;<\/p>\n<p>\u00c9n r\u00e9szese voltam nem egynek.<\/p>\n<p>\u00c9rezted m\u00e1r, hogy b\u00e1rcsak<\/p>\n<p>ez a pillanat \u00f6r\u00f6kk\u00e9 tartana?!<\/p>\n<p>Ha igen, akkor Veled is<\/p>\n<p>megt\u00f6rt\u00e9nt m\u00e1r a Csoda.<\/p>\n<p>Amikor mosolyod kinyitja a szeretet vir\u00e1g\u00e1t<\/p>\n<p>\u00e9s ebben a vir\u00e1gban minden szint megl\u00e1thatsz.<\/p>\n<p>Minden szirmon \u00fcl valaki, akit v\u00e1rt\u00e1l,<\/p>\n<p>&nbsp;<\/p>\n<p>\u00e9s mostm\u00e1r ott marad Veled,<\/p>\n<p>nem hagy \u00e1rv\u00e1n.<\/p>\n<p>Az \u00f6nzetlen szeretet csodasz\u00e1mba megy a vil\u00e1gon,<\/p>\n<p>tudod, az az \u00e9rz\u00e9s, amely melegs\u00e9get ad<\/p>\n<p>b\u00e1rmi \u00e1ron.<\/p>\n<p>Azt gondolod, tal\u00e1n nem is l\u00e9tezik&#8230;<\/p>\n<p>Pedig megtal\u00e1lhatod, mert Benned is ott lakozik.&#8221;<\/p>\n<p>&nbsp;<\/p>\n<p>Ezekkel a gondolatokkal k\u00edv\u00e1nok szeretetteljes, \u00e1ldott Kar\u00e1csonyt mindenkinek:<\/p>\n<p>&nbsp;<\/p>\n<p>Fej\u00e9rv\u00e1ry Katalin<\/p>\n<p>ment\u00e1lhigi\u00e9nikus<\/p>\n<p>&nbsp;<\/p>\n<p>&nbsp;<\/p>\n<p>&nbsp;<\/p>\n<p>&nbsp;<\/p>\n<p>&nbsp;<\/p>\n<p>&nbsp;<\/p>\n<p>&nbsp;<\/p>\n","protected":false},"excerpt":{"rendered":"<div class=\"entry-summary\">\n<div class=\"entry-summary\">\nKedves L\u00e1togat\u00f3!\u00a0 &nbsp; &nbsp; Szeretettel \u00fcdv\u00f6zl\u00f6m a sarkadi Eg\u00e9szs\u00e9gfejleszt\u00e9si iroda honlapj\u00e1nak ment\u00e1lhigi\u00e9n\u00e9s oldal\u00e1n. Mai \u00edr\u00e1som aktualit\u00e1s\u00e1t az adja,&hellip;\n<\/div>\n<div class=\"link-more\"><a href=\"http:\/\/szakrendelo-sarkad.hu\/efi\/2015\/12\/16\/unnepi-gondolatok-mentalhigene\/\" class=\"more-link\">Continue reading<span class=\"screen-reader-text\"> &ldquo;\u00dcnnepi gondolatok | Ment\u00e1lhig\u00e9n\u00e9&rdquo;<\/span>&hellip;<\/a><\/div>\n<\/div>\n<div class=\"link-more\"><a href=\"http:\/\/szakrendelo-sarkad.hu\/efi\/2015\/12\/16\/unnepi-gondolatok-mentalhigene\/\" class=\"more-link\">Continue reading<span class=\"screen-reader-text\"> &ldquo;\u00dcnnepi gondolatok | Ment\u00e1lhig\u00e9n\u00e9&rdquo;<\/span>&hellip;<\/a><\/div>\n","protected":false},"author":1,"featured_media":0,"comment_status":"closed","ping_status":"closed","sticky":false,"template":"","format":"standard","meta":{"ngg_post_thumbnail":0,"footnotes":""},"categories":[1],"tags":[],"class_list":["post-1316","post","type-post","status-publish","format-standard","hentry","category-egyeb","entry"],"_links":{"self":[{"href":"http:\/\/szakrendelo-sarkad.hu\/efi\/wp-json\/wp\/v2\/posts\/1316","targetHints":{"allow":["GET"]}}],"collection":[{"href":"http:\/\/szakrendelo-sarkad.hu\/efi\/wp-json\/wp\/v2\/posts"}],"about":[{"href":"http:\/\/szakrendelo-sarkad.hu\/efi\/wp-json\/wp\/v2\/types\/post"}],"author":[{"embeddable":true,"href":"http:\/\/szakrendelo-sarkad.hu\/efi\/wp-json\/wp\/v2\/users\/1"}],"replies":[{"embeddable":true,"href":"http:\/\/szakrendelo-sarkad.hu\/efi\/wp-json\/wp\/v2\/comments?post=1316"}],"version-history":[{"count":0,"href":"http:\/\/szakrendelo-sarkad.hu\/efi\/wp-json\/wp\/v2\/posts\/1316\/revisions"}],"wp:attachment":[{"href":"http:\/\/szakrendelo-sarkad.hu\/efi\/wp-json\/wp\/v2\/media?parent=1316"}],"wp:term":[{"taxonomy":"category","embeddable":true,"href":"http:\/\/szakrendelo-sarkad.hu\/efi\/wp-json\/wp\/v2\/categories?post=1316"},{"taxonomy":"post_tag","embeddable":true,"href":"http:\/\/szakrendelo-sarkad.hu\/efi\/wp-json\/wp\/v2\/tags?post=1316"}],"curies":[{"name":"wp","href":"https:\/\/api.w.org\/{rel}","templated":true}]}}