{"id":1350,"date":"2016-02-05T18:52:46","date_gmt":"2016-02-05T18:52:46","guid":{"rendered":"http:\/\/efi.szakrendelo-sarkad.hu\/?p=1350"},"modified":"2016-02-05T18:52:46","modified_gmt":"2016-02-05T18:52:46","slug":"drogprevencios-eloadas-fiataloknak-2016-januar-25","status":"publish","type":"post","link":"http:\/\/szakrendelo-sarkad.hu\/efi\/2016\/02\/05\/drogprevencios-eloadas-fiataloknak-2016-januar-25\/","title":{"rendered":"Drogprevenci\u00f3s el\u0151ad\u00e1s fiataloknak | 2016. Janu\u00e1r 25."},"content":{"rendered":"<p><span style=\"font-size: 12.0pt;line-height: 150%;font-family: 'Times New Roman',serif\"><span style=\"color: #000000\">A Sarkadi Eg\u00e9szs\u00e9gfejleszt\u00e9si Iroda \u00e1ltal elind\u00edtott Drogprevenci\u00f3s el\u0151ad\u00e1s fiatalok sz\u00e1m\u00e1ra folytat\u00f3dott a Geszti Arany J\u00e1nos \u00c1ltal\u00e1nos Iskol\u00e1ban. A t\u00e1j\u00e9koztat\u00f3ra Brandtn\u00e9 Czirj\u00e1k \u00c9va igazgat\u00f3 asszony beleegyez\u00e9s\u00e9vel \u00e9s t\u00e1mogat\u00e1s\u00e1val ker\u00fclt sor 2016. janu\u00e1r 25-\u00e9n 10.00 \u00f3rai kezdettel a helyi M\u0171vel\u0151d\u00e9si H\u00e1zban. A Drogprevenci\u00f3s t\u00e1j\u00e9koztat\u00f3 el\u0151ad\u00f3ja K\u00f3nya J\u00e1nos Sarkadi Rend\u0151rkapit\u00e1nys\u00e1g r. alezredese volt. Az alezredes \u00far k\u00f6zvetlen hangon mutatta be \u00e9s h\u00edvta fel a fiatalok figyelm\u00e9t a r\u00e1juk leselked\u0151 \u00e9s mindennapi \u00e9let\u00fcnkben jelen l\u00e9v\u0151 probl\u00e9m\u00e1kra. <\/span><\/span><\/p>\n<p><span style=\"font-size: 12.0pt;line-height: 150%;font-family: 'Times New Roman',serif\"><span style=\"color: #000000\">Alezredes \u00far elmondta: K\u00e1b\u00edt\u00f3szer fogyaszt\u00f3 vagy terjeszt\u0151 mindig volt \u00e9s mindig lesz. \u00a0Ma a 18 \u00e9ven fel\u00fcliek 50 sz\u00e1zal\u00e9ka kipr\u00f3b\u00e1ln\u00e1, vagy m\u00e1r ki is pr\u00f3b\u00e1lta a k\u00e1b\u00edt\u00f3szert.<\/span><\/span><\/p>\n<p><span style=\"font-size: 12.0pt;line-height: 150%;font-family: 'Times New Roman',serif\"><span style=\"color: #000000\">A besz\u00e9lget\u00e9s sor\u00e1n itt is t\u00f6bbsz\u00f6r hangs\u00falyozta, hogy senkit nem k\u00edv\u00e1n lebesz\u00e9lni a szerhaszn\u00e1latr\u00f3l, csup\u00e1n arra \u00f6szt\u00f6n\u00f6z, hogy a helyes \u00e9rt\u00e9krend, a p\u00e9ldak\u00e9pr\u0151l, a j\u00f6v\u0151r\u0151l alkotott ide\u00e1lis k\u00e9pet \u00fagy alak\u00edts\u00e1k ki, hogy mindig tudjanak helyesen d\u00f6nteni. Bizonyos helyzetekben tudjanak nemet mondani.<\/span><\/span><\/p>\n<p><span style=\"font-size: 12.0pt;line-height: 150%;font-family: 'Times New Roman',serif\"><span style=\"color: #000000\">B\u00edzunk benne, hogy a jelen l\u00e9v\u0151 k\u00f6zel 30 fiatal sz\u00e1m\u00e1ra elgondolkodtat\u00f3 inform\u00e1ci\u00f3t adott a d\u00e9lel\u0151tti program.<\/span><\/span><\/p>\n<p><img loading=\"lazy\" decoding=\"async\" class=\"aligncenter size-full wp-image-1352\" src=\"http:\/\/kjcuj.fazekas.wdsite.hu\/efi\/wp-content\/uploads\/sites\/2\/2016\/02\/111.jpg\" alt=\"111\" width=\"500\" height=\"375\" srcset=\"http:\/\/szakrendelo-sarkad.hu\/efi\/wp-content\/uploads\/sites\/2\/2016\/02\/111.jpg 500w, http:\/\/szakrendelo-sarkad.hu\/efi\/wp-content\/uploads\/sites\/2\/2016\/02\/111-300x225.jpg 300w\" sizes=\"auto, (max-width: 500px) 100vw, 500px\" \/><\/p>\n","protected":false},"excerpt":{"rendered":"<div class=\"entry-summary\">\n<div class=\"entry-summary\">\nA Sarkadi Eg\u00e9szs\u00e9gfejleszt\u00e9si Iroda \u00e1ltal elind\u00edtott Drogprevenci\u00f3s el\u0151ad\u00e1s fiatalok sz\u00e1m\u00e1ra folytat\u00f3dott a Geszti Arany J\u00e1nos \u00c1ltal\u00e1nos Iskol\u00e1ban. A&hellip;\n<\/div>\n<div class=\"link-more\"><a href=\"http:\/\/szakrendelo-sarkad.hu\/efi\/2016\/02\/05\/drogprevencios-eloadas-fiataloknak-2016-januar-25\/\" class=\"more-link\">Continue reading<span class=\"screen-reader-text\"> &ldquo;Drogprevenci\u00f3s el\u0151ad\u00e1s fiataloknak | 2016. Janu\u00e1r 25.&rdquo;<\/span>&hellip;<\/a><\/div>\n<\/div>\n<div class=\"link-more\"><a href=\"http:\/\/szakrendelo-sarkad.hu\/efi\/2016\/02\/05\/drogprevencios-eloadas-fiataloknak-2016-januar-25\/\" class=\"more-link\">Continue reading<span class=\"screen-reader-text\"> &ldquo;Drogprevenci\u00f3s el\u0151ad\u00e1s fiataloknak | 2016. Janu\u00e1r 25.&rdquo;<\/span>&hellip;<\/a><\/div>\n","protected":false},"author":1,"featured_media":0,"comment_status":"closed","ping_status":"closed","sticky":false,"template":"","format":"standard","meta":{"ngg_post_thumbnail":0,"footnotes":""},"categories":[1],"tags":[],"class_list":["post-1350","post","type-post","status-publish","format-standard","hentry","category-egyeb","entry"],"_links":{"self":[{"href":"http:\/\/szakrendelo-sarkad.hu\/efi\/wp-json\/wp\/v2\/posts\/1350","targetHints":{"allow":["GET"]}}],"collection":[{"href":"http:\/\/szakrendelo-sarkad.hu\/efi\/wp-json\/wp\/v2\/posts"}],"about":[{"href":"http:\/\/szakrendelo-sarkad.hu\/efi\/wp-json\/wp\/v2\/types\/post"}],"author":[{"embeddable":true,"href":"http:\/\/szakrendelo-sarkad.hu\/efi\/wp-json\/wp\/v2\/users\/1"}],"replies":[{"embeddable":true,"href":"http:\/\/szakrendelo-sarkad.hu\/efi\/wp-json\/wp\/v2\/comments?post=1350"}],"version-history":[{"count":0,"href":"http:\/\/szakrendelo-sarkad.hu\/efi\/wp-json\/wp\/v2\/posts\/1350\/revisions"}],"wp:attachment":[{"href":"http:\/\/szakrendelo-sarkad.hu\/efi\/wp-json\/wp\/v2\/media?parent=1350"}],"wp:term":[{"taxonomy":"category","embeddable":true,"href":"http:\/\/szakrendelo-sarkad.hu\/efi\/wp-json\/wp\/v2\/categories?post=1350"},{"taxonomy":"post_tag","embeddable":true,"href":"http:\/\/szakrendelo-sarkad.hu\/efi\/wp-json\/wp\/v2\/tags?post=1350"}],"curies":[{"name":"wp","href":"https:\/\/api.w.org\/{rel}","templated":true}]}}