{"id":1374,"date":"2016-03-16T15:11:32","date_gmt":"2016-03-16T15:11:32","guid":{"rendered":"http:\/\/efi.szakrendelo-sarkad.hu\/?p=1374"},"modified":"2016-03-16T15:11:32","modified_gmt":"2016-03-16T15:11:32","slug":"vese-vilagnap-2016","status":"publish","type":"post","link":"http:\/\/szakrendelo-sarkad.hu\/efi\/2016\/03\/16\/vese-vilagnap-2016\/","title":{"rendered":"Vese Vil\u00e1gnap 2016"},"content":{"rendered":"<p style=\"text-align: center\"><span style=\"color: #800000\"><strong>A VESEBETEGS\u00c9G \u00c9S A GYERMEKEK<\/strong><\/span><\/p>\n<p style=\"text-align: center\">A vesebetegs\u00e9g \u00e9s a gyermekek a k\u00f6zponti t\u00e9m\u00e1ja az idei Vese Vil\u00e1gnapnak, mott\u00f3ja pedig: \u201eCselekedj id\u0151ben, hogy megel\u0151zd!\u201d<\/p>\n<p style=\"text-align: center\">A World Kidney Day nemzetk\u00f6zi csapat\u00e1val egy\u00fctt hissz\u00fck, hogy a Vese Vil\u00e1gnap k\u00f6r\u00e9 szervez\u0151d\u0151 rendezv\u00e9nyek fontos szerepet j\u00e1tszanak a t\u00e1rsadalom vesebetegs\u00e9gr\u0151l sz\u00f3l\u00f3 t\u00e1j\u00e9koztat\u00e1s\u00e1ban, amely vil\u00e1gszerte emberek milli\u00f3it \u00e9rinti, k\u00f6zt\u00fck gyermekeket, akik \u00e9let\u00fck m\u00e1r korai \u00e9veiben vesz\u00e9lyeztetettek lehetnek a vesebetegs\u00e9gek \u00e1ltal. \u00c9ppen ez\u00e9rt rendk\u00edv\u00fcl fontos, hogy \u00f6szt\u00f6n\u00f6zz\u00fck \u00e9s seg\u00edts\u00fck az oktat\u00e1st, a korai felismer\u00e9st \u00e9s az eg\u00e9szs\u00e9ges \u00e9letm\u00f3d gyakorlat\u00e1nak elterjed\u00e9s\u00e9t a gyerekekn\u00e9l, m\u00e1r a sz\u00fclet\u00e9st\u0151l kezdve.<\/p>\n<p style=\"text-align: center\">A c\u00e9l az akut vesek\u00e1rosod\u00e1s megel\u0151z\u00e9se, vagy a m\u00e1r kialakult k\u00e1rosod\u00e1s el\u0151rehalad\u00e1s\u00e1nak lass\u00edt\u00e1sa, a gyermekek velesz\u00fcletett \u00e9s szerzett vesebetegs\u00e9g\u00e9nek id\u0151beni felismer\u00e9se \u00e9s kezel\u00e9se.<\/p>\n<p style=\"text-align: center\">A Vese Vil\u00e1gnap tizenegyedik kamp\u00e1nya sor\u00e1n szeretn\u00e9nk felh\u00edvni a sz\u00fcl\u0151k, a fiatalok, a szakmai d\u00f6nt\u00e9shoz\u00f3k \u00e9s a k\u00f6zv\u00e9lem\u00e9ny figyelm\u00e9t a gyermekkori vesebetegs\u00e9gekre, r\u00e1ir\u00e1ny\u00edtani a figyelmet azokra a kock\u00e1zati t\u00e9nyez\u0151kre, amelyek a gyermekkorb\u00f3l sz\u00e1rmaz\u00f3 vesek\u00e1rosod\u00e1sb\u00f3l ad\u00f3dhatnak. Mindezt egy eg\u00e9szs\u00e9gesebb j\u00f6vend\u0151 nemzed\u00e9k\u00e9rt!<\/p>\n<p style=\"text-align: center\"><span style=\"color: #ffffff;background-color: #3366ff\"><strong>A Vese Vil\u00e1gnapj\u00e1t\u00a02016. m\u00e1rcius 10-\u00e9n\u00a0tartj\u00e1k vil\u00e1gszerte.\u00a0<\/strong><\/span><\/p>\n<p style=\"text-align: center\">\n<p style=\"text-align: center\"><strong>\u00a0<\/strong><\/p>\n<p style=\"text-align: center\"><strong>Magyar Nephrologiai Alap\u00edtv\u00e1ny \/ Nemzeti Vese Program<br \/>\n<\/strong>Egy eg\u00e9szs\u00e9gtudatosabb t\u00e1rsadalom\u00e9rt!<br \/>\nEgy sz\u00e9lesk\u00f6r\u0171 \u00f6sszefog\u00e1s\u00e9rt!<br \/>\nEgy eredm\u00e9nyes egy\u00fcttm\u0171k\u00f6d\u00e9s\u00e9rt!<br \/>\n<a href=\"http:\/\/www.vesebetegseg.hu\/\"><strong><em>www.vesebetegseg.hu<br \/>\n<\/em><\/strong><\/a><a href=\"http:\/\/www.facebook.com\/NemzetiVeseProgram\"><strong><em>www.facebook.com\/NemzetiVeseProgram<\/em><\/strong><\/a><\/p>\n<p style=\"text-align: center\"><img loading=\"lazy\" decoding=\"async\" class=\"aligncenter size-full wp-image-1375\" src=\"http:\/\/kjcuj.fazekas.wdsite.hu\/efi\/wp-content\/uploads\/sites\/2\/2016\/03\/vese.jpg\" alt=\"\" width=\"544\" height=\"249\" srcset=\"http:\/\/szakrendelo-sarkad.hu\/efi\/wp-content\/uploads\/sites\/2\/2016\/03\/vese.jpg 544w, http:\/\/szakrendelo-sarkad.hu\/efi\/wp-content\/uploads\/sites\/2\/2016\/03\/vese-300x137.jpg 300w\" sizes=\"auto, (max-width: 544px) 100vw, 544px\" \/><\/p>\n<p><span style=\"font-size: 10pt\">Forr\u00e1s:www.nephrologia.hu<\/span><\/p>\n","protected":false},"excerpt":{"rendered":"<div class=\"entry-summary\">\n<div class=\"entry-summary\">\nA VESEBETEGS\u00c9G \u00c9S A GYERMEKEK A vesebetegs\u00e9g \u00e9s a gyermekek a k\u00f6zponti t\u00e9m\u00e1ja az idei Vese Vil\u00e1gnapnak, mott\u00f3ja&hellip;\n<\/div>\n<div class=\"link-more\"><a href=\"http:\/\/szakrendelo-sarkad.hu\/efi\/2016\/03\/16\/vese-vilagnap-2016\/\" class=\"more-link\">Continue reading<span class=\"screen-reader-text\"> &ldquo;Vese Vil\u00e1gnap 2016&rdquo;<\/span>&hellip;<\/a><\/div>\n<\/div>\n<div class=\"link-more\"><a href=\"http:\/\/szakrendelo-sarkad.hu\/efi\/2016\/03\/16\/vese-vilagnap-2016\/\" class=\"more-link\">Continue reading<span class=\"screen-reader-text\"> &ldquo;Vese Vil\u00e1gnap 2016&rdquo;<\/span>&hellip;<\/a><\/div>\n","protected":false},"author":1,"featured_media":0,"comment_status":"closed","ping_status":"closed","sticky":false,"template":"","format":"standard","meta":{"ngg_post_thumbnail":0,"footnotes":""},"categories":[1],"tags":[],"class_list":["post-1374","post","type-post","status-publish","format-standard","hentry","category-egyeb","entry"],"_links":{"self":[{"href":"http:\/\/szakrendelo-sarkad.hu\/efi\/wp-json\/wp\/v2\/posts\/1374","targetHints":{"allow":["GET"]}}],"collection":[{"href":"http:\/\/szakrendelo-sarkad.hu\/efi\/wp-json\/wp\/v2\/posts"}],"about":[{"href":"http:\/\/szakrendelo-sarkad.hu\/efi\/wp-json\/wp\/v2\/types\/post"}],"author":[{"embeddable":true,"href":"http:\/\/szakrendelo-sarkad.hu\/efi\/wp-json\/wp\/v2\/users\/1"}],"replies":[{"embeddable":true,"href":"http:\/\/szakrendelo-sarkad.hu\/efi\/wp-json\/wp\/v2\/comments?post=1374"}],"version-history":[{"count":0,"href":"http:\/\/szakrendelo-sarkad.hu\/efi\/wp-json\/wp\/v2\/posts\/1374\/revisions"}],"wp:attachment":[{"href":"http:\/\/szakrendelo-sarkad.hu\/efi\/wp-json\/wp\/v2\/media?parent=1374"}],"wp:term":[{"taxonomy":"category","embeddable":true,"href":"http:\/\/szakrendelo-sarkad.hu\/efi\/wp-json\/wp\/v2\/categories?post=1374"},{"taxonomy":"post_tag","embeddable":true,"href":"http:\/\/szakrendelo-sarkad.hu\/efi\/wp-json\/wp\/v2\/tags?post=1374"}],"curies":[{"name":"wp","href":"https:\/\/api.w.org\/{rel}","templated":true}]}}