{"id":1378,"date":"2016-04-13T09:49:45","date_gmt":"2016-04-13T09:49:45","guid":{"rendered":"http:\/\/efi.szakrendelo-sarkad.hu\/?p=1378"},"modified":"2016-04-13T09:49:45","modified_gmt":"2016-04-13T09:49:45","slug":"sarkadi-egeszsegfejlesztesi-iroda-prevencios-eloadas-2016-aprilis-honap","status":"publish","type":"post","link":"http:\/\/szakrendelo-sarkad.hu\/efi\/2016\/04\/13\/sarkadi-egeszsegfejlesztesi-iroda-prevencios-eloadas-2016-aprilis-honap\/","title":{"rendered":"Sarkadi Eg\u00e9szs\u00e9gfejleszt\u00e9si Iroda Prevenci\u00f3s el\u0151ad\u00e1s | 2016. \u00e1prilis h\u00f3nap"},"content":{"rendered":"<ol start=\"2\">\n<li style=\"text-align: left\">T\u00e9ma: Primer prevenci\u00f3 szenved\u00e9lybetegs\u00e9gek t\u00e9mak\u00f6rben<\/li>\n<\/ol>\n<p style=\"text-align: left\">El\u0151ad\u00f3k:<br \/>\nK\u00f3nya J\u00e1nos r. alezredes<br \/>\nR\u00f3zsav\u00f6lgyi Zolt\u00e1n ment\u0151tiszt<\/p>\n<div align=\"center\"><strong>\u00a0<\/strong><\/p>\n<table>\n<tbody>\n<tr>\n<td width=\"302\">Iskola megnevez\u00e9se<\/td>\n<td width=\"302\">Prevenci\u00f3s el\u0151ad\u00e1s d\u00e1tuma<\/td>\n<\/tr>\n<tr>\n<td width=\"302\">1. \u00c1ltal\u00e1nos Iskola, Zsad\u00e1ny, B\u00e9ke \u00fat 112<strong>. Helysz\u00edn: M\u0171vel\u0151d\u00e9si H\u00e1z T\u00e1nc \u00e9s Oktat\u00f3terem<\/strong><\/td>\n<td width=\"302\">2016.04.04. 9.00-10.30<\/p>\n<p>(7-8. oszt\u00e1ly)<\/td>\n<\/tr>\n<tr>\n<td width=\"302\">2. Szab\u00f3 P\u00e1l K\u00f6zs\u00e9gi K\u00f6nyvt\u00e1r, Biharugra, Erzs\u00e9bet u. 25.<\/td>\n<td width=\"302\">2016.04.04.11.00-12.30<\/p>\n<p>(feln\u0151tt lakoss\u00e1g)<\/td>\n<\/tr>\n<tr>\n<td width=\"302\">3. M\u0171vel\u0151d\u00e9si H\u00e1z<\/p>\n<p>K\u00f6r\u00f6snagyhars\u00e1ny, Arany J. u. 4.<\/td>\n<td width=\"302\">2016.04.04. 13.00-15.00<\/p>\n<p>(feln\u0151tt lakoss\u00e1g)<\/td>\n<\/tr>\n<tr>\n<td width=\"302\">4. \u00c1ltal\u00e1nos Iskola, Ok\u00e1ny, Kossuth u. 5-9.<\/td>\n<td width=\"302\">2016.04.11. 8.00-9.30<\/td>\n<\/tr>\n<tr>\n<td width=\"302\">5. Geszti Arany J\u00e1nos \u00c1ltal\u00e1nos Iskola, Geszt, Arany J. u. 1.<\/td>\n<td width=\"302\">2016.04.11. 11.00-12.30<\/td>\n<\/tr>\n<tr>\n<td width=\"302\">6. \u00c1ltal\u00e1nos Iskola, Mez\u0151gy\u00e1n, Arany J. \u00fat 1.<\/td>\n<td width=\"302\">2016.04.11. 13.30-15.00<\/p>\n<p>(5-8. oszt\u00e1ly)<\/td>\n<\/tr>\n<tr>\n<td width=\"302\">7. \u00c1ltal\u00e1nos Iskola, K\u00f6tegy\u00e1n, T\u00e1ncsics u. 9-11.<\/td>\n<td width=\"302\">2016.04.18. 14.00-15.30<\/p>\n<p>(5-8. oszt\u00e1ly)<\/td>\n<\/tr>\n<tr>\n<td width=\"302\">8. \u00c1ltal\u00e1nos Iskola, M\u00e9hker\u00e9k, Kossuth u. 82.<\/td>\n<td width=\"302\">2016.04.18. 11.00-12.30<\/td>\n<\/tr>\n<tr>\n<td width=\"302\">9. Kult\u00farh\u00e1z, \u00dajszalonta, B\u00e9ke \u00fat 21.<\/td>\n<td width=\"302\">2016.04.18. 9.00-10.30<\/p>\n<p>(feln\u0151tt lakoss\u00e1g)<\/td>\n<\/tr>\n<tr>\n<td width=\"302\">10. \u00c1ltal\u00e1nos Iskola, Sarkadkereszt\u00far, V\u00f6r\u00f6smarty u. 2.<\/td>\n<td width=\"302\">2016.04.27. 8.00-9.30<\/td>\n<\/tr>\n<tr>\n<td width=\"302\">11.Sarkadi \u00c1ltal\u00e1nos Iskola, Sarkad, Kossuth u. 17. <strong>Helysz\u00edn: Bart\u00f3k B\u00e9la M\u0171vel\u0151d\u00e9si K\u00f6zpont \u00e9s K\u00f6nyvt\u00e1r<\/strong><\/td>\n<td width=\"302\">2016.04.27. 10.00-12.30<\/p>\n<p>(7-8. oszt\u00e1ly)<\/td>\n<\/tr>\n<tr>\n<td width=\"302\">12. Gyulai \u00fati \u00c1ltal\u00e1nos Iskola, Sarkad, Gyulai \u00fat 17<strong>. Helysz\u00edn: Bart\u00f3k B\u00e9la M\u0171vel\u0151d\u00e9si K\u00f6zpont \u00e9s K\u00f6nyvt\u00e1r<\/strong><\/td>\n<td width=\"302\">2016.04.27. 10.00-12.30<\/p>\n<p>(7-8. oszt\u00e1ly)<\/td>\n<\/tr>\n<\/tbody>\n<\/table>\n<p><strong>\u00a0<\/strong><\/p>\n<\/div>\n","protected":false},"excerpt":{"rendered":"<div class=\"entry-summary\">\n<div class=\"entry-summary\">\nT\u00e9ma: Primer prevenci\u00f3 szenved\u00e9lybetegs\u00e9gek t\u00e9mak\u00f6rben El\u0151ad\u00f3k: K\u00f3nya J\u00e1nos r. alezredes R\u00f3zsav\u00f6lgyi Zolt\u00e1n ment\u0151tiszt \u00a0 Iskola megnevez\u00e9se Prevenci\u00f3s el\u0151ad\u00e1s&hellip;\n<\/div>\n<div class=\"link-more\"><a href=\"http:\/\/szakrendelo-sarkad.hu\/efi\/2016\/04\/13\/sarkadi-egeszsegfejlesztesi-iroda-prevencios-eloadas-2016-aprilis-honap\/\" class=\"more-link\">Continue reading<span class=\"screen-reader-text\"> &ldquo;Sarkadi Eg\u00e9szs\u00e9gfejleszt\u00e9si Iroda Prevenci\u00f3s el\u0151ad\u00e1s | 2016. \u00e1prilis h\u00f3nap&rdquo;<\/span>&hellip;<\/a><\/div>\n<\/div>\n<div class=\"link-more\"><a href=\"http:\/\/szakrendelo-sarkad.hu\/efi\/2016\/04\/13\/sarkadi-egeszsegfejlesztesi-iroda-prevencios-eloadas-2016-aprilis-honap\/\" class=\"more-link\">Continue reading<span class=\"screen-reader-text\"> &ldquo;Sarkadi Eg\u00e9szs\u00e9gfejleszt\u00e9si Iroda Prevenci\u00f3s el\u0151ad\u00e1s | 2016. \u00e1prilis h\u00f3nap&rdquo;<\/span>&hellip;<\/a><\/div>\n","protected":false},"author":1,"featured_media":0,"comment_status":"closed","ping_status":"closed","sticky":false,"template":"","format":"standard","meta":{"ngg_post_thumbnail":0,"footnotes":""},"categories":[1],"tags":[],"class_list":["post-1378","post","type-post","status-publish","format-standard","hentry","category-egyeb","entry"],"_links":{"self":[{"href":"http:\/\/szakrendelo-sarkad.hu\/efi\/wp-json\/wp\/v2\/posts\/1378","targetHints":{"allow":["GET"]}}],"collection":[{"href":"http:\/\/szakrendelo-sarkad.hu\/efi\/wp-json\/wp\/v2\/posts"}],"about":[{"href":"http:\/\/szakrendelo-sarkad.hu\/efi\/wp-json\/wp\/v2\/types\/post"}],"author":[{"embeddable":true,"href":"http:\/\/szakrendelo-sarkad.hu\/efi\/wp-json\/wp\/v2\/users\/1"}],"replies":[{"embeddable":true,"href":"http:\/\/szakrendelo-sarkad.hu\/efi\/wp-json\/wp\/v2\/comments?post=1378"}],"version-history":[{"count":0,"href":"http:\/\/szakrendelo-sarkad.hu\/efi\/wp-json\/wp\/v2\/posts\/1378\/revisions"}],"wp:attachment":[{"href":"http:\/\/szakrendelo-sarkad.hu\/efi\/wp-json\/wp\/v2\/media?parent=1378"}],"wp:term":[{"taxonomy":"category","embeddable":true,"href":"http:\/\/szakrendelo-sarkad.hu\/efi\/wp-json\/wp\/v2\/categories?post=1378"},{"taxonomy":"post_tag","embeddable":true,"href":"http:\/\/szakrendelo-sarkad.hu\/efi\/wp-json\/wp\/v2\/tags?post=1378"}],"curies":[{"name":"wp","href":"https:\/\/api.w.org\/{rel}","templated":true}]}}