{"id":1395,"date":"2015-04-24T10:09:11","date_gmt":"2015-04-24T10:09:11","guid":{"rendered":"http:\/\/efi.szakrendelo-sarkad.hu\/?p=1395"},"modified":"2015-04-24T10:09:11","modified_gmt":"2015-04-24T10:09:11","slug":"varosi-szemetszedes-2015-aprilis-24","status":"publish","type":"post","link":"http:\/\/szakrendelo-sarkad.hu\/efi\/2015\/04\/24\/varosi-szemetszedes-2015-aprilis-24\/","title":{"rendered":"V\u00e1rosi szem\u00e9tszed\u00e9s | 2015. \u00c1prilis 24."},"content":{"rendered":"<p>A Sarkadi Kist\u00e9rs\u00e9gi J\u00e1r\u00f3beteg Szakell\u00e1t\u00f3 K\u00f6zpont dolgoz\u00f3i a 2015-\u00f6s \u00e9vben is r\u00e9szt vettek a v\u00e1rosi szem\u00e9szszed\u00e9si akci\u00f3ban. A telep\u00fcl\u00e9s k\u00f6zpontj\u00e1ban a Nagy Imre \u00fat megtiszt\u00edt\u00e1sa volt a feladatunk, amelyet 2015. \u00e1prilis 24-\u00e9n el is v\u00e9gezt\u00fcnk. Tisztelettel k\u00e9r\u00fcnk minden helyi lakost, hogy rokonai, bar\u00e1tai, ismer\u0151sei k\u00f6r\u00e9ben igyekezzen felh\u00edvni a figyelmet a k\u00f6rnyezet\u00fcnk meg\u00f3v\u00e1s\u00e1ra. Az ig\u00e9nyes, sz\u00e9p \u00e9s tiszta k\u00f6rnyezethez nem a szem\u00e9tszed\u00e9sen, hanem a szemetel\u00e9s megsz\u00fcntet\u00e9s\u00e9n kereszt\u00fcl vezet az \u00fat. A hullad\u00e9kok kezel\u00e9se nem csak eszt\u00e9tikai, de kiemelt jelent\u0151s\u00e9g\u0171 eg\u00e9szs\u00e9g\u00fcgyi k\u00e9rd\u00e9s is.<\/p>\n<p>Ez\u00faton k\u00f6sz\u00f6n\u00f6m <em>Kovalovszki Andr\u00e1sn\u00e9, Bagi Kata, N\u00e9meti T\u00edmea \u00e9s Putnoki Istv\u00e1n<\/em> \u00f6nk\u00e9ntesek munk\u00e1j\u00e1t!<\/p>\n<p>Debreczeni Lajos<br \/>\n<em>\u00fcgyvezet\u0151<\/em><\/p>\n<!-- index.php -->\n<div\n\tclass=\"ngg-galleryoverview ngg-ajax-pagination-none\"\n\tid=\"ngg-gallery-59522dedb4dc02d223a16858879af42d-1\">\n\n    \t<div class=\"slideshowlink\">\n        <a href='http:\/\/szakrendelo-sarkad.hu\/efi\/2015\/04\/24\/varosi-szemetszedes-2015-aprilis-24\/nggallery\/slideshow'>[Diavet\u00edt\u00e9s ind\u00edt\u00e1sa]<\/a>\n\t\t\n\t<\/div>\n\t\t\t<!-- Thumbnails -->\n\t\t\t\t<div id=\"ngg-image-0\" class=\"ngg-gallery-thumbnail-box\" >\n\t\t\t\t        <div class=\"ngg-gallery-thumbnail\">\n            <a href=\"http:\/\/szakrendelo-sarkad.hu\/efi\/wp-content\/gallery\/efiold\/szemetszedes_15\/20150424_093233.jpg\"\n               title=\"\"\n               data-src=\"http:\/\/szakrendelo-sarkad.hu\/efi\/wp-content\/gallery\/efiold\/szemetszedes_15\/20150424_093233.jpg\"\n               data-thumbnail=\"http:\/\/szakrendelo-sarkad.hu\/efi\/wp-content\/gallery\/efiold\/szemetszedes_15\/thumbs\/thumbs_20150424_093233.jpg\"\n               data-image-id=\"623\"\n               data-title=\"20150424_093233.jpg\"\n               data-description=\"\"\n               data-image-slug=\"20150424_093233-jpg\"\n               class=\"ngg-fancybox\" rel=\"59522dedb4dc02d223a16858879af42d\">\n                <img\n                    title=\"20150424_093233.jpg\"\n                    alt=\"20150424_093233.jpg\"\n                    src=\"http:\/\/szakrendelo-sarkad.hu\/efi\/wp-content\/gallery\/efiold\/szemetszedes_15\/thumbs\/thumbs_20150424_093233.jpg\"\n                    width=\"100\"\n                    height=\"75\"\n                    style=\"max-width:100%;\"\n                \/>\n            <\/a>\n        <\/div>\n\t\t\t\t\t\t\t<\/div> \n\t\t\t\n        \n\t\t\t\t<div id=\"ngg-image-1\" class=\"ngg-gallery-thumbnail-box\" >\n\t\t\t\t        <div class=\"ngg-gallery-thumbnail\">\n            <a href=\"http:\/\/szakrendelo-sarkad.hu\/efi\/wp-content\/gallery\/efiold\/szemetszedes_15\/20150424_093414.jpg\"\n               title=\"\"\n               data-src=\"http:\/\/szakrendelo-sarkad.hu\/efi\/wp-content\/gallery\/efiold\/szemetszedes_15\/20150424_093414.jpg\"\n               data-thumbnail=\"http:\/\/szakrendelo-sarkad.hu\/efi\/wp-content\/gallery\/efiold\/szemetszedes_15\/thumbs\/thumbs_20150424_093414.jpg\"\n               data-image-id=\"624\"\n               data-title=\"20150424_093414.jpg\"\n               data-description=\"\"\n               data-image-slug=\"20150424_093414-jpg\"\n               class=\"ngg-fancybox\" rel=\"59522dedb4dc02d223a16858879af42d\">\n                <img\n                    title=\"20150424_093414.jpg\"\n                    alt=\"20150424_093414.jpg\"\n                    src=\"http:\/\/szakrendelo-sarkad.hu\/efi\/wp-content\/gallery\/efiold\/szemetszedes_15\/thumbs\/thumbs_20150424_093414.jpg\"\n                    width=\"100\"\n                    height=\"75\"\n                    style=\"max-width:100%;\"\n                \/>\n            <\/a>\n        <\/div>\n\t\t\t\t\t\t\t<\/div> \n\t\t\t\n        \n\t\t\t\t<div id=\"ngg-image-2\" class=\"ngg-gallery-thumbnail-box\" >\n\t\t\t\t        <div class=\"ngg-gallery-thumbnail\">\n            <a href=\"http:\/\/szakrendelo-sarkad.hu\/efi\/wp-content\/gallery\/efiold\/szemetszedes_15\/20150424_093544.jpg\"\n               title=\"\"\n               data-src=\"http:\/\/szakrendelo-sarkad.hu\/efi\/wp-content\/gallery\/efiold\/szemetszedes_15\/20150424_093544.jpg\"\n               data-thumbnail=\"http:\/\/szakrendelo-sarkad.hu\/efi\/wp-content\/gallery\/efiold\/szemetszedes_15\/thumbs\/thumbs_20150424_093544.jpg\"\n               data-image-id=\"625\"\n               data-title=\"20150424_093544.jpg\"\n               data-description=\"\"\n               data-image-slug=\"20150424_093544-jpg\"\n               class=\"ngg-fancybox\" rel=\"59522dedb4dc02d223a16858879af42d\">\n                <img\n                    title=\"20150424_093544.jpg\"\n                    alt=\"20150424_093544.jpg\"\n                    src=\"http:\/\/szakrendelo-sarkad.hu\/efi\/wp-content\/gallery\/efiold\/szemetszedes_15\/thumbs\/thumbs_20150424_093544.jpg\"\n                    width=\"100\"\n                    height=\"75\"\n                    style=\"max-width:100%;\"\n                \/>\n            <\/a>\n        <\/div>\n\t\t\t\t\t\t\t<\/div> \n\t\t\t\n        \n\t\t\t\t<div id=\"ngg-image-3\" class=\"ngg-gallery-thumbnail-box\" >\n\t\t\t\t        <div class=\"ngg-gallery-thumbnail\">\n            <a href=\"http:\/\/szakrendelo-sarkad.hu\/efi\/wp-content\/gallery\/efiold\/szemetszedes_15\/20150424_094844.jpg\"\n               title=\"\"\n               data-src=\"http:\/\/szakrendelo-sarkad.hu\/efi\/wp-content\/gallery\/efiold\/szemetszedes_15\/20150424_094844.jpg\"\n               data-thumbnail=\"http:\/\/szakrendelo-sarkad.hu\/efi\/wp-content\/gallery\/efiold\/szemetszedes_15\/thumbs\/thumbs_20150424_094844.jpg\"\n               data-image-id=\"626\"\n               data-title=\"20150424_094844.jpg\"\n               data-description=\"\"\n               data-image-slug=\"20150424_094844-jpg\"\n               class=\"ngg-fancybox\" rel=\"59522dedb4dc02d223a16858879af42d\">\n                <img\n                    title=\"20150424_094844.jpg\"\n                    alt=\"20150424_094844.jpg\"\n                    src=\"http:\/\/szakrendelo-sarkad.hu\/efi\/wp-content\/gallery\/efiold\/szemetszedes_15\/thumbs\/thumbs_20150424_094844.jpg\"\n                    width=\"100\"\n                    height=\"75\"\n                    style=\"max-width:100%;\"\n                \/>\n            <\/a>\n        <\/div>\n\t\t\t\t\t\t\t<\/div> \n\t\t\t\n        \n\t\t\n\t\t<!-- Pagination -->\n\t<div class='ngg-clear'><\/div>\t<\/div>\n\n<p>&nbsp;<\/p>\n","protected":false},"excerpt":{"rendered":"<div class=\"entry-summary\">\n<div class=\"entry-summary\">\nA Sarkadi Kist\u00e9rs\u00e9gi J\u00e1r\u00f3beteg Szakell\u00e1t\u00f3 K\u00f6zpont dolgoz\u00f3i a 2015-\u00f6s \u00e9vben is r\u00e9szt vettek a v\u00e1rosi szem\u00e9szszed\u00e9si akci\u00f3ban. A&hellip;\n<\/div>\n<div class=\"link-more\"><a href=\"http:\/\/szakrendelo-sarkad.hu\/efi\/2015\/04\/24\/varosi-szemetszedes-2015-aprilis-24\/\" class=\"more-link\">Continue reading<span class=\"screen-reader-text\"> &ldquo;V\u00e1rosi szem\u00e9tszed\u00e9s | 2015. \u00c1prilis 24.&rdquo;<\/span>&hellip;<\/a><\/div>\n<\/div>\n<div class=\"link-more\"><a href=\"http:\/\/szakrendelo-sarkad.hu\/efi\/2015\/04\/24\/varosi-szemetszedes-2015-aprilis-24\/\" class=\"more-link\">Continue reading<span class=\"screen-reader-text\"> &ldquo;V\u00e1rosi szem\u00e9tszed\u00e9s | 2015. \u00c1prilis 24.&rdquo;<\/span>&hellip;<\/a><\/div>\n","protected":false},"author":1,"featured_media":0,"comment_status":"closed","ping_status":"closed","sticky":false,"template":"","format":"standard","meta":{"ngg_post_thumbnail":0,"footnotes":""},"categories":[1],"tags":[],"class_list":["post-1395","post","type-post","status-publish","format-standard","hentry","category-egyeb","entry"],"_links":{"self":[{"href":"http:\/\/szakrendelo-sarkad.hu\/efi\/wp-json\/wp\/v2\/posts\/1395","targetHints":{"allow":["GET"]}}],"collection":[{"href":"http:\/\/szakrendelo-sarkad.hu\/efi\/wp-json\/wp\/v2\/posts"}],"about":[{"href":"http:\/\/szakrendelo-sarkad.hu\/efi\/wp-json\/wp\/v2\/types\/post"}],"author":[{"embeddable":true,"href":"http:\/\/szakrendelo-sarkad.hu\/efi\/wp-json\/wp\/v2\/users\/1"}],"replies":[{"embeddable":true,"href":"http:\/\/szakrendelo-sarkad.hu\/efi\/wp-json\/wp\/v2\/comments?post=1395"}],"version-history":[{"count":0,"href":"http:\/\/szakrendelo-sarkad.hu\/efi\/wp-json\/wp\/v2\/posts\/1395\/revisions"}],"wp:attachment":[{"href":"http:\/\/szakrendelo-sarkad.hu\/efi\/wp-json\/wp\/v2\/media?parent=1395"}],"wp:term":[{"taxonomy":"category","embeddable":true,"href":"http:\/\/szakrendelo-sarkad.hu\/efi\/wp-json\/wp\/v2\/categories?post=1395"},{"taxonomy":"post_tag","embeddable":true,"href":"http:\/\/szakrendelo-sarkad.hu\/efi\/wp-json\/wp\/v2\/tags?post=1395"}],"curies":[{"name":"wp","href":"https:\/\/api.w.org\/{rel}","templated":true}]}}