{"id":1421,"date":"2016-05-27T15:27:26","date_gmt":"2016-05-27T15:27:26","guid":{"rendered":"http:\/\/efi.szakrendelo-sarkad.hu\/?p=1421"},"modified":"2016-05-27T15:27:26","modified_gmt":"2016-05-27T15:27:26","slug":"dontsuk-meg-egyutt-a-kezmosas-oktatas-vilagrekordjat-2016-majus-5-en","status":"publish","type":"post","link":"http:\/\/szakrendelo-sarkad.hu\/efi\/2016\/05\/27\/dontsuk-meg-egyutt-a-kezmosas-oktatas-vilagrekordjat-2016-majus-5-en\/","title":{"rendered":"D\u00d6NTS\u00dcK MEG EGY\u00dcTT A K\u00c9ZMOS\u00c1S OKTAT\u00c1S VIL\u00c1GREKORDJ\u00c1T 2016. M\u00c1JUS 5-\u00c9N!"},"content":{"rendered":"<p>Az \u00c1NTSZ Orsz\u00e1gos Tisztiorvosi Hivatala \u00e9s a Korm\u00e1nyhivatalok e-bug koordin\u00e1torai felh\u00edv\u00e1ssal kerest\u00e9k meg a <strong>Sarkadi Eg\u00e9szs\u00e9gfejleszt\u00e9si Iroda<\/strong> munkat\u00e1rsait, mely felh\u00edv\u00e1sban az iskol\u00e1kkal k\u00f6z\u00f6sen k\u00edv\u00e1nj\u00e1k megd\u00f6nteni a k\u00e9zmos\u00e1soktat\u00e1son r\u00e9sztvev\u0151k vil\u00e1grekordj\u00e1t. A t\u00f6bb helysz\u00ednen egyszerre tartott <strong>k\u00e9zmos\u00e1s oktat\u00e1s Guinness rekordj\u00e1t<\/strong> a sk\u00f3ciai Glasgow-ban \u00e1ll\u00edtott\u00e1k fel, 3039 di\u00e1k r\u00e9szv\u00e9tel\u00e9vel. \u00a0A magyar iskol\u00e1sok erre a felh\u00edv\u00e1sra t\u00f6bb mint 20000-en jelentkezetek!<\/p>\n<p>B\u00e9k\u00e9s megy\u00e9ben 5 \u00e1ltal\u00e1nos iskola mellett a sarkadi <strong>Ady Endre &#8211; Bay Zolt\u00e1n K\u00f6z\u00e9piskola \u00e9s Koll\u00e9gium <\/strong>150 di\u00e1kja is v\u00e1llalkozott.<\/p>\n<p>Az esem\u00e9ny sor\u00e1n t\u00f6bb helysz\u00ednen, egy id\u0151pontban egy tan\u00f3ra keret\u00e9n bel\u00fcl mutatt\u00e1k be a k\u00e9pzett instruktorok a k\u00e9zmos\u00e1s fontoss\u00e1g\u00e1t \u00e9s annak helyes technik\u00e1j\u00e1t. Sarkad v\u00e1ros\u00e1ban <strong>Boros Erika <\/strong>iskola v\u00e9d\u0151n\u0151 a Bart\u00f3k B\u00e9la M\u0171vel\u0151d\u00e9si K\u00f6zpontban szeml\u00e9letes, rendhagy\u00f3 \u00f3r\u00e1t tartott a di\u00e1kok sz\u00e1m\u00e1ra, amelynek r\u00e9szek\u00e9nt bemutatta a helyes k\u00e9zmos\u00e1s m\u00f3dj\u00e1t, sz\u00f3lt arr\u00f3l, hogy \u00edgy milyen betegs\u00e9gek el\u0151zhet\u0151ek meg. A fiatalok l\u00e1that\u00f3an nagy \u00e9rdekl\u0151d\u00e9ssel \u00e9s komolyan fogadt\u00e1k az el\u0151ad\u00e1st.<\/p>\n<p>A programon r\u00e9szt vett <strong>Dr. Mar\u00e1czi Gabriella<\/strong>, a B\u00e9k\u00e9s Megyei Korm\u00e1nyhivatal N\u00e9peg\u00e9szs\u00e9g\u00fcgyi F\u0151oszt\u00e1ly\u00e1nak f\u0151oszt\u00e1lyvezet\u0151-helyettese, aki a Sarkad Telev\u00edzi\u00f3nak adott nyilatkozat\u00e1ban elmondta, hogy a rekordk\u00eds\u00e9rlet id\u0151pontjak\u00e9nt tudatosan v\u00e1lasztott\u00e1k a m\u00e1jus 5-\u00e9t, hiszen a WHO, az eg\u00e9szs\u00e9g\u00fcgyi vil\u00e1gszervezet ezt a napot kor\u00e1bban az eg\u00e9szs\u00e9g\u00fcgyi int\u00e9zm\u00e9nyek k\u00e9ztisztas\u00e1gi vil\u00e1gnapj\u00e1v\u00e1 nyilv\u00e1n\u00edtotta. B\u00e1r a figyelem ilyenkor a k\u00f3rh\u00e1zakra, a rendel\u0151kre, szakint\u00e9zm\u00e9nyekre ir\u00e1nyul az e-bug csapat \u00fagy d\u00f6nt\u00f6tt, hogy a fiatalokat is megsz\u00f3l\u00edtja, hiszen \u0151k a kulcsszerepl\u0151k a j\u00f6v\u0151 szempontj\u00e1b\u00f3l.<\/p>\n<p>Az e-bug egy\u00e9bk\u00e9nt egy tudom\u00e1nyos alapokon nyugv\u00f3 oktat\u00e1si eszk\u00f6z, ami j\u00e1t\u00e9kos tanul\u00e1ssal seg\u00edti a di\u00e1kokat &#8211; a 6 \u00e9vest\u0151l a fiatal feln\u0151ttig- a megfelel\u0151 szem\u00e9lyi higi\u00e9n\u00e9s szok\u00e1sok \u00e9s egy\u00e9b eg\u00e9szs\u00e9g\u00fcgyi inform\u00e1ci\u00f3k elsaj\u00e1t\u00edt\u00e1s\u00e1ban.<\/p>\n<p>A Sarkadi Eg\u00e9szs\u00e9gfejleszt\u00e9si Iroda \u00f6r\u00f6mtelinek tartotta, hogy r\u00e9szese lehetett ezen rekordk\u00eds\u00e9rletnek \u00e9s ez\u00faton is k\u00f6sz\u00f6ni minden k\u00f6zrem\u0171k\u00f6d\u0151 seg\u00edts\u00e9g\u00e9t. A j\u00f3 gyakorlatot a k\u00e9s\u0151bbiekben a Sarkadi Kist\u00e9rs\u00e9g valamennyi \u00e1ltal\u00e1nos iskol\u00e1j\u00e1ban szeretn\u00e9 bemutatni, hogy az inform\u00e1ci\u00f3k minden di\u00e1khoz eljuthassanak.<\/p>\n<p>Debreczeni Lajos<br \/>\n\u00fcgyvezet\u0151<br \/>\nSarkadi Eg\u00e9szs\u00e9gfejleszt\u00e9si Iroda<\/p>\n<!-- index.php -->\n<div\n\tclass=\"ngg-galleryoverview ngg-ajax-pagination-none\"\n\tid=\"ngg-gallery-408b35a8e62010f959ccb6a6ebe8f670-1\">\n\n    \t<div class=\"slideshowlink\">\n        <a href='http:\/\/szakrendelo-sarkad.hu\/efi\/2016\/05\/27\/dontsuk-meg-egyutt-a-kezmosas-oktatas-vilagrekordjat-2016-majus-5-en\/nggallery\/slideshow'>[Diavet\u00edt\u00e9s ind\u00edt\u00e1sa]<\/a>\n\t\t\n\t<\/div>\n\t\t\t<!-- Thumbnails -->\n\t\t\t\t<div id=\"ngg-image-0\" class=\"ngg-gallery-thumbnail-box\" >\n\t\t\t\t        <div class=\"ngg-gallery-thumbnail\">\n            <a href=\"http:\/\/szakrendelo-sarkad.hu\/efi\/wp-content\/gallery\/efiold\/kezmosas_1605\/DSC_0054.jpg\"\n               title=\"\"\n               data-src=\"http:\/\/szakrendelo-sarkad.hu\/efi\/wp-content\/gallery\/efiold\/kezmosas_1605\/DSC_0054.jpg\"\n               data-thumbnail=\"http:\/\/szakrendelo-sarkad.hu\/efi\/wp-content\/gallery\/efiold\/kezmosas_1605\/thumbs\/thumbs_DSC_0054.jpg\"\n               data-image-id=\"627\"\n               data-title=\"DSC_0054.jpg\"\n               data-description=\"\"\n               data-image-slug=\"dsc_0054-jpg\"\n               class=\"ngg-fancybox\" rel=\"408b35a8e62010f959ccb6a6ebe8f670\">\n                <img\n                    title=\"DSC_0054.jpg\"\n                    alt=\"DSC_0054.jpg\"\n                    src=\"http:\/\/szakrendelo-sarkad.hu\/efi\/wp-content\/gallery\/efiold\/kezmosas_1605\/thumbs\/thumbs_DSC_0054.jpg\"\n                    width=\"100\"\n                    height=\"75\"\n                    style=\"max-width:100%;\"\n                \/>\n            <\/a>\n        <\/div>\n\t\t\t\t\t\t\t<\/div> \n\t\t\t\n        \n\t\t\t\t<div id=\"ngg-image-1\" class=\"ngg-gallery-thumbnail-box\" >\n\t\t\t\t        <div class=\"ngg-gallery-thumbnail\">\n            <a href=\"http:\/\/szakrendelo-sarkad.hu\/efi\/wp-content\/gallery\/efiold\/kezmosas_1605\/DSC_0131.JPG\"\n               title=\"\"\n               data-src=\"http:\/\/szakrendelo-sarkad.hu\/efi\/wp-content\/gallery\/efiold\/kezmosas_1605\/DSC_0131.JPG\"\n               data-thumbnail=\"http:\/\/szakrendelo-sarkad.hu\/efi\/wp-content\/gallery\/efiold\/kezmosas_1605\/thumbs\/thumbs_DSC_0131.JPG\"\n               data-image-id=\"628\"\n               data-title=\"DSC_0131.JPG\"\n               data-description=\"\"\n               data-image-slug=\"dsc_0131-jpg\"\n               class=\"ngg-fancybox\" rel=\"408b35a8e62010f959ccb6a6ebe8f670\">\n                <img\n                    title=\"DSC_0131.JPG\"\n                    alt=\"DSC_0131.JPG\"\n                    src=\"http:\/\/szakrendelo-sarkad.hu\/efi\/wp-content\/gallery\/efiold\/kezmosas_1605\/thumbs\/thumbs_DSC_0131.JPG\"\n                    width=\"100\"\n                    height=\"75\"\n                    style=\"max-width:100%;\"\n                \/>\n            <\/a>\n        <\/div>\n\t\t\t\t\t\t\t<\/div> \n\t\t\t\n        \n\t\t\t\t<div id=\"ngg-image-2\" class=\"ngg-gallery-thumbnail-box\" >\n\t\t\t\t        <div class=\"ngg-gallery-thumbnail\">\n            <a href=\"http:\/\/szakrendelo-sarkad.hu\/efi\/wp-content\/gallery\/efiold\/kezmosas_1605\/DSC_0180.JPG\"\n               title=\"\"\n               data-src=\"http:\/\/szakrendelo-sarkad.hu\/efi\/wp-content\/gallery\/efiold\/kezmosas_1605\/DSC_0180.JPG\"\n               data-thumbnail=\"http:\/\/szakrendelo-sarkad.hu\/efi\/wp-content\/gallery\/efiold\/kezmosas_1605\/thumbs\/thumbs_DSC_0180.JPG\"\n               data-image-id=\"629\"\n               data-title=\"DSC_0180.JPG\"\n               data-description=\"\"\n               data-image-slug=\"dsc_0180-jpg\"\n               class=\"ngg-fancybox\" rel=\"408b35a8e62010f959ccb6a6ebe8f670\">\n                <img\n                    title=\"DSC_0180.JPG\"\n                    alt=\"DSC_0180.JPG\"\n                    src=\"http:\/\/szakrendelo-sarkad.hu\/efi\/wp-content\/gallery\/efiold\/kezmosas_1605\/thumbs\/thumbs_DSC_0180.JPG\"\n                    width=\"100\"\n                    height=\"75\"\n                    style=\"max-width:100%;\"\n                \/>\n            <\/a>\n        <\/div>\n\t\t\t\t\t\t\t<\/div> \n\t\t\t\n        \n\t\t\n\t\t<!-- Pagination -->\n\t<div class='ngg-clear'><\/div>\t<\/div>\n\n","protected":false},"excerpt":{"rendered":"<div class=\"entry-summary\">\n<div class=\"entry-summary\">\nAz \u00c1NTSZ Orsz\u00e1gos Tisztiorvosi Hivatala \u00e9s a Korm\u00e1nyhivatalok e-bug koordin\u00e1torai felh\u00edv\u00e1ssal kerest\u00e9k meg a Sarkadi Eg\u00e9szs\u00e9gfejleszt\u00e9si Iroda munkat\u00e1rsait,&hellip;\n<\/div>\n<div class=\"link-more\"><a href=\"http:\/\/szakrendelo-sarkad.hu\/efi\/2016\/05\/27\/dontsuk-meg-egyutt-a-kezmosas-oktatas-vilagrekordjat-2016-majus-5-en\/\" class=\"more-link\">Continue reading<span class=\"screen-reader-text\"> &ldquo;D\u00d6NTS\u00dcK MEG EGY\u00dcTT A K\u00c9ZMOS\u00c1S OKTAT\u00c1S VIL\u00c1GREKORDJ\u00c1T 2016. M\u00c1JUS 5-\u00c9N!&rdquo;<\/span>&hellip;<\/a><\/div>\n<\/div>\n<div class=\"link-more\"><a href=\"http:\/\/szakrendelo-sarkad.hu\/efi\/2016\/05\/27\/dontsuk-meg-egyutt-a-kezmosas-oktatas-vilagrekordjat-2016-majus-5-en\/\" class=\"more-link\">Continue reading<span class=\"screen-reader-text\"> &ldquo;D\u00d6NTS\u00dcK MEG EGY\u00dcTT A K\u00c9ZMOS\u00c1S OKTAT\u00c1S VIL\u00c1GREKORDJ\u00c1T 2016. M\u00c1JUS 5-\u00c9N!&rdquo;<\/span>&hellip;<\/a><\/div>\n","protected":false},"author":1,"featured_media":0,"comment_status":"closed","ping_status":"closed","sticky":false,"template":"","format":"standard","meta":{"ngg_post_thumbnail":0,"footnotes":""},"categories":[1],"tags":[],"class_list":["post-1421","post","type-post","status-publish","format-standard","hentry","category-egyeb","entry"],"_links":{"self":[{"href":"http:\/\/szakrendelo-sarkad.hu\/efi\/wp-json\/wp\/v2\/posts\/1421","targetHints":{"allow":["GET"]}}],"collection":[{"href":"http:\/\/szakrendelo-sarkad.hu\/efi\/wp-json\/wp\/v2\/posts"}],"about":[{"href":"http:\/\/szakrendelo-sarkad.hu\/efi\/wp-json\/wp\/v2\/types\/post"}],"author":[{"embeddable":true,"href":"http:\/\/szakrendelo-sarkad.hu\/efi\/wp-json\/wp\/v2\/users\/1"}],"replies":[{"embeddable":true,"href":"http:\/\/szakrendelo-sarkad.hu\/efi\/wp-json\/wp\/v2\/comments?post=1421"}],"version-history":[{"count":0,"href":"http:\/\/szakrendelo-sarkad.hu\/efi\/wp-json\/wp\/v2\/posts\/1421\/revisions"}],"wp:attachment":[{"href":"http:\/\/szakrendelo-sarkad.hu\/efi\/wp-json\/wp\/v2\/media?parent=1421"}],"wp:term":[{"taxonomy":"category","embeddable":true,"href":"http:\/\/szakrendelo-sarkad.hu\/efi\/wp-json\/wp\/v2\/categories?post=1421"},{"taxonomy":"post_tag","embeddable":true,"href":"http:\/\/szakrendelo-sarkad.hu\/efi\/wp-json\/wp\/v2\/tags?post=1421"}],"curies":[{"name":"wp","href":"https:\/\/api.w.org\/{rel}","templated":true}]}}