{"id":1482,"date":"2016-06-03T19:52:29","date_gmt":"2016-06-03T19:52:29","guid":{"rendered":"http:\/\/efi.szakrendelo-sarkad.hu\/?p=1482"},"modified":"2016-06-03T19:52:29","modified_gmt":"2016-06-03T19:52:29","slug":"dohanymentes-vilagnap-majus-31","status":"publish","type":"post","link":"http:\/\/szakrendelo-sarkad.hu\/efi\/2016\/06\/03\/dohanymentes-vilagnap-majus-31\/","title":{"rendered":"Doh\u00e1nymentes vil\u00e1gnap | M\u00e1jus 31."},"content":{"rendered":"<p><img loading=\"lazy\" decoding=\"async\" class=\"alignright size-full wp-image-1483\" src=\"http:\/\/kjcuj.fazekas.wdsite.hu\/efi\/wp-content\/uploads\/sites\/2\/2016\/06\/nosmoke.jpg\" alt=\"\" width=\"225\" height=\"204\" \/><\/p>\n<p>Vil\u00e1gszerte m\u00e1jus 31-\u00e9n tartj\u00e1k a Doh\u00e1nymentes Vil\u00e1gnapot, melynek c\u00e9lja, hogy felh\u00edvja az emberek figyelm\u00e9t a doh\u00e1nyz\u00e1s vesz\u00e9lyeire.<\/p>\n<p>Jelenleg mintegy 1,3 milli\u00e1rd ember doh\u00e1nyzik, \u00e1m sz\u00e1muk 2025-re megh\u00e1romszoroz\u00f3dhat, s az \u00faj doh\u00e1nyosok 80 sz\u00e1zal\u00e9ka a fejlett orsz\u00e1gokban \u00e9l majd. \u00c9vente \u00f6tmilli\u00f3 ember hal\u00e1la vezethet\u0151 vissza a doh\u00e1nyz\u00e1s \u00e1rtalmaira, a cigaretta ugyanis t\u00f6bb mint n\u00e9gyezer k\u00fcl\u00f6nb\u00f6z\u0151, a szervezet sz\u00e1m\u00e1ra k\u00e1ros anyagot tartalmaz. A doh\u00e1nyosok \u00e1tlagosan 8 \u00e9vvel \u00e9lnek r\u00f6videbb ideig, mint a nemdoh\u00e1nyz\u00f3k. A rendszeresen doh\u00e1nyz\u00f3k fele pedig v\u00e9g\u00fcl a doh\u00e1nyz\u00e1s okozta megbeteged\u00e9s miatt fog meghalni.<\/p>\n<p>&nbsp;<\/p>\n<p>K\u00e9rj\u00fck, gondolja v\u00e9gig, tegyen eg\u00e9szs\u00e9ge \u00e9rdek\u00e9ben!<\/p>\n<p><img loading=\"lazy\" decoding=\"async\" class=\"aligncenter size-full wp-image-1484\" src=\"http:\/\/kjcuj.fazekas.wdsite.hu\/efi\/wp-content\/uploads\/sites\/2\/2016\/06\/2.jpg\" alt=\"\" width=\"370\" height=\"242\" srcset=\"http:\/\/szakrendelo-sarkad.hu\/efi\/wp-content\/uploads\/sites\/2\/2016\/06\/2.jpg 370w, http:\/\/szakrendelo-sarkad.hu\/efi\/wp-content\/uploads\/sites\/2\/2016\/06\/2-300x196.jpg 300w\" sizes=\"auto, (max-width: 370px) 100vw, 370px\" \/><\/p>\n<p>&nbsp;<\/p>\n","protected":false},"excerpt":{"rendered":"<div class=\"entry-summary\">\n<div class=\"entry-summary\">\nVil\u00e1gszerte m\u00e1jus 31-\u00e9n tartj\u00e1k a Doh\u00e1nymentes Vil\u00e1gnapot, melynek c\u00e9lja, hogy felh\u00edvja az emberek figyelm\u00e9t a doh\u00e1nyz\u00e1s vesz\u00e9lyeire. Jelenleg&hellip;\n<\/div>\n<div class=\"link-more\"><a href=\"http:\/\/szakrendelo-sarkad.hu\/efi\/2016\/06\/03\/dohanymentes-vilagnap-majus-31\/\" class=\"more-link\">Continue reading<span class=\"screen-reader-text\"> &ldquo;Doh\u00e1nymentes vil\u00e1gnap | M\u00e1jus 31.&rdquo;<\/span>&hellip;<\/a><\/div>\n<\/div>\n<div class=\"link-more\"><a href=\"http:\/\/szakrendelo-sarkad.hu\/efi\/2016\/06\/03\/dohanymentes-vilagnap-majus-31\/\" class=\"more-link\">Continue reading<span class=\"screen-reader-text\"> &ldquo;Doh\u00e1nymentes vil\u00e1gnap | M\u00e1jus 31.&rdquo;<\/span>&hellip;<\/a><\/div>\n","protected":false},"author":1,"featured_media":0,"comment_status":"closed","ping_status":"closed","sticky":false,"template":"","format":"standard","meta":{"ngg_post_thumbnail":0,"footnotes":""},"categories":[1],"tags":[],"class_list":["post-1482","post","type-post","status-publish","format-standard","hentry","category-egyeb","entry"],"_links":{"self":[{"href":"http:\/\/szakrendelo-sarkad.hu\/efi\/wp-json\/wp\/v2\/posts\/1482","targetHints":{"allow":["GET"]}}],"collection":[{"href":"http:\/\/szakrendelo-sarkad.hu\/efi\/wp-json\/wp\/v2\/posts"}],"about":[{"href":"http:\/\/szakrendelo-sarkad.hu\/efi\/wp-json\/wp\/v2\/types\/post"}],"author":[{"embeddable":true,"href":"http:\/\/szakrendelo-sarkad.hu\/efi\/wp-json\/wp\/v2\/users\/1"}],"replies":[{"embeddable":true,"href":"http:\/\/szakrendelo-sarkad.hu\/efi\/wp-json\/wp\/v2\/comments?post=1482"}],"version-history":[{"count":0,"href":"http:\/\/szakrendelo-sarkad.hu\/efi\/wp-json\/wp\/v2\/posts\/1482\/revisions"}],"wp:attachment":[{"href":"http:\/\/szakrendelo-sarkad.hu\/efi\/wp-json\/wp\/v2\/media?parent=1482"}],"wp:term":[{"taxonomy":"category","embeddable":true,"href":"http:\/\/szakrendelo-sarkad.hu\/efi\/wp-json\/wp\/v2\/categories?post=1482"},{"taxonomy":"post_tag","embeddable":true,"href":"http:\/\/szakrendelo-sarkad.hu\/efi\/wp-json\/wp\/v2\/tags?post=1482"}],"curies":[{"name":"wp","href":"https:\/\/api.w.org\/{rel}","templated":true}]}}