{"id":1486,"date":"2016-06-03T05:56:32","date_gmt":"2016-06-03T05:56:32","guid":{"rendered":"http:\/\/efi.szakrendelo-sarkad.hu\/?p=1486"},"modified":"2016-06-03T05:56:32","modified_gmt":"2016-06-03T05:56:32","slug":"egeszsegfejlesztesi-irodankban-jart-dr-csanyi-peter-nepegeszsegugyi-foosztalyvezeto-ur","status":"publish","type":"post","link":"http:\/\/szakrendelo-sarkad.hu\/efi\/2016\/06\/03\/egeszsegfejlesztesi-irodankban-jart-dr-csanyi-peter-nepegeszsegugyi-foosztalyvezeto-ur\/","title":{"rendered":"Eg\u00e9szs\u00e9gfejleszt\u00e9si Irod\u00e1nkban j\u00e1rt Dr. Cs\u00e1nyi P\u00e9ter N\u00e9peg\u00e9szs\u00e9g\u00fcgyi F\u0151oszt\u00e1lyvezet\u0151 \u00dar"},"content":{"rendered":"<p>&nbsp;<\/p>\n<p><img loading=\"lazy\" decoding=\"async\" class=\"alignright size-medium wp-image-1487\" src=\"http:\/\/kjcuj.fazekas.wdsite.hu\/efi\/wp-content\/uploads\/sites\/2\/2016\/06\/20160504_1-300x171.jpg\" alt=\"\" width=\"300\" height=\"171\" srcset=\"http:\/\/szakrendelo-sarkad.hu\/efi\/wp-content\/uploads\/sites\/2\/2016\/06\/20160504_1-300x171.jpg 300w, http:\/\/szakrendelo-sarkad.hu\/efi\/wp-content\/uploads\/sites\/2\/2016\/06\/20160504_1.jpg 640w\" sizes=\"auto, (max-width: 300px) 100vw, 300px\" \/><\/p>\n<p>Az el\u0151zetes egyeztet\u00e9seket k\u00f6vet\u0151en 2016. m\u00e1jus 4-\u00e9n a Sarkadi Eg\u00e9szs\u00e9gfejleszt\u00e9si Irod\u00e1ban k\u00f6sz\u00f6nthett\u00fck Dr. Cs\u00e1nyi P\u00e9ter urat az Emberi Er\u0151forr\u00e1sok Miniszt\u00e9rium\u00e1nak N\u00e9peg\u00e9szs\u00e9g\u00fcgyi F\u0151oszt\u00e1lyvezet\u0151j\u00e9t. A szakmai konzult\u00e1ci\u00f3 c\u00e9lja a Sarkadi Kist\u00e9rs\u00e9g eg\u00e9szs\u00e9gfejleszt\u00e9s\u00e9nek hossz\u00fa t\u00e1v\u00fa megtervez\u00e9se volt. F\u0151oszt\u00e1lyvezet\u0151 \u00farral \u00e9rkezett G\u00e1l Levente, az Eg\u00e9szs\u00e9g\u00fcgyi \u00c1llamtitk\u00e1rs\u00e1g orsz\u00e1gos EFI koordin\u00e1tora \u00e9s Bezzegh P\u00e9ter a Nemzeti Eg\u00e9szs\u00e9gfejleszt\u00e9si Int\u00e9zet orsz\u00e1gos EFI koordin\u00e1tora. A Sarkadi kist\u00e9rs\u00e9get sz\u00e1mos az eg\u00e9szs\u00e9g\u00fcggyel k\u00f6zvetlen\u00fcl vagy k\u00f6zvetve \u00e9rintett szervezet k\u00e9pviselte. A helyi megold\u00e1sok \u00e9s el\u00e9rt eredm\u00e9nyek ismertet\u00e9s\u00e9t k\u00f6vet\u0151en F\u0151oszt\u00e1lyvezet\u0151 \u00dar ismertette az id\u00e9n megny\u00edl\u00f3 p\u00e1ly\u00e1zati lehet\u0151s\u00e9geket \u00e9s a korm\u00e1nyzati programokat. A jelenl\u00e9v\u0151k gyakorlati tapasztalatinak \u00e9s az akt\u00edv munkav\u00e9gz\u00e9snek k\u00f6sz\u00f6nhet\u0151en hat\u00e9konyan siker\u00fclt \u00f6sszehangolni a Sarkadi kist\u00e9rs\u00e9gi ig\u00e9nyeket a p\u00e1ly\u00e1zati forr\u00e1sokkal \u00e9s a korm\u00e1nyzati eg\u00e9szs\u00e9gpolitikai c\u00e9lkit\u0171z\u00e9sekkel.<\/p>\n<p>Szolg\u00e1ltat\u00e1sainkr\u00f3l \u00e9s rendezv\u00e9nyeinkr\u0151l folyamatosan t\u00e1j\u00e9koz\u00f3dhatnak a www.szakrendelo-sarkad.hu\/efi honlapunkon.<\/p>\n<p>Ez\u00faton is k\u00f6sz\u00f6n\u00f6m minden kedves megjelentnek az akt\u00edv r\u00e9szv\u00e9telt \u00e9s a lakoss\u00e1gnak, hogy bizalommal l\u00e1togatja az Eg\u00e9szs\u00e9gfejleszt\u00e9si Irod\u00e1nk \u00e1ltal szervezett programjainkat.<\/p>\n<p>Tov\u00e1bbi j\u00f3 eg\u00e9szs\u00e9get k\u00edv\u00e1nok!<\/p>\n<p style=\"text-align: right\">\nDebreczeni Lajos<br \/>\n\u00fcgyvezet\u0151<\/p>\n<p style=\"text-align: right\"><img loading=\"lazy\" decoding=\"async\" class=\"aligncenter size-full wp-image-1488\" src=\"http:\/\/kjcuj.fazekas.wdsite.hu\/efi\/wp-content\/uploads\/sites\/2\/2016\/06\/21.jpg\" alt=\"\" width=\"169\" height=\"168\" srcset=\"http:\/\/szakrendelo-sarkad.hu\/efi\/wp-content\/uploads\/sites\/2\/2016\/06\/21.jpg 169w, http:\/\/szakrendelo-sarkad.hu\/efi\/wp-content\/uploads\/sites\/2\/2016\/06\/21-150x150.jpg 150w\" sizes=\"auto, (max-width: 169px) 100vw, 169px\" \/><\/p>\n<p>&nbsp;<\/p>\n","protected":false},"excerpt":{"rendered":"<div class=\"entry-summary\">\n<div class=\"entry-summary\">\n&nbsp; Az el\u0151zetes egyeztet\u00e9seket k\u00f6vet\u0151en 2016. m\u00e1jus 4-\u00e9n a Sarkadi Eg\u00e9szs\u00e9gfejleszt\u00e9si Irod\u00e1ban k\u00f6sz\u00f6nthett\u00fck Dr. Cs\u00e1nyi P\u00e9ter urat az&hellip;\n<\/div>\n<div class=\"link-more\"><a href=\"http:\/\/szakrendelo-sarkad.hu\/efi\/2016\/06\/03\/egeszsegfejlesztesi-irodankban-jart-dr-csanyi-peter-nepegeszsegugyi-foosztalyvezeto-ur\/\" class=\"more-link\">Continue reading<span class=\"screen-reader-text\"> &ldquo;Eg\u00e9szs\u00e9gfejleszt\u00e9si Irod\u00e1nkban j\u00e1rt Dr. Cs\u00e1nyi P\u00e9ter N\u00e9peg\u00e9szs\u00e9g\u00fcgyi F\u0151oszt\u00e1lyvezet\u0151 \u00dar&rdquo;<\/span>&hellip;<\/a><\/div>\n<\/div>\n<div class=\"link-more\"><a href=\"http:\/\/szakrendelo-sarkad.hu\/efi\/2016\/06\/03\/egeszsegfejlesztesi-irodankban-jart-dr-csanyi-peter-nepegeszsegugyi-foosztalyvezeto-ur\/\" class=\"more-link\">Continue reading<span class=\"screen-reader-text\"> &ldquo;Eg\u00e9szs\u00e9gfejleszt\u00e9si Irod\u00e1nkban j\u00e1rt Dr. Cs\u00e1nyi P\u00e9ter N\u00e9peg\u00e9szs\u00e9g\u00fcgyi F\u0151oszt\u00e1lyvezet\u0151 \u00dar&rdquo;<\/span>&hellip;<\/a><\/div>\n","protected":false},"author":1,"featured_media":0,"comment_status":"closed","ping_status":"closed","sticky":false,"template":"","format":"standard","meta":{"ngg_post_thumbnail":0,"footnotes":""},"categories":[1],"tags":[],"class_list":["post-1486","post","type-post","status-publish","format-standard","hentry","category-egyeb","entry"],"_links":{"self":[{"href":"http:\/\/szakrendelo-sarkad.hu\/efi\/wp-json\/wp\/v2\/posts\/1486","targetHints":{"allow":["GET"]}}],"collection":[{"href":"http:\/\/szakrendelo-sarkad.hu\/efi\/wp-json\/wp\/v2\/posts"}],"about":[{"href":"http:\/\/szakrendelo-sarkad.hu\/efi\/wp-json\/wp\/v2\/types\/post"}],"author":[{"embeddable":true,"href":"http:\/\/szakrendelo-sarkad.hu\/efi\/wp-json\/wp\/v2\/users\/1"}],"replies":[{"embeddable":true,"href":"http:\/\/szakrendelo-sarkad.hu\/efi\/wp-json\/wp\/v2\/comments?post=1486"}],"version-history":[{"count":0,"href":"http:\/\/szakrendelo-sarkad.hu\/efi\/wp-json\/wp\/v2\/posts\/1486\/revisions"}],"wp:attachment":[{"href":"http:\/\/szakrendelo-sarkad.hu\/efi\/wp-json\/wp\/v2\/media?parent=1486"}],"wp:term":[{"taxonomy":"category","embeddable":true,"href":"http:\/\/szakrendelo-sarkad.hu\/efi\/wp-json\/wp\/v2\/categories?post=1486"},{"taxonomy":"post_tag","embeddable":true,"href":"http:\/\/szakrendelo-sarkad.hu\/efi\/wp-json\/wp\/v2\/tags?post=1486"}],"curies":[{"name":"wp","href":"https:\/\/api.w.org\/{rel}","templated":true}]}}