{"id":1679,"date":"2016-05-29T08:17:19","date_gmt":"2016-05-29T08:17:19","guid":{"rendered":"http:\/\/efi.szakrendelo-sarkad.hu\/?p=1679"},"modified":"2016-05-29T08:17:19","modified_gmt":"2016-05-29T08:17:19","slug":"roma-csaladi-majalis-2016-majus-29","status":"publish","type":"post","link":"http:\/\/szakrendelo-sarkad.hu\/efi\/2016\/05\/29\/roma-csaladi-majalis-2016-majus-29\/","title":{"rendered":"Roma Csal\u00e1di Maj\u00e1lis | 2016. M\u00e1jus 29."},"content":{"rendered":"<ol start=\"2016\">\n<li>m\u00e1jus 29-\u00e9n imm\u00e1r m\u00e1sodik alkalommal ker\u00fclt megrendez\u00e9sre a Roma Csal\u00e1di \u00e9s Gyermekek Maj\u00e1lis\u00e1ra.<\/li>\n<\/ol>\n<p>A rendezv\u00e9nyt a sarkadi Roma Nemzetis\u00e9gi \u00d6nkorm\u00e1nyzat k\u00e9pvisel\u0151i szervezet\u00e9k a gyermekek \u00e9s csal\u00e1djaik sz\u00e1m\u00e1ra a J\u00f3zsef Attila utcai J\u00e1tsz\u00f3t\u00e9ren.<\/p>\n<p>A rendezv\u00e9nyre kil\u00e1togat\u00f3 gyermekek r\u00e9sz\u00e9re sz\u00e1mos programlehet\u0151s\u00e9g volt biztos\u00edtott. A Sarkadi Eg\u00e9szs\u00e9gfejleszt\u00e9si Iroda munkat\u00e1rsai ingyenes sz\u0171r\u0151vizsg\u00e1latra, \u00e1llapotfelm\u00e9r\u00e9sre \u00e9s kock\u00e1zatbecsl\u00e9sre v\u00e1rta az \u00e9rdekl\u0151d\u0151ket.<\/p>\n<p>A rendezv\u00e9ny ideje alatt 71 \u00e9rdekl\u0151d\u0151 vett r\u00e9szt a sz\u0171r\u0151vizsg\u00e1latokon: v\u00e9rnyom\u00e1s \u00e9s pulzusm\u00e9r\u00e9s, testmagass\u00e1g \u00e9s testt\u00f6megm\u00e9r\u00e9s, testt\u00f6megindex sz\u00e1m\u00edt\u00e1s (BMI), testzs\u00edrm\u00e9r\u00e9s, v\u00e9rcukorszint m\u00e9r\u00e9se \u00e9s pulzoxim\u00e9r\u00e9s.<\/p>\n<p>Tov\u00e1bbi j\u00f3 eg\u00e9szs\u00e9get k\u00edv\u00e1nunk minden sarkadi kist\u00e9rs\u00e9gi lakosnak!<\/p>\n<!-- index.php -->\n<div\n\tclass=\"ngg-galleryoverview ngg-ajax-pagination-none\"\n\tid=\"ngg-gallery-c544ee50f8c17077e5a866ab2203d841-1\">\n\n    \t<div class=\"slideshowlink\">\n        <a href='http:\/\/szakrendelo-sarkad.hu\/efi\/2016\/05\/29\/roma-csaladi-majalis-2016-majus-29\/nggallery\/slideshow'>[Diavet\u00edt\u00e9s ind\u00edt\u00e1sa]<\/a>\n\t\t\n\t<\/div>\n\t\t\t<!-- Thumbnails -->\n\t\t\t\t<div id=\"ngg-image-0\" class=\"ngg-gallery-thumbnail-box\" >\n\t\t\t\t        <div class=\"ngg-gallery-thumbnail\">\n            <a href=\"http:\/\/szakrendelo-sarkad.hu\/efi\/wp-content\/gallery\/efiold\/rcsm_0529\/DSC09128.JPG\"\n               title=\"\"\n               data-src=\"http:\/\/szakrendelo-sarkad.hu\/efi\/wp-content\/gallery\/efiold\/rcsm_0529\/DSC09128.JPG\"\n               data-thumbnail=\"http:\/\/szakrendelo-sarkad.hu\/efi\/wp-content\/gallery\/efiold\/rcsm_0529\/thumbs\/thumbs_DSC09128.JPG\"\n               data-image-id=\"712\"\n               data-title=\"DSC09128.JPG\"\n               data-description=\"\"\n               data-image-slug=\"dsc09128-jpg\"\n               class=\"ngg-fancybox\" rel=\"c544ee50f8c17077e5a866ab2203d841\">\n                <img\n                    title=\"DSC09128.JPG\"\n                    alt=\"DSC09128.JPG\"\n                    src=\"http:\/\/szakrendelo-sarkad.hu\/efi\/wp-content\/gallery\/efiold\/rcsm_0529\/thumbs\/thumbs_DSC09128.JPG\"\n                    width=\"100\"\n                    height=\"75\"\n                    style=\"max-width:100%;\"\n                \/>\n            <\/a>\n        <\/div>\n\t\t\t\t\t\t\t<\/div> \n\t\t\t\n        \n\t\t\t\t<div id=\"ngg-image-1\" class=\"ngg-gallery-thumbnail-box\" >\n\t\t\t\t        <div class=\"ngg-gallery-thumbnail\">\n            <a href=\"http:\/\/szakrendelo-sarkad.hu\/efi\/wp-content\/gallery\/efiold\/rcsm_0529\/DSC09134.JPG\"\n               title=\"\"\n               data-src=\"http:\/\/szakrendelo-sarkad.hu\/efi\/wp-content\/gallery\/efiold\/rcsm_0529\/DSC09134.JPG\"\n               data-thumbnail=\"http:\/\/szakrendelo-sarkad.hu\/efi\/wp-content\/gallery\/efiold\/rcsm_0529\/thumbs\/thumbs_DSC09134.JPG\"\n               data-image-id=\"713\"\n               data-title=\"DSC09134.JPG\"\n               data-description=\"\"\n               data-image-slug=\"dsc09134-jpg\"\n               class=\"ngg-fancybox\" rel=\"c544ee50f8c17077e5a866ab2203d841\">\n                <img\n                    title=\"DSC09134.JPG\"\n                    alt=\"DSC09134.JPG\"\n                    src=\"http:\/\/szakrendelo-sarkad.hu\/efi\/wp-content\/gallery\/efiold\/rcsm_0529\/thumbs\/thumbs_DSC09134.JPG\"\n                    width=\"100\"\n                    height=\"75\"\n                    style=\"max-width:100%;\"\n                \/>\n            <\/a>\n        <\/div>\n\t\t\t\t\t\t\t<\/div> \n\t\t\t\n        \n\t\t\t\t<div id=\"ngg-image-2\" class=\"ngg-gallery-thumbnail-box\" >\n\t\t\t\t        <div class=\"ngg-gallery-thumbnail\">\n            <a href=\"http:\/\/szakrendelo-sarkad.hu\/efi\/wp-content\/gallery\/efiold\/rcsm_0529\/DSC09153.JPG\"\n               title=\"\"\n               data-src=\"http:\/\/szakrendelo-sarkad.hu\/efi\/wp-content\/gallery\/efiold\/rcsm_0529\/DSC09153.JPG\"\n               data-thumbnail=\"http:\/\/szakrendelo-sarkad.hu\/efi\/wp-content\/gallery\/efiold\/rcsm_0529\/thumbs\/thumbs_DSC09153.JPG\"\n               data-image-id=\"714\"\n               data-title=\"DSC09153.JPG\"\n               data-description=\"\"\n               data-image-slug=\"dsc09153-jpg\"\n               class=\"ngg-fancybox\" rel=\"c544ee50f8c17077e5a866ab2203d841\">\n                <img\n                    title=\"DSC09153.JPG\"\n                    alt=\"DSC09153.JPG\"\n                    src=\"http:\/\/szakrendelo-sarkad.hu\/efi\/wp-content\/gallery\/efiold\/rcsm_0529\/thumbs\/thumbs_DSC09153.JPG\"\n                    width=\"100\"\n                    height=\"75\"\n                    style=\"max-width:100%;\"\n                \/>\n            <\/a>\n        <\/div>\n\t\t\t\t\t\t\t<\/div> \n\t\t\t\n        \n\t\t\n\t\t<!-- Pagination -->\n\t<div class='ngg-clear'><\/div>\t<\/div>\n\n","protected":false},"excerpt":{"rendered":"<div class=\"entry-summary\">\n<div class=\"entry-summary\">\nm\u00e1jus 29-\u00e9n imm\u00e1r m\u00e1sodik alkalommal ker\u00fclt megrendez\u00e9sre a Roma Csal\u00e1di \u00e9s Gyermekek Maj\u00e1lis\u00e1ra. A rendezv\u00e9nyt a sarkadi Roma&hellip;\n<\/div>\n<div class=\"link-more\"><a href=\"http:\/\/szakrendelo-sarkad.hu\/efi\/2016\/05\/29\/roma-csaladi-majalis-2016-majus-29\/\" class=\"more-link\">Continue reading<span class=\"screen-reader-text\"> &ldquo;Roma Csal\u00e1di Maj\u00e1lis | 2016. M\u00e1jus 29.&rdquo;<\/span>&hellip;<\/a><\/div>\n<\/div>\n<div class=\"link-more\"><a href=\"http:\/\/szakrendelo-sarkad.hu\/efi\/2016\/05\/29\/roma-csaladi-majalis-2016-majus-29\/\" class=\"more-link\">Continue reading<span class=\"screen-reader-text\"> &ldquo;Roma Csal\u00e1di Maj\u00e1lis | 2016. M\u00e1jus 29.&rdquo;<\/span>&hellip;<\/a><\/div>\n","protected":false},"author":1,"featured_media":0,"comment_status":"closed","ping_status":"closed","sticky":false,"template":"","format":"standard","meta":{"ngg_post_thumbnail":0,"footnotes":""},"categories":[1],"tags":[],"class_list":["post-1679","post","type-post","status-publish","format-standard","hentry","category-egyeb","entry"],"_links":{"self":[{"href":"http:\/\/szakrendelo-sarkad.hu\/efi\/wp-json\/wp\/v2\/posts\/1679","targetHints":{"allow":["GET"]}}],"collection":[{"href":"http:\/\/szakrendelo-sarkad.hu\/efi\/wp-json\/wp\/v2\/posts"}],"about":[{"href":"http:\/\/szakrendelo-sarkad.hu\/efi\/wp-json\/wp\/v2\/types\/post"}],"author":[{"embeddable":true,"href":"http:\/\/szakrendelo-sarkad.hu\/efi\/wp-json\/wp\/v2\/users\/1"}],"replies":[{"embeddable":true,"href":"http:\/\/szakrendelo-sarkad.hu\/efi\/wp-json\/wp\/v2\/comments?post=1679"}],"version-history":[{"count":0,"href":"http:\/\/szakrendelo-sarkad.hu\/efi\/wp-json\/wp\/v2\/posts\/1679\/revisions"}],"wp:attachment":[{"href":"http:\/\/szakrendelo-sarkad.hu\/efi\/wp-json\/wp\/v2\/media?parent=1679"}],"wp:term":[{"taxonomy":"category","embeddable":true,"href":"http:\/\/szakrendelo-sarkad.hu\/efi\/wp-json\/wp\/v2\/categories?post=1679"},{"taxonomy":"post_tag","embeddable":true,"href":"http:\/\/szakrendelo-sarkad.hu\/efi\/wp-json\/wp\/v2\/tags?post=1679"}],"curies":[{"name":"wp","href":"https:\/\/api.w.org\/{rel}","templated":true}]}}