{"id":1749,"date":"2016-07-14T05:16:12","date_gmt":"2016-07-14T05:16:12","guid":{"rendered":"http:\/\/efi.szakrendelo-sarkad.hu\/?p=1749"},"modified":"2016-07-14T05:16:12","modified_gmt":"2016-07-14T05:16:12","slug":"forest-fest-2016-2016-julius-9","status":"publish","type":"post","link":"http:\/\/szakrendelo-sarkad.hu\/efi\/2016\/07\/14\/forest-fest-2016-2016-julius-9\/","title":{"rendered":"FOREST FEST 2016 | 2016. J\u00falius 9."},"content":{"rendered":"<ol start=\"2016\">\n<li>j\u00falius 09-\u00e9n ker\u00fclt megrendez\u00e9sre a Sarkad V\u00e1ros\u00e1ban m\u00e1r hagyom\u00e1nyos Forest Fesztiv\u00e1l. Els\u0151 alkalommal kapott megh\u00edv\u00e1st erre a rendezv\u00e9nyre a Sarkadi Eg\u00e9szs\u00e9gfejleszt\u00e9si Iroda.<\/li>\n<\/ol>\n<p>Eg\u00e9szs\u00e9gfejleszt\u00e9si Irod\u00e1nk munkat\u00e1rsai az al\u00e1bbi ingyenes sz\u0171r\u0151vizsg\u00e1latokkal v\u00e1rt\u00e1k az \u00e9rdekl\u0151d\u0151ket:<\/p>\n<ul>\n<li>v\u00e9rnyom\u00e1s,- \u00e9s pulzusm\u00e9r\u00e9s<\/li>\n<li>tests\u00faly- \u00e9s testmagass\u00e1g m\u00e9r\u00e9s<\/li>\n<li>testt\u00f6megindex (BMI) sz\u00e1m\u00edt\u00e1s<\/li>\n<li>v\u00e9rcukorszint m\u00e9r\u00e9s<\/li>\n<li>tstzs\u00edrm\u00e9r\u00e9s<\/li>\n<li>pulzoxim\u00e9r\u00e9s<\/li>\n<li>\u00e1llapotfelm\u00e9r\u00e9s \u00e9s kock\u00e1zatbecsl\u00e9s.<\/li>\n<\/ul>\n<p>A fesztiv\u00e1lon sz\u00ednes programokon vehettek r\u00e9szt az \u00e9rdekl\u0151d\u0151k. B\u0151 v\u00e1laszt\u00e9k volt a k\u00fcl\u00f6nb\u00f6z\u0151 \u00e9rdekl\u0151d\u00e9si k\u00f6rrel rendelkez\u0151k sz\u00e1m\u00e1ra a sz\u00e1mos programelemekb\u0151l.<\/p>\n<p>A Sarkadi Rend\u0151rkapit\u00e1nys\u00e1g munkat\u00e1rsa K\u00f3nya J\u00e1nos rend\u0151r alezredes is csatlakozott az eg\u00e9szs\u00e9g\u00fcgyi standunkhoz. A Rend\u0151rkapit\u00e1nys\u00e1g balesetmegel\u0151z\u00e9si propagand\u00e1j\u00e1val <em>\u201eAddig ny\u00fajt\u00f3zkodj, ameddig nem az \u00e9leted a t\u00e9t!\u201d <\/em>szlogennel k\u00edv\u00e1nta felh\u00edvni a figyelmet az \u00e9sszer\u0171 \u00e9s biztons\u00e1gos sz\u00f3rakoz\u00e1sra.<\/p>\n<p>Eg\u00e9szs\u00e9g\u00fcgyi sz\u0171r\u00e9s\u00fcnk\u00f6n sz\u00e9p sz\u00e1mmal vettek r\u00e9szt, felismerve egyre t\u00f6bben, hogy felel\u0151sek vagyunk saj\u00e1t magunk eg\u00e9szs\u00e9g\u00e9\u00e9rt. Ez\u00faton is k\u00f6sz\u00f6nj\u00fck a szervez\u0151knek, hogy lehet\u0151s\u00e9get biztos\u00edtottak a sz\u0171r\u0151vizsg\u00e1latoknak, hiszen az eg\u00e9szs\u00e9g meg\u0151rz\u00e9se az egyik legnagyobb k\u00f6z\u00f6s c\u00e9lunk.<\/p>\n<!-- index.php -->\n<div\n\tclass=\"ngg-galleryoverview ngg-ajax-pagination-none\"\n\tid=\"ngg-gallery-85b6bbcf12bf1e94e98e1e3f757b9d90-1\">\n\n    \t<div class=\"slideshowlink\">\n        <a href='http:\/\/szakrendelo-sarkad.hu\/efi\/2016\/07\/14\/forest-fest-2016-2016-julius-9\/nggallery\/slideshow'>[Diavet\u00edt\u00e9s ind\u00edt\u00e1sa]<\/a>\n\t\t\n\t<\/div>\n\t\t\t<!-- Thumbnails -->\n\t\t\t\t<div id=\"ngg-image-0\" class=\"ngg-gallery-thumbnail-box\" >\n\t\t\t\t        <div class=\"ngg-gallery-thumbnail\">\n            <a href=\"http:\/\/szakrendelo-sarkad.hu\/efi\/wp-content\/gallery\/efiold\/foresfeszt_160709\/IMG_2233.JPG\"\n               title=\"\"\n               data-src=\"http:\/\/szakrendelo-sarkad.hu\/efi\/wp-content\/gallery\/efiold\/foresfeszt_160709\/IMG_2233.JPG\"\n               data-thumbnail=\"http:\/\/szakrendelo-sarkad.hu\/efi\/wp-content\/gallery\/efiold\/foresfeszt_160709\/thumbs\/thumbs_IMG_2233.JPG\"\n               data-image-id=\"732\"\n               data-title=\"IMG_2233.JPG\"\n               data-description=\"\"\n               data-image-slug=\"img_2233-jpg\"\n               class=\"ngg-fancybox\" rel=\"85b6bbcf12bf1e94e98e1e3f757b9d90\">\n                <img\n                    title=\"IMG_2233.JPG\"\n                    alt=\"IMG_2233.JPG\"\n                    src=\"http:\/\/szakrendelo-sarkad.hu\/efi\/wp-content\/gallery\/efiold\/foresfeszt_160709\/thumbs\/thumbs_IMG_2233.JPG\"\n                    width=\"100\"\n                    height=\"75\"\n                    style=\"max-width:100%;\"\n                \/>\n            <\/a>\n        <\/div>\n\t\t\t\t\t\t\t<\/div> \n\t\t\t\n        \n\t\t\t\t<div id=\"ngg-image-1\" class=\"ngg-gallery-thumbnail-box\" >\n\t\t\t\t        <div class=\"ngg-gallery-thumbnail\">\n            <a href=\"http:\/\/szakrendelo-sarkad.hu\/efi\/wp-content\/gallery\/efiold\/foresfeszt_160709\/IMG_2239.JPG\"\n               title=\"\"\n               data-src=\"http:\/\/szakrendelo-sarkad.hu\/efi\/wp-content\/gallery\/efiold\/foresfeszt_160709\/IMG_2239.JPG\"\n               data-thumbnail=\"http:\/\/szakrendelo-sarkad.hu\/efi\/wp-content\/gallery\/efiold\/foresfeszt_160709\/thumbs\/thumbs_IMG_2239.JPG\"\n               data-image-id=\"733\"\n               data-title=\"IMG_2239.JPG\"\n               data-description=\"\"\n               data-image-slug=\"img_2239-jpg\"\n               class=\"ngg-fancybox\" rel=\"85b6bbcf12bf1e94e98e1e3f757b9d90\">\n                <img\n                    title=\"IMG_2239.JPG\"\n                    alt=\"IMG_2239.JPG\"\n                    src=\"http:\/\/szakrendelo-sarkad.hu\/efi\/wp-content\/gallery\/efiold\/foresfeszt_160709\/thumbs\/thumbs_IMG_2239.JPG\"\n                    width=\"100\"\n                    height=\"75\"\n                    style=\"max-width:100%;\"\n                \/>\n            <\/a>\n        <\/div>\n\t\t\t\t\t\t\t<\/div> \n\t\t\t\n        \n\t\t\t\t<div id=\"ngg-image-2\" class=\"ngg-gallery-thumbnail-box\" >\n\t\t\t\t        <div class=\"ngg-gallery-thumbnail\">\n            <a href=\"http:\/\/szakrendelo-sarkad.hu\/efi\/wp-content\/gallery\/efiold\/foresfeszt_160709\/IMG_2246.JPG\"\n               title=\"\"\n               data-src=\"http:\/\/szakrendelo-sarkad.hu\/efi\/wp-content\/gallery\/efiold\/foresfeszt_160709\/IMG_2246.JPG\"\n               data-thumbnail=\"http:\/\/szakrendelo-sarkad.hu\/efi\/wp-content\/gallery\/efiold\/foresfeszt_160709\/thumbs\/thumbs_IMG_2246.JPG\"\n               data-image-id=\"734\"\n               data-title=\"IMG_2246.JPG\"\n               data-description=\"\"\n               data-image-slug=\"img_2246-jpg\"\n               class=\"ngg-fancybox\" rel=\"85b6bbcf12bf1e94e98e1e3f757b9d90\">\n                <img\n                    title=\"IMG_2246.JPG\"\n                    alt=\"IMG_2246.JPG\"\n                    src=\"http:\/\/szakrendelo-sarkad.hu\/efi\/wp-content\/gallery\/efiold\/foresfeszt_160709\/thumbs\/thumbs_IMG_2246.JPG\"\n                    width=\"100\"\n                    height=\"75\"\n                    style=\"max-width:100%;\"\n                \/>\n            <\/a>\n        <\/div>\n\t\t\t\t\t\t\t<\/div> \n\t\t\t\n        \n\t\t\t\t<div id=\"ngg-image-3\" class=\"ngg-gallery-thumbnail-box\" >\n\t\t\t\t        <div class=\"ngg-gallery-thumbnail\">\n            <a href=\"http:\/\/szakrendelo-sarkad.hu\/efi\/wp-content\/gallery\/efiold\/foresfeszt_160709\/IMG_2255.JPG\"\n               title=\"\"\n               data-src=\"http:\/\/szakrendelo-sarkad.hu\/efi\/wp-content\/gallery\/efiold\/foresfeszt_160709\/IMG_2255.JPG\"\n               data-thumbnail=\"http:\/\/szakrendelo-sarkad.hu\/efi\/wp-content\/gallery\/efiold\/foresfeszt_160709\/thumbs\/thumbs_IMG_2255.JPG\"\n               data-image-id=\"735\"\n               data-title=\"IMG_2255.JPG\"\n               data-description=\"\"\n               data-image-slug=\"img_2255-jpg\"\n               class=\"ngg-fancybox\" rel=\"85b6bbcf12bf1e94e98e1e3f757b9d90\">\n                <img\n                    title=\"IMG_2255.JPG\"\n                    alt=\"IMG_2255.JPG\"\n                    src=\"http:\/\/szakrendelo-sarkad.hu\/efi\/wp-content\/gallery\/efiold\/foresfeszt_160709\/thumbs\/thumbs_IMG_2255.JPG\"\n                    width=\"100\"\n                    height=\"75\"\n                    style=\"max-width:100%;\"\n                \/>\n            <\/a>\n        <\/div>\n\t\t\t\t\t\t\t<\/div> \n\t\t\t\n        \n\t\t\t\t<div id=\"ngg-image-4\" class=\"ngg-gallery-thumbnail-box\" >\n\t\t\t\t        <div class=\"ngg-gallery-thumbnail\">\n            <a href=\"http:\/\/szakrendelo-sarkad.hu\/efi\/wp-content\/gallery\/efiold\/foresfeszt_160709\/IMG_2270.JPG\"\n               title=\"\"\n               data-src=\"http:\/\/szakrendelo-sarkad.hu\/efi\/wp-content\/gallery\/efiold\/foresfeszt_160709\/IMG_2270.JPG\"\n               data-thumbnail=\"http:\/\/szakrendelo-sarkad.hu\/efi\/wp-content\/gallery\/efiold\/foresfeszt_160709\/thumbs\/thumbs_IMG_2270.JPG\"\n               data-image-id=\"736\"\n               data-title=\"IMG_2270.JPG\"\n               data-description=\"\"\n               data-image-slug=\"img_2270-jpg\"\n               class=\"ngg-fancybox\" rel=\"85b6bbcf12bf1e94e98e1e3f757b9d90\">\n                <img\n                    title=\"IMG_2270.JPG\"\n                    alt=\"IMG_2270.JPG\"\n                    src=\"http:\/\/szakrendelo-sarkad.hu\/efi\/wp-content\/gallery\/efiold\/foresfeszt_160709\/thumbs\/thumbs_IMG_2270.JPG\"\n                    width=\"100\"\n                    height=\"75\"\n                    style=\"max-width:100%;\"\n                \/>\n            <\/a>\n        <\/div>\n\t\t\t\t\t\t\t<\/div> \n\t\t\t\n        \n\t\t\t\t<div id=\"ngg-image-5\" class=\"ngg-gallery-thumbnail-box\" >\n\t\t\t\t        <div class=\"ngg-gallery-thumbnail\">\n            <a href=\"http:\/\/szakrendelo-sarkad.hu\/efi\/wp-content\/gallery\/efiold\/foresfeszt_160709\/IMG_2272.JPG\"\n               title=\"\"\n               data-src=\"http:\/\/szakrendelo-sarkad.hu\/efi\/wp-content\/gallery\/efiold\/foresfeszt_160709\/IMG_2272.JPG\"\n               data-thumbnail=\"http:\/\/szakrendelo-sarkad.hu\/efi\/wp-content\/gallery\/efiold\/foresfeszt_160709\/thumbs\/thumbs_IMG_2272.JPG\"\n               data-image-id=\"737\"\n               data-title=\"IMG_2272.JPG\"\n               data-description=\"\"\n               data-image-slug=\"img_2272-jpg\"\n               class=\"ngg-fancybox\" rel=\"85b6bbcf12bf1e94e98e1e3f757b9d90\">\n                <img\n                    title=\"IMG_2272.JPG\"\n                    alt=\"IMG_2272.JPG\"\n                    src=\"http:\/\/szakrendelo-sarkad.hu\/efi\/wp-content\/gallery\/efiold\/foresfeszt_160709\/thumbs\/thumbs_IMG_2272.JPG\"\n                    width=\"100\"\n                    height=\"75\"\n                    style=\"max-width:100%;\"\n                \/>\n            <\/a>\n        <\/div>\n\t\t\t\t\t\t\t<\/div> \n\t\t\t\n        \n\t\t\t\t<div id=\"ngg-image-6\" class=\"ngg-gallery-thumbnail-box\" >\n\t\t\t\t        <div class=\"ngg-gallery-thumbnail\">\n            <a href=\"http:\/\/szakrendelo-sarkad.hu\/efi\/wp-content\/gallery\/efiold\/foresfeszt_160709\/IMG_2279.JPG\"\n               title=\"\"\n               data-src=\"http:\/\/szakrendelo-sarkad.hu\/efi\/wp-content\/gallery\/efiold\/foresfeszt_160709\/IMG_2279.JPG\"\n               data-thumbnail=\"http:\/\/szakrendelo-sarkad.hu\/efi\/wp-content\/gallery\/efiold\/foresfeszt_160709\/thumbs\/thumbs_IMG_2279.JPG\"\n               data-image-id=\"738\"\n               data-title=\"IMG_2279.JPG\"\n               data-description=\"\"\n               data-image-slug=\"img_2279-jpg\"\n               class=\"ngg-fancybox\" rel=\"85b6bbcf12bf1e94e98e1e3f757b9d90\">\n                <img\n                    title=\"IMG_2279.JPG\"\n                    alt=\"IMG_2279.JPG\"\n                    src=\"http:\/\/szakrendelo-sarkad.hu\/efi\/wp-content\/gallery\/efiold\/foresfeszt_160709\/thumbs\/thumbs_IMG_2279.JPG\"\n                    width=\"100\"\n                    height=\"75\"\n                    style=\"max-width:100%;\"\n                \/>\n            <\/a>\n        <\/div>\n\t\t\t\t\t\t\t<\/div> \n\t\t\t\n        \n\t\t\t\t<div id=\"ngg-image-7\" class=\"ngg-gallery-thumbnail-box\" >\n\t\t\t\t        <div class=\"ngg-gallery-thumbnail\">\n            <a href=\"http:\/\/szakrendelo-sarkad.hu\/efi\/wp-content\/gallery\/efiold\/foresfeszt_160709\/IMG_2281.JPG\"\n               title=\"\"\n               data-src=\"http:\/\/szakrendelo-sarkad.hu\/efi\/wp-content\/gallery\/efiold\/foresfeszt_160709\/IMG_2281.JPG\"\n               data-thumbnail=\"http:\/\/szakrendelo-sarkad.hu\/efi\/wp-content\/gallery\/efiold\/foresfeszt_160709\/thumbs\/thumbs_IMG_2281.JPG\"\n               data-image-id=\"739\"\n               data-title=\"IMG_2281.JPG\"\n               data-description=\"\"\n               data-image-slug=\"img_2281-jpg\"\n               class=\"ngg-fancybox\" rel=\"85b6bbcf12bf1e94e98e1e3f757b9d90\">\n                <img\n                    title=\"IMG_2281.JPG\"\n                    alt=\"IMG_2281.JPG\"\n                    src=\"http:\/\/szakrendelo-sarkad.hu\/efi\/wp-content\/gallery\/efiold\/foresfeszt_160709\/thumbs\/thumbs_IMG_2281.JPG\"\n                    width=\"100\"\n                    height=\"75\"\n                    style=\"max-width:100%;\"\n                \/>\n            <\/a>\n        <\/div>\n\t\t\t\t\t\t\t<\/div> \n\t\t\t\n        \n\t\t\n\t\t<!-- Pagination -->\n\t<div class='ngg-clear'><\/div>\t<\/div>\n\n","protected":false},"excerpt":{"rendered":"<div class=\"entry-summary\">\n<div class=\"entry-summary\">\nj\u00falius 09-\u00e9n ker\u00fclt megrendez\u00e9sre a Sarkad V\u00e1ros\u00e1ban m\u00e1r hagyom\u00e1nyos Forest Fesztiv\u00e1l. Els\u0151 alkalommal kapott megh\u00edv\u00e1st erre a rendezv\u00e9nyre&hellip;\n<\/div>\n<div class=\"link-more\"><a href=\"http:\/\/szakrendelo-sarkad.hu\/efi\/2016\/07\/14\/forest-fest-2016-2016-julius-9\/\" class=\"more-link\">Continue reading<span class=\"screen-reader-text\"> &ldquo;FOREST FEST 2016 | 2016. J\u00falius 9.&rdquo;<\/span>&hellip;<\/a><\/div>\n<\/div>\n<div class=\"link-more\"><a href=\"http:\/\/szakrendelo-sarkad.hu\/efi\/2016\/07\/14\/forest-fest-2016-2016-julius-9\/\" class=\"more-link\">Continue reading<span class=\"screen-reader-text\"> &ldquo;FOREST FEST 2016 | 2016. J\u00falius 9.&rdquo;<\/span>&hellip;<\/a><\/div>\n","protected":false},"author":1,"featured_media":0,"comment_status":"closed","ping_status":"closed","sticky":false,"template":"","format":"standard","meta":{"ngg_post_thumbnail":0,"footnotes":""},"categories":[1],"tags":[],"class_list":["post-1749","post","type-post","status-publish","format-standard","hentry","category-egyeb","entry"],"_links":{"self":[{"href":"http:\/\/szakrendelo-sarkad.hu\/efi\/wp-json\/wp\/v2\/posts\/1749","targetHints":{"allow":["GET"]}}],"collection":[{"href":"http:\/\/szakrendelo-sarkad.hu\/efi\/wp-json\/wp\/v2\/posts"}],"about":[{"href":"http:\/\/szakrendelo-sarkad.hu\/efi\/wp-json\/wp\/v2\/types\/post"}],"author":[{"embeddable":true,"href":"http:\/\/szakrendelo-sarkad.hu\/efi\/wp-json\/wp\/v2\/users\/1"}],"replies":[{"embeddable":true,"href":"http:\/\/szakrendelo-sarkad.hu\/efi\/wp-json\/wp\/v2\/comments?post=1749"}],"version-history":[{"count":0,"href":"http:\/\/szakrendelo-sarkad.hu\/efi\/wp-json\/wp\/v2\/posts\/1749\/revisions"}],"wp:attachment":[{"href":"http:\/\/szakrendelo-sarkad.hu\/efi\/wp-json\/wp\/v2\/media?parent=1749"}],"wp:term":[{"taxonomy":"category","embeddable":true,"href":"http:\/\/szakrendelo-sarkad.hu\/efi\/wp-json\/wp\/v2\/categories?post=1749"},{"taxonomy":"post_tag","embeddable":true,"href":"http:\/\/szakrendelo-sarkad.hu\/efi\/wp-json\/wp\/v2\/tags?post=1749"}],"curies":[{"name":"wp","href":"https:\/\/api.w.org\/{rel}","templated":true}]}}