{"id":1806,"date":"2016-07-21T16:38:54","date_gmt":"2016-07-21T16:38:54","guid":{"rendered":"http:\/\/efi.szakrendelo-sarkad.hu\/?p=1806"},"modified":"2016-07-21T16:38:54","modified_gmt":"2016-07-21T16:38:54","slug":"v-afesz-egeszsegugyi-es-sportnap-2016-junius-25","status":"publish","type":"post","link":"http:\/\/szakrendelo-sarkad.hu\/efi\/2016\/07\/21\/v-afesz-egeszsegugyi-es-sportnap-2016-junius-25\/","title":{"rendered":"V. \u00c1F\u00c9SZ Eg\u00e9szs\u00e9g\u00fcgyi \u00e9s Sportnap | 2016. J\u00fanius 25."},"content":{"rendered":"<ol start=\"2016\">\n<li>j\u00fanius 25-\u00e9n, szombaton ker\u00fclt megrendez\u00e9sre a m\u00e1r hagyom\u00e1nyos Sarkad \u00e9s Vid\u00e9ke \u00c1F\u00c9SZ Nyugd\u00edjas Egyes\u00fclet, a Sarkadi Cukorbetegek Egyes\u00fclete \u00e9s a B\u00e9k\u00e9scsabai Mozg\u00e1skorl\u00e1tozottak Sarkadi Egyes\u00fclete Eg\u00e9szs\u00e9g\u00fcgyi \u00e9s Sportnapja. A rendezv\u00e9nyre a Sarkadi Kist\u00e9rs\u00e9gi Eg\u00e9szs\u00e9g\u00fcgyi Fejleszt\u0151 Nonprofit Kft. munkat\u00e1rsai is megh\u00edv\u00e1st kaptak.<\/li>\n<\/ol>\n<p>A megnyit\u00f3 gondolatokat k\u00f6vet\u0151en k\u00f6z\u00f6s bemeleg\u00edt\u00e9ssel indult a program, melyet Bonyh\u00e1di Olga gy\u00f3gytorn\u00e1sz vezetett. Ezt k\u00f6vet\u0151en kezd\u0151dhettek a j\u00e1t\u00e9kos sportvet\u00e9lked\u0151k, ker\u00e9kp\u00e1ros \u00fcgyess\u00e9gi versenyek, unoka-nagyi versenyek. A fel\u00e1ll\u00edtott sz\u00ednpadon a r\u00e9sztvev\u0151 egyes\u00fcletek \u00e9s egy\u00e9ni fell\u00e9p\u0151k sz\u00e1m\u00e1ra ny\u00edlt lehet\u0151s\u00e9g bemutatkoz\u00e1sra.<\/p>\n<p>A sportprogramok mellett p\u00e1rhuzamosan els\u0151seg\u00e9ly ny\u00fajt\u00e1si bemutat\u00f3ra \u00e9s eg\u00e9szs\u00e9g\u00fcgyi sz\u0171r\u0151vizsg\u00e1latok ig\u00e9nybev\u00e9tel\u00e9re volt lehet\u0151s\u00e9g.<\/p>\n<p>Az eg\u00e9szs\u00e9g\u00fcgyi sz\u0171r\u0151vizsg\u00e1latokon a r\u00e9sztvev\u0151k t\u00f6bb, mint a fele vett r\u00e9szt, felismerve azt, hogy felel\u0151sek vagyunk \u00f6nmagunk eg\u00e9szs\u00e9g\u00e9\u00e9rt.<\/p>\n<p>Ez\u00faton k\u00f6sz\u00f6nj\u00fck az \u00c1F\u00c9SZ Nyugd\u00edjas Egyes\u00fclet \u00e1ltal felaj\u00e1nlott eg\u00e9szs\u00e9g\u00fcgyi sz\u0171r\u00e9s lehet\u0151s\u00e9g\u00e9t, hiszen az eg\u00e9szs\u00e9g meg\u0151rz\u00e9se az egyik legnagyobb k\u00f6z\u00f6s c\u00e9lunk.<\/p>\n<p>&nbsp;<\/p>\n<p>K\u00edv\u00e1nunk minden kedves Nyugd\u00edjas sz\u00e1m\u00e1ra kellemes pihen\u00e9st, j\u00f3 nyarat \u00e9s nagyon j\u00f3 eg\u00e9szs\u00e9get!<\/p>\n<!-- index.php -->\n<div\n\tclass=\"ngg-galleryoverview ngg-ajax-pagination-none\"\n\tid=\"ngg-gallery-f26dee8f7810315097413ab54ff22ca7-1\">\n\n    \t<div class=\"slideshowlink\">\n        <a href='http:\/\/szakrendelo-sarkad.hu\/efi\/2016\/07\/21\/v-afesz-egeszsegugyi-es-sportnap-2016-junius-25\/nggallery\/slideshow'>[Diavet\u00edt\u00e9s ind\u00edt\u00e1sa]<\/a>\n\t\t\n\t<\/div>\n\t\t\t<!-- Thumbnails -->\n\t\t\t\t<div id=\"ngg-image-0\" class=\"ngg-gallery-thumbnail-box\" >\n\t\t\t\t        <div class=\"ngg-gallery-thumbnail\">\n            <a href=\"http:\/\/szakrendelo-sarkad.hu\/efi\/wp-content\/gallery\/efiold\/afesz_nyugidjas_sportnap_2016\/IMG_1984.JPG\"\n               title=\"\"\n               data-src=\"http:\/\/szakrendelo-sarkad.hu\/efi\/wp-content\/gallery\/efiold\/afesz_nyugidjas_sportnap_2016\/IMG_1984.JPG\"\n               data-thumbnail=\"http:\/\/szakrendelo-sarkad.hu\/efi\/wp-content\/gallery\/efiold\/afesz_nyugidjas_sportnap_2016\/thumbs\/thumbs_IMG_1984.JPG\"\n               data-image-id=\"750\"\n               data-title=\"IMG_1984.JPG\"\n               data-description=\"\"\n               data-image-slug=\"img_1984-jpg\"\n               class=\"ngg-fancybox\" rel=\"f26dee8f7810315097413ab54ff22ca7\">\n                <img\n                    title=\"IMG_1984.JPG\"\n                    alt=\"IMG_1984.JPG\"\n                    src=\"http:\/\/szakrendelo-sarkad.hu\/efi\/wp-content\/gallery\/efiold\/afesz_nyugidjas_sportnap_2016\/thumbs\/thumbs_IMG_1984.JPG\"\n                    width=\"100\"\n                    height=\"75\"\n                    style=\"max-width:100%;\"\n                \/>\n            <\/a>\n        <\/div>\n\t\t\t\t\t\t\t<\/div> \n\t\t\t\n        \n\t\t\t\t<div id=\"ngg-image-1\" class=\"ngg-gallery-thumbnail-box\" >\n\t\t\t\t        <div class=\"ngg-gallery-thumbnail\">\n            <a href=\"http:\/\/szakrendelo-sarkad.hu\/efi\/wp-content\/gallery\/efiold\/afesz_nyugidjas_sportnap_2016\/IMG_2047.JPG\"\n               title=\"\"\n               data-src=\"http:\/\/szakrendelo-sarkad.hu\/efi\/wp-content\/gallery\/efiold\/afesz_nyugidjas_sportnap_2016\/IMG_2047.JPG\"\n               data-thumbnail=\"http:\/\/szakrendelo-sarkad.hu\/efi\/wp-content\/gallery\/efiold\/afesz_nyugidjas_sportnap_2016\/thumbs\/thumbs_IMG_2047.JPG\"\n               data-image-id=\"764\"\n               data-title=\"IMG_2047.JPG\"\n               data-description=\"\"\n               data-image-slug=\"img_2047-jpg\"\n               class=\"ngg-fancybox\" rel=\"f26dee8f7810315097413ab54ff22ca7\">\n                <img\n                    title=\"IMG_2047.JPG\"\n                    alt=\"IMG_2047.JPG\"\n                    src=\"http:\/\/szakrendelo-sarkad.hu\/efi\/wp-content\/gallery\/efiold\/afesz_nyugidjas_sportnap_2016\/thumbs\/thumbs_IMG_2047.JPG\"\n                    width=\"100\"\n                    height=\"75\"\n                    style=\"max-width:100%;\"\n                \/>\n            <\/a>\n        <\/div>\n\t\t\t\t\t\t\t<\/div> \n\t\t\t\n        \n\t\t\t\t<div id=\"ngg-image-2\" class=\"ngg-gallery-thumbnail-box\" >\n\t\t\t\t        <div class=\"ngg-gallery-thumbnail\">\n            <a href=\"http:\/\/szakrendelo-sarkad.hu\/efi\/wp-content\/gallery\/efiold\/afesz_nyugidjas_sportnap_2016\/IMG_2008.JPG\"\n               title=\"\"\n               data-src=\"http:\/\/szakrendelo-sarkad.hu\/efi\/wp-content\/gallery\/efiold\/afesz_nyugidjas_sportnap_2016\/IMG_2008.JPG\"\n               data-thumbnail=\"http:\/\/szakrendelo-sarkad.hu\/efi\/wp-content\/gallery\/efiold\/afesz_nyugidjas_sportnap_2016\/thumbs\/thumbs_IMG_2008.JPG\"\n               data-image-id=\"759\"\n               data-title=\"IMG_2008.JPG\"\n               data-description=\"\"\n               data-image-slug=\"img_2008-jpg\"\n               class=\"ngg-fancybox\" rel=\"f26dee8f7810315097413ab54ff22ca7\">\n                <img\n                    title=\"IMG_2008.JPG\"\n                    alt=\"IMG_2008.JPG\"\n                    src=\"http:\/\/szakrendelo-sarkad.hu\/efi\/wp-content\/gallery\/efiold\/afesz_nyugidjas_sportnap_2016\/thumbs\/thumbs_IMG_2008.JPG\"\n                    width=\"100\"\n                    height=\"75\"\n                    style=\"max-width:100%;\"\n                \/>\n            <\/a>\n        <\/div>\n\t\t\t\t\t\t\t<\/div> \n\t\t\t\n        \n\t\t\t\t<div id=\"ngg-image-3\" class=\"ngg-gallery-thumbnail-box\" >\n\t\t\t\t        <div class=\"ngg-gallery-thumbnail\">\n            <a href=\"http:\/\/szakrendelo-sarkad.hu\/efi\/wp-content\/gallery\/efiold\/afesz_nyugidjas_sportnap_2016\/IMG_2006.JPG\"\n               title=\"\"\n               data-src=\"http:\/\/szakrendelo-sarkad.hu\/efi\/wp-content\/gallery\/efiold\/afesz_nyugidjas_sportnap_2016\/IMG_2006.JPG\"\n               data-thumbnail=\"http:\/\/szakrendelo-sarkad.hu\/efi\/wp-content\/gallery\/efiold\/afesz_nyugidjas_sportnap_2016\/thumbs\/thumbs_IMG_2006.JPG\"\n               data-image-id=\"758\"\n               data-title=\"IMG_2006.JPG\"\n               data-description=\"\"\n               data-image-slug=\"img_2006-jpg\"\n               class=\"ngg-fancybox\" rel=\"f26dee8f7810315097413ab54ff22ca7\">\n                <img\n                    title=\"IMG_2006.JPG\"\n                    alt=\"IMG_2006.JPG\"\n                    src=\"http:\/\/szakrendelo-sarkad.hu\/efi\/wp-content\/gallery\/efiold\/afesz_nyugidjas_sportnap_2016\/thumbs\/thumbs_IMG_2006.JPG\"\n                    width=\"100\"\n                    height=\"75\"\n                    style=\"max-width:100%;\"\n                \/>\n            <\/a>\n        <\/div>\n\t\t\t\t\t\t\t<\/div> \n\t\t\t\n        \n\t\t\t\t<div id=\"ngg-image-4\" class=\"ngg-gallery-thumbnail-box\" >\n\t\t\t\t        <div class=\"ngg-gallery-thumbnail\">\n            <a href=\"http:\/\/szakrendelo-sarkad.hu\/efi\/wp-content\/gallery\/efiold\/afesz_nyugidjas_sportnap_2016\/IMG_2003.JPG\"\n               title=\"\"\n               data-src=\"http:\/\/szakrendelo-sarkad.hu\/efi\/wp-content\/gallery\/efiold\/afesz_nyugidjas_sportnap_2016\/IMG_2003.JPG\"\n               data-thumbnail=\"http:\/\/szakrendelo-sarkad.hu\/efi\/wp-content\/gallery\/efiold\/afesz_nyugidjas_sportnap_2016\/thumbs\/thumbs_IMG_2003.JPG\"\n               data-image-id=\"757\"\n               data-title=\"IMG_2003.JPG\"\n               data-description=\"\"\n               data-image-slug=\"img_2003-jpg\"\n               class=\"ngg-fancybox\" rel=\"f26dee8f7810315097413ab54ff22ca7\">\n                <img\n                    title=\"IMG_2003.JPG\"\n                    alt=\"IMG_2003.JPG\"\n                    src=\"http:\/\/szakrendelo-sarkad.hu\/efi\/wp-content\/gallery\/efiold\/afesz_nyugidjas_sportnap_2016\/thumbs\/thumbs_IMG_2003.JPG\"\n                    width=\"100\"\n                    height=\"75\"\n                    style=\"max-width:100%;\"\n                \/>\n            <\/a>\n        <\/div>\n\t\t\t\t\t\t\t<\/div> \n\t\t\t\n        \n\t\t\t\t<div id=\"ngg-image-5\" class=\"ngg-gallery-thumbnail-box\" >\n\t\t\t\t        <div class=\"ngg-gallery-thumbnail\">\n            <a href=\"http:\/\/szakrendelo-sarkad.hu\/efi\/wp-content\/gallery\/efiold\/afesz_nyugidjas_sportnap_2016\/IMG_2001.JPG\"\n               title=\"\"\n               data-src=\"http:\/\/szakrendelo-sarkad.hu\/efi\/wp-content\/gallery\/efiold\/afesz_nyugidjas_sportnap_2016\/IMG_2001.JPG\"\n               data-thumbnail=\"http:\/\/szakrendelo-sarkad.hu\/efi\/wp-content\/gallery\/efiold\/afesz_nyugidjas_sportnap_2016\/thumbs\/thumbs_IMG_2001.JPG\"\n               data-image-id=\"756\"\n               data-title=\"IMG_2001.JPG\"\n               data-description=\"\"\n               data-image-slug=\"img_2001-jpg\"\n               class=\"ngg-fancybox\" rel=\"f26dee8f7810315097413ab54ff22ca7\">\n                <img\n                    title=\"IMG_2001.JPG\"\n                    alt=\"IMG_2001.JPG\"\n                    src=\"http:\/\/szakrendelo-sarkad.hu\/efi\/wp-content\/gallery\/efiold\/afesz_nyugidjas_sportnap_2016\/thumbs\/thumbs_IMG_2001.JPG\"\n                    width=\"100\"\n                    height=\"75\"\n                    style=\"max-width:100%;\"\n                \/>\n            <\/a>\n        <\/div>\n\t\t\t\t\t\t\t<\/div> \n\t\t\t\n        \n\t\t\t\t<div id=\"ngg-image-6\" class=\"ngg-gallery-thumbnail-box\" >\n\t\t\t\t        <div class=\"ngg-gallery-thumbnail\">\n            <a href=\"http:\/\/szakrendelo-sarkad.hu\/efi\/wp-content\/gallery\/efiold\/afesz_nyugidjas_sportnap_2016\/IMG_1999.JPG\"\n               title=\"\"\n               data-src=\"http:\/\/szakrendelo-sarkad.hu\/efi\/wp-content\/gallery\/efiold\/afesz_nyugidjas_sportnap_2016\/IMG_1999.JPG\"\n               data-thumbnail=\"http:\/\/szakrendelo-sarkad.hu\/efi\/wp-content\/gallery\/efiold\/afesz_nyugidjas_sportnap_2016\/thumbs\/thumbs_IMG_1999.JPG\"\n               data-image-id=\"755\"\n               data-title=\"IMG_1999.JPG\"\n               data-description=\"\"\n               data-image-slug=\"img_1999-jpg\"\n               class=\"ngg-fancybox\" rel=\"f26dee8f7810315097413ab54ff22ca7\">\n                <img\n                    title=\"IMG_1999.JPG\"\n                    alt=\"IMG_1999.JPG\"\n                    src=\"http:\/\/szakrendelo-sarkad.hu\/efi\/wp-content\/gallery\/efiold\/afesz_nyugidjas_sportnap_2016\/thumbs\/thumbs_IMG_1999.JPG\"\n                    width=\"100\"\n                    height=\"75\"\n                    style=\"max-width:100%;\"\n                \/>\n            <\/a>\n        <\/div>\n\t\t\t\t\t\t\t<\/div> \n\t\t\t\n        \n\t\t\t\t<div id=\"ngg-image-7\" class=\"ngg-gallery-thumbnail-box\" >\n\t\t\t\t        <div class=\"ngg-gallery-thumbnail\">\n            <a href=\"http:\/\/szakrendelo-sarkad.hu\/efi\/wp-content\/gallery\/efiold\/afesz_nyugidjas_sportnap_2016\/IMG_1995.JPG\"\n               title=\"\"\n               data-src=\"http:\/\/szakrendelo-sarkad.hu\/efi\/wp-content\/gallery\/efiold\/afesz_nyugidjas_sportnap_2016\/IMG_1995.JPG\"\n               data-thumbnail=\"http:\/\/szakrendelo-sarkad.hu\/efi\/wp-content\/gallery\/efiold\/afesz_nyugidjas_sportnap_2016\/thumbs\/thumbs_IMG_1995.JPG\"\n               data-image-id=\"754\"\n               data-title=\"IMG_1995.JPG\"\n               data-description=\"\"\n               data-image-slug=\"img_1995-jpg\"\n               class=\"ngg-fancybox\" rel=\"f26dee8f7810315097413ab54ff22ca7\">\n                <img\n                    title=\"IMG_1995.JPG\"\n                    alt=\"IMG_1995.JPG\"\n                    src=\"http:\/\/szakrendelo-sarkad.hu\/efi\/wp-content\/gallery\/efiold\/afesz_nyugidjas_sportnap_2016\/thumbs\/thumbs_IMG_1995.JPG\"\n                    width=\"100\"\n                    height=\"75\"\n                    style=\"max-width:100%;\"\n                \/>\n            <\/a>\n        <\/div>\n\t\t\t\t\t\t\t<\/div> \n\t\t\t\n        \n\t\t\t\t<div id=\"ngg-image-8\" class=\"ngg-gallery-thumbnail-box\" >\n\t\t\t\t        <div class=\"ngg-gallery-thumbnail\">\n            <a href=\"http:\/\/szakrendelo-sarkad.hu\/efi\/wp-content\/gallery\/efiold\/afesz_nyugidjas_sportnap_2016\/IMG_2020.JPG\"\n               title=\"\"\n               data-src=\"http:\/\/szakrendelo-sarkad.hu\/efi\/wp-content\/gallery\/efiold\/afesz_nyugidjas_sportnap_2016\/IMG_2020.JPG\"\n               data-thumbnail=\"http:\/\/szakrendelo-sarkad.hu\/efi\/wp-content\/gallery\/efiold\/afesz_nyugidjas_sportnap_2016\/thumbs\/thumbs_IMG_2020.JPG\"\n               data-image-id=\"762\"\n               data-title=\"IMG_2020.JPG\"\n               data-description=\"\"\n               data-image-slug=\"img_2020-jpg\"\n               class=\"ngg-fancybox\" rel=\"f26dee8f7810315097413ab54ff22ca7\">\n                <img\n                    title=\"IMG_2020.JPG\"\n                    alt=\"IMG_2020.JPG\"\n                    src=\"http:\/\/szakrendelo-sarkad.hu\/efi\/wp-content\/gallery\/efiold\/afesz_nyugidjas_sportnap_2016\/thumbs\/thumbs_IMG_2020.JPG\"\n                    width=\"100\"\n                    height=\"75\"\n                    style=\"max-width:100%;\"\n                \/>\n            <\/a>\n        <\/div>\n\t\t\t\t\t\t\t<\/div> \n\t\t\t\n        \n\t\t\t\t<div id=\"ngg-image-9\" class=\"ngg-gallery-thumbnail-box\" >\n\t\t\t\t        <div class=\"ngg-gallery-thumbnail\">\n            <a href=\"http:\/\/szakrendelo-sarkad.hu\/efi\/wp-content\/gallery\/efiold\/afesz_nyugidjas_sportnap_2016\/IMG_2061.JPG\"\n               title=\"\"\n               data-src=\"http:\/\/szakrendelo-sarkad.hu\/efi\/wp-content\/gallery\/efiold\/afesz_nyugidjas_sportnap_2016\/IMG_2061.JPG\"\n               data-thumbnail=\"http:\/\/szakrendelo-sarkad.hu\/efi\/wp-content\/gallery\/efiold\/afesz_nyugidjas_sportnap_2016\/thumbs\/thumbs_IMG_2061.JPG\"\n               data-image-id=\"765\"\n               data-title=\"IMG_2061.JPG\"\n               data-description=\"\"\n               data-image-slug=\"img_2061-jpg\"\n               class=\"ngg-fancybox\" rel=\"f26dee8f7810315097413ab54ff22ca7\">\n                <img\n                    title=\"IMG_2061.JPG\"\n                    alt=\"IMG_2061.JPG\"\n                    src=\"http:\/\/szakrendelo-sarkad.hu\/efi\/wp-content\/gallery\/efiold\/afesz_nyugidjas_sportnap_2016\/thumbs\/thumbs_IMG_2061.JPG\"\n                    width=\"100\"\n                    height=\"75\"\n                    style=\"max-width:100%;\"\n                \/>\n            <\/a>\n        <\/div>\n\t\t\t\t\t\t\t<\/div> \n\t\t\t\n        \n\t\t\t\t<div id=\"ngg-image-10\" class=\"ngg-gallery-thumbnail-box\" >\n\t\t\t\t        <div class=\"ngg-gallery-thumbnail\">\n            <a href=\"http:\/\/szakrendelo-sarkad.hu\/efi\/wp-content\/gallery\/efiold\/afesz_nyugidjas_sportnap_2016\/IMG_1989.JPG\"\n               title=\"\"\n               data-src=\"http:\/\/szakrendelo-sarkad.hu\/efi\/wp-content\/gallery\/efiold\/afesz_nyugidjas_sportnap_2016\/IMG_1989.JPG\"\n               data-thumbnail=\"http:\/\/szakrendelo-sarkad.hu\/efi\/wp-content\/gallery\/efiold\/afesz_nyugidjas_sportnap_2016\/thumbs\/thumbs_IMG_1989.JPG\"\n               data-image-id=\"751\"\n               data-title=\"IMG_1989.JPG\"\n               data-description=\"\"\n               data-image-slug=\"img_1989-jpg\"\n               class=\"ngg-fancybox\" rel=\"f26dee8f7810315097413ab54ff22ca7\">\n                <img\n                    title=\"IMG_1989.JPG\"\n                    alt=\"IMG_1989.JPG\"\n                    src=\"http:\/\/szakrendelo-sarkad.hu\/efi\/wp-content\/gallery\/efiold\/afesz_nyugidjas_sportnap_2016\/thumbs\/thumbs_IMG_1989.JPG\"\n                    width=\"100\"\n                    height=\"75\"\n                    style=\"max-width:100%;\"\n                \/>\n            <\/a>\n        <\/div>\n\t\t\t\t\t\t\t<\/div> \n\t\t\t\n        \n\t\t\t\t<div id=\"ngg-image-11\" class=\"ngg-gallery-thumbnail-box\" >\n\t\t\t\t        <div class=\"ngg-gallery-thumbnail\">\n            <a href=\"http:\/\/szakrendelo-sarkad.hu\/efi\/wp-content\/gallery\/efiold\/afesz_nyugidjas_sportnap_2016\/IMG_1961.JPG\"\n               title=\"\"\n               data-src=\"http:\/\/szakrendelo-sarkad.hu\/efi\/wp-content\/gallery\/efiold\/afesz_nyugidjas_sportnap_2016\/IMG_1961.JPG\"\n               data-thumbnail=\"http:\/\/szakrendelo-sarkad.hu\/efi\/wp-content\/gallery\/efiold\/afesz_nyugidjas_sportnap_2016\/thumbs\/thumbs_IMG_1961.JPG\"\n               data-image-id=\"740\"\n               data-title=\"IMG_1961.JPG\"\n               data-description=\"\"\n               data-image-slug=\"img_1961-jpg\"\n               class=\"ngg-fancybox\" rel=\"f26dee8f7810315097413ab54ff22ca7\">\n                <img\n                    title=\"IMG_1961.JPG\"\n                    alt=\"IMG_1961.JPG\"\n                    src=\"http:\/\/szakrendelo-sarkad.hu\/efi\/wp-content\/gallery\/efiold\/afesz_nyugidjas_sportnap_2016\/thumbs\/thumbs_IMG_1961.JPG\"\n                    width=\"100\"\n                    height=\"75\"\n                    style=\"max-width:100%;\"\n                \/>\n            <\/a>\n        <\/div>\n\t\t\t\t\t\t\t<\/div> \n\t\t\t\n        \n\t\t\t\t<div id=\"ngg-image-12\" class=\"ngg-gallery-thumbnail-box\" >\n\t\t\t\t        <div class=\"ngg-gallery-thumbnail\">\n            <a href=\"http:\/\/szakrendelo-sarkad.hu\/efi\/wp-content\/gallery\/efiold\/afesz_nyugidjas_sportnap_2016\/IMG_1982.JPG\"\n               title=\"\"\n               data-src=\"http:\/\/szakrendelo-sarkad.hu\/efi\/wp-content\/gallery\/efiold\/afesz_nyugidjas_sportnap_2016\/IMG_1982.JPG\"\n               data-thumbnail=\"http:\/\/szakrendelo-sarkad.hu\/efi\/wp-content\/gallery\/efiold\/afesz_nyugidjas_sportnap_2016\/thumbs\/thumbs_IMG_1982.JPG\"\n               data-image-id=\"749\"\n               data-title=\"IMG_1982.JPG\"\n               data-description=\"\"\n               data-image-slug=\"img_1982-jpg\"\n               class=\"ngg-fancybox\" rel=\"f26dee8f7810315097413ab54ff22ca7\">\n                <img\n                    title=\"IMG_1982.JPG\"\n                    alt=\"IMG_1982.JPG\"\n                    src=\"http:\/\/szakrendelo-sarkad.hu\/efi\/wp-content\/gallery\/efiold\/afesz_nyugidjas_sportnap_2016\/thumbs\/thumbs_IMG_1982.JPG\"\n                    width=\"100\"\n                    height=\"75\"\n                    style=\"max-width:100%;\"\n                \/>\n            <\/a>\n        <\/div>\n\t\t\t\t\t\t\t<\/div> \n\t\t\t\n        \n\t\t\t\t<div id=\"ngg-image-13\" class=\"ngg-gallery-thumbnail-box\" >\n\t\t\t\t        <div class=\"ngg-gallery-thumbnail\">\n            <a href=\"http:\/\/szakrendelo-sarkad.hu\/efi\/wp-content\/gallery\/efiold\/afesz_nyugidjas_sportnap_2016\/IMG_1979.JPG\"\n               title=\"\"\n               data-src=\"http:\/\/szakrendelo-sarkad.hu\/efi\/wp-content\/gallery\/efiold\/afesz_nyugidjas_sportnap_2016\/IMG_1979.JPG\"\n               data-thumbnail=\"http:\/\/szakrendelo-sarkad.hu\/efi\/wp-content\/gallery\/efiold\/afesz_nyugidjas_sportnap_2016\/thumbs\/thumbs_IMG_1979.JPG\"\n               data-image-id=\"748\"\n               data-title=\"IMG_1979.JPG\"\n               data-description=\"\"\n               data-image-slug=\"img_1979-jpg\"\n               class=\"ngg-fancybox\" rel=\"f26dee8f7810315097413ab54ff22ca7\">\n                <img\n                    title=\"IMG_1979.JPG\"\n                    alt=\"IMG_1979.JPG\"\n                    src=\"http:\/\/szakrendelo-sarkad.hu\/efi\/wp-content\/gallery\/efiold\/afesz_nyugidjas_sportnap_2016\/thumbs\/thumbs_IMG_1979.JPG\"\n                    width=\"100\"\n                    height=\"75\"\n                    style=\"max-width:100%;\"\n                \/>\n            <\/a>\n        <\/div>\n\t\t\t\t\t\t\t<\/div> \n\t\t\t\n        \n\t\t\t\t<div id=\"ngg-image-14\" class=\"ngg-gallery-thumbnail-box\" >\n\t\t\t\t        <div class=\"ngg-gallery-thumbnail\">\n            <a href=\"http:\/\/szakrendelo-sarkad.hu\/efi\/wp-content\/gallery\/efiold\/afesz_nyugidjas_sportnap_2016\/IMG_1976.JPG\"\n               title=\"\"\n               data-src=\"http:\/\/szakrendelo-sarkad.hu\/efi\/wp-content\/gallery\/efiold\/afesz_nyugidjas_sportnap_2016\/IMG_1976.JPG\"\n               data-thumbnail=\"http:\/\/szakrendelo-sarkad.hu\/efi\/wp-content\/gallery\/efiold\/afesz_nyugidjas_sportnap_2016\/thumbs\/thumbs_IMG_1976.JPG\"\n               data-image-id=\"747\"\n               data-title=\"IMG_1976.JPG\"\n               data-description=\"\"\n               data-image-slug=\"img_1976-jpg\"\n               class=\"ngg-fancybox\" rel=\"f26dee8f7810315097413ab54ff22ca7\">\n                <img\n                    title=\"IMG_1976.JPG\"\n                    alt=\"IMG_1976.JPG\"\n                    src=\"http:\/\/szakrendelo-sarkad.hu\/efi\/wp-content\/gallery\/efiold\/afesz_nyugidjas_sportnap_2016\/thumbs\/thumbs_IMG_1976.JPG\"\n                    width=\"100\"\n                    height=\"75\"\n                    style=\"max-width:100%;\"\n                \/>\n            <\/a>\n        <\/div>\n\t\t\t\t\t\t\t<\/div> \n\t\t\t\n        \n\t\t\t\t<div id=\"ngg-image-15\" class=\"ngg-gallery-thumbnail-box\" >\n\t\t\t\t        <div class=\"ngg-gallery-thumbnail\">\n            <a href=\"http:\/\/szakrendelo-sarkad.hu\/efi\/wp-content\/gallery\/efiold\/afesz_nyugidjas_sportnap_2016\/IMG_1975.JPG\"\n               title=\"\"\n               data-src=\"http:\/\/szakrendelo-sarkad.hu\/efi\/wp-content\/gallery\/efiold\/afesz_nyugidjas_sportnap_2016\/IMG_1975.JPG\"\n               data-thumbnail=\"http:\/\/szakrendelo-sarkad.hu\/efi\/wp-content\/gallery\/efiold\/afesz_nyugidjas_sportnap_2016\/thumbs\/thumbs_IMG_1975.JPG\"\n               data-image-id=\"746\"\n               data-title=\"IMG_1975.JPG\"\n               data-description=\"\"\n               data-image-slug=\"img_1975-jpg\"\n               class=\"ngg-fancybox\" rel=\"f26dee8f7810315097413ab54ff22ca7\">\n                <img\n                    title=\"IMG_1975.JPG\"\n                    alt=\"IMG_1975.JPG\"\n                    src=\"http:\/\/szakrendelo-sarkad.hu\/efi\/wp-content\/gallery\/efiold\/afesz_nyugidjas_sportnap_2016\/thumbs\/thumbs_IMG_1975.JPG\"\n                    width=\"100\"\n                    height=\"75\"\n                    style=\"max-width:100%;\"\n                \/>\n            <\/a>\n        <\/div>\n\t\t\t\t\t\t\t<\/div> \n\t\t\t\n        \n\t\t\t\t<div id=\"ngg-image-16\" class=\"ngg-gallery-thumbnail-box\" >\n\t\t\t\t        <div class=\"ngg-gallery-thumbnail\">\n            <a href=\"http:\/\/szakrendelo-sarkad.hu\/efi\/wp-content\/gallery\/efiold\/afesz_nyugidjas_sportnap_2016\/IMG_2023.JPG\"\n               title=\"\"\n               data-src=\"http:\/\/szakrendelo-sarkad.hu\/efi\/wp-content\/gallery\/efiold\/afesz_nyugidjas_sportnap_2016\/IMG_2023.JPG\"\n               data-thumbnail=\"http:\/\/szakrendelo-sarkad.hu\/efi\/wp-content\/gallery\/efiold\/afesz_nyugidjas_sportnap_2016\/thumbs\/thumbs_IMG_2023.JPG\"\n               data-image-id=\"763\"\n               data-title=\"IMG_2023.JPG\"\n               data-description=\"\"\n               data-image-slug=\"img_2023-jpg\"\n               class=\"ngg-fancybox\" rel=\"f26dee8f7810315097413ab54ff22ca7\">\n                <img\n                    title=\"IMG_2023.JPG\"\n                    alt=\"IMG_2023.JPG\"\n                    src=\"http:\/\/szakrendelo-sarkad.hu\/efi\/wp-content\/gallery\/efiold\/afesz_nyugidjas_sportnap_2016\/thumbs\/thumbs_IMG_2023.JPG\"\n                    width=\"100\"\n                    height=\"75\"\n                    style=\"max-width:100%;\"\n                \/>\n            <\/a>\n        <\/div>\n\t\t\t\t\t\t\t<\/div> \n\t\t\t\n        \n\t\t\t\t<div id=\"ngg-image-17\" class=\"ngg-gallery-thumbnail-box\" >\n\t\t\t\t        <div class=\"ngg-gallery-thumbnail\">\n            <a href=\"http:\/\/szakrendelo-sarkad.hu\/efi\/wp-content\/gallery\/efiold\/afesz_nyugidjas_sportnap_2016\/IMG_1973.JPG\"\n               title=\"\"\n               data-src=\"http:\/\/szakrendelo-sarkad.hu\/efi\/wp-content\/gallery\/efiold\/afesz_nyugidjas_sportnap_2016\/IMG_1973.JPG\"\n               data-thumbnail=\"http:\/\/szakrendelo-sarkad.hu\/efi\/wp-content\/gallery\/efiold\/afesz_nyugidjas_sportnap_2016\/thumbs\/thumbs_IMG_1973.JPG\"\n               data-image-id=\"744\"\n               data-title=\"IMG_1973.JPG\"\n               data-description=\"\"\n               data-image-slug=\"img_1973-jpg\"\n               class=\"ngg-fancybox\" rel=\"f26dee8f7810315097413ab54ff22ca7\">\n                <img\n                    title=\"IMG_1973.JPG\"\n                    alt=\"IMG_1973.JPG\"\n                    src=\"http:\/\/szakrendelo-sarkad.hu\/efi\/wp-content\/gallery\/efiold\/afesz_nyugidjas_sportnap_2016\/thumbs\/thumbs_IMG_1973.JPG\"\n                    width=\"100\"\n                    height=\"75\"\n                    style=\"max-width:100%;\"\n                \/>\n            <\/a>\n        <\/div>\n\t\t\t\t\t\t\t<\/div> \n\t\t\t\n        \n\t\t\t\t<div id=\"ngg-image-18\" class=\"ngg-gallery-thumbnail-box\" >\n\t\t\t\t        <div class=\"ngg-gallery-thumbnail\">\n            <a href=\"http:\/\/szakrendelo-sarkad.hu\/efi\/wp-content\/gallery\/efiold\/afesz_nyugidjas_sportnap_2016\/IMG_1972.JPG\"\n               title=\"\"\n               data-src=\"http:\/\/szakrendelo-sarkad.hu\/efi\/wp-content\/gallery\/efiold\/afesz_nyugidjas_sportnap_2016\/IMG_1972.JPG\"\n               data-thumbnail=\"http:\/\/szakrendelo-sarkad.hu\/efi\/wp-content\/gallery\/efiold\/afesz_nyugidjas_sportnap_2016\/thumbs\/thumbs_IMG_1972.JPG\"\n               data-image-id=\"743\"\n               data-title=\"IMG_1972.JPG\"\n               data-description=\"\"\n               data-image-slug=\"img_1972-jpg\"\n               class=\"ngg-fancybox\" rel=\"f26dee8f7810315097413ab54ff22ca7\">\n                <img\n                    title=\"IMG_1972.JPG\"\n                    alt=\"IMG_1972.JPG\"\n                    src=\"http:\/\/szakrendelo-sarkad.hu\/efi\/wp-content\/gallery\/efiold\/afesz_nyugidjas_sportnap_2016\/thumbs\/thumbs_IMG_1972.JPG\"\n                    width=\"100\"\n                    height=\"75\"\n                    style=\"max-width:100%;\"\n                \/>\n            <\/a>\n        <\/div>\n\t\t\t\t\t\t\t<\/div> \n\t\t\t\n        \n\t\t\t\t<div id=\"ngg-image-19\" class=\"ngg-gallery-thumbnail-box\" >\n\t\t\t\t        <div class=\"ngg-gallery-thumbnail\">\n            <a href=\"http:\/\/szakrendelo-sarkad.hu\/efi\/wp-content\/gallery\/efiold\/afesz_nyugidjas_sportnap_2016\/IMG_1966.JPG\"\n               title=\"\"\n               data-src=\"http:\/\/szakrendelo-sarkad.hu\/efi\/wp-content\/gallery\/efiold\/afesz_nyugidjas_sportnap_2016\/IMG_1966.JPG\"\n               data-thumbnail=\"http:\/\/szakrendelo-sarkad.hu\/efi\/wp-content\/gallery\/efiold\/afesz_nyugidjas_sportnap_2016\/thumbs\/thumbs_IMG_1966.JPG\"\n               data-image-id=\"742\"\n               data-title=\"IMG_1966.JPG\"\n               data-description=\"\"\n               data-image-slug=\"img_1966-jpg\"\n               class=\"ngg-fancybox\" rel=\"f26dee8f7810315097413ab54ff22ca7\">\n                <img\n                    title=\"IMG_1966.JPG\"\n                    alt=\"IMG_1966.JPG\"\n                    src=\"http:\/\/szakrendelo-sarkad.hu\/efi\/wp-content\/gallery\/efiold\/afesz_nyugidjas_sportnap_2016\/thumbs\/thumbs_IMG_1966.JPG\"\n                    width=\"100\"\n                    height=\"75\"\n                    style=\"max-width:100%;\"\n                \/>\n            <\/a>\n        <\/div>\n\t\t\t\t\t\t\t<\/div> \n\t\t\t\n        \n\t\t\n\t\t<!-- Pagination -->\n\t<div class='ngg-navigation'><span class=\"current\">1<\/span><a class=\"page-numbers\" data-pageid=\"2\" href=\"http:\/\/szakrendelo-sarkad.hu\/efi\/2016\/07\/21\/v-afesz-egeszsegugyi-es-sportnap-2016-junius-25\/nggallery\/page\/2\">2<\/a><a class=\"next\" data-pageid=\"2\" id=\"ngg-next-2\" href=\"http:\/\/szakrendelo-sarkad.hu\/efi\/2016\/07\/21\/v-afesz-egeszsegugyi-es-sportnap-2016-junius-25\/nggallery\/page\/2\">&#9658;<\/a><\/div>\t<\/div>\n\n","protected":false},"excerpt":{"rendered":"<div class=\"entry-summary\">\n<div class=\"entry-summary\">\nj\u00fanius 25-\u00e9n, szombaton ker\u00fclt megrendez\u00e9sre a m\u00e1r hagyom\u00e1nyos Sarkad \u00e9s Vid\u00e9ke \u00c1F\u00c9SZ Nyugd\u00edjas Egyes\u00fclet, a Sarkadi Cukorbetegek Egyes\u00fclete&hellip;\n<\/div>\n<div class=\"link-more\"><a href=\"http:\/\/szakrendelo-sarkad.hu\/efi\/2016\/07\/21\/v-afesz-egeszsegugyi-es-sportnap-2016-junius-25\/\" class=\"more-link\">Continue reading<span class=\"screen-reader-text\"> &ldquo;V. \u00c1F\u00c9SZ Eg\u00e9szs\u00e9g\u00fcgyi \u00e9s Sportnap | 2016. J\u00fanius 25.&rdquo;<\/span>&hellip;<\/a><\/div>\n<\/div>\n<div class=\"link-more\"><a href=\"http:\/\/szakrendelo-sarkad.hu\/efi\/2016\/07\/21\/v-afesz-egeszsegugyi-es-sportnap-2016-junius-25\/\" class=\"more-link\">Continue reading<span class=\"screen-reader-text\"> &ldquo;V. \u00c1F\u00c9SZ Eg\u00e9szs\u00e9g\u00fcgyi \u00e9s Sportnap | 2016. J\u00fanius 25.&rdquo;<\/span>&hellip;<\/a><\/div>\n","protected":false},"author":1,"featured_media":0,"comment_status":"closed","ping_status":"closed","sticky":false,"template":"","format":"standard","meta":{"ngg_post_thumbnail":0,"footnotes":""},"categories":[1],"tags":[],"class_list":["post-1806","post","type-post","status-publish","format-standard","hentry","category-egyeb","entry"],"_links":{"self":[{"href":"http:\/\/szakrendelo-sarkad.hu\/efi\/wp-json\/wp\/v2\/posts\/1806","targetHints":{"allow":["GET"]}}],"collection":[{"href":"http:\/\/szakrendelo-sarkad.hu\/efi\/wp-json\/wp\/v2\/posts"}],"about":[{"href":"http:\/\/szakrendelo-sarkad.hu\/efi\/wp-json\/wp\/v2\/types\/post"}],"author":[{"embeddable":true,"href":"http:\/\/szakrendelo-sarkad.hu\/efi\/wp-json\/wp\/v2\/users\/1"}],"replies":[{"embeddable":true,"href":"http:\/\/szakrendelo-sarkad.hu\/efi\/wp-json\/wp\/v2\/comments?post=1806"}],"version-history":[{"count":0,"href":"http:\/\/szakrendelo-sarkad.hu\/efi\/wp-json\/wp\/v2\/posts\/1806\/revisions"}],"wp:attachment":[{"href":"http:\/\/szakrendelo-sarkad.hu\/efi\/wp-json\/wp\/v2\/media?parent=1806"}],"wp:term":[{"taxonomy":"category","embeddable":true,"href":"http:\/\/szakrendelo-sarkad.hu\/efi\/wp-json\/wp\/v2\/categories?post=1806"},{"taxonomy":"post_tag","embeddable":true,"href":"http:\/\/szakrendelo-sarkad.hu\/efi\/wp-json\/wp\/v2\/tags?post=1806"}],"curies":[{"name":"wp","href":"https:\/\/api.w.org\/{rel}","templated":true}]}}