{"id":2007,"date":"2016-08-12T05:46:51","date_gmt":"2016-08-12T05:46:51","guid":{"rendered":"http:\/\/efi.szakrendelo-sarkad.hu\/?p=2007"},"modified":"2016-08-12T05:46:51","modified_gmt":"2016-08-12T05:46:51","slug":"v-kalvin-teri-csaladi-nap-2016-augusztus-12","status":"publish","type":"post","link":"http:\/\/szakrendelo-sarkad.hu\/efi\/2016\/08\/12\/v-kalvin-teri-csaladi-nap-2016-augusztus-12\/","title":{"rendered":"V. K\u00e1lvin t\u00e9ri Csal\u00e1di nap | 2016. Augusztus 12."},"content":{"rendered":"<p>Sarkadon a K\u00e1lvin t\u00e9ren 2016.augusztus 12-\u00e9n ker\u00fclt megrendez\u00e9sre \u00f6t\u00f6dik alkalommal a csal\u00e1di nap, melyre Eg\u00e9szs\u00e9gfejleszt\u00e9si Irod\u00e1nkat is megh\u00edvt\u00e1k a szervez\u0151k. Nagy \u00f6r\u00f6mmel vett\u00fcnk r\u00e9szt a programon, ahol kiemelt szerepet kapott az eg\u00e9szs\u00e9ges \u00e9letm\u00f3d, az eg\u00e9szs\u00e9ges t\u00e1pl\u00e1lkoz\u00e1s \u00e9s a mozg\u00e1s fontoss\u00e1ga is. J\u00f3 volt l\u00e1tni a gener\u00e1ci\u00f3k \u00f6sszetartoz\u00e1s\u00e1t, a korhat\u00e1rok n\u00e9lk\u00fcli j\u00e1t\u00e9k \u00e9s mozg\u00e1s szeretet\u00e9t. A rendezv\u00e9ny siker\u00e9t az is mutatja, hogy egyre t\u00f6bben vesznek r\u00e9szt a sz\u00ednes programokkal d\u00fas\u00edtott Csal\u00e1di napon.<\/p>\n<p>Irod\u00e1nk nev\u00e9ben ez\u00faton is k\u00f6sz\u00f6nj\u00fck a rendezv\u00e9ny szervez\u0151inek, hogy lehet\u0151s\u00e9get kaptunk a\u00a0 r\u00e9szv\u00e9telre.<\/p>\n<p>Tov\u00e1bbi j\u00f3 eg\u00e9szs\u00e9get k\u00edv\u00e1nunk minden kedves Sarkadon \u00e9l\u0151 Lakosnak!<\/p>\n<!-- index.php -->\n<div\n\tclass=\"ngg-galleryoverview ngg-ajax-pagination-none\"\n\tid=\"ngg-gallery-a71e05f77ffb2c108f4ac27b524ec90e-1\">\n\n    \t<div class=\"slideshowlink\">\n        <a href='http:\/\/szakrendelo-sarkad.hu\/efi\/2016\/08\/12\/v-kalvin-teri-csaladi-nap-2016-augusztus-12\/nggallery\/slideshow'>[Diavet\u00edt\u00e9s ind\u00edt\u00e1sa]<\/a>\n\t\t\n\t<\/div>\n\t\t\t<!-- Thumbnails -->\n\t\t\t\t<div id=\"ngg-image-0\" class=\"ngg-gallery-thumbnail-box\" >\n\t\t\t\t        <div class=\"ngg-gallery-thumbnail\">\n            <a href=\"http:\/\/szakrendelo-sarkad.hu\/efi\/wp-content\/gallery\/efiold\/kalvintercsaladinap_2016-1\/IMG_2852.JPG\"\n               title=\"\"\n               data-src=\"http:\/\/szakrendelo-sarkad.hu\/efi\/wp-content\/gallery\/efiold\/kalvintercsaladinap_2016-1\/IMG_2852.JPG\"\n               data-thumbnail=\"http:\/\/szakrendelo-sarkad.hu\/efi\/wp-content\/gallery\/efiold\/kalvintercsaladinap_2016-1\/thumbs\/thumbs_IMG_2852.JPG\"\n               data-image-id=\"834\"\n               data-title=\"IMG_2852.JPG\"\n               data-description=\"\"\n               data-image-slug=\"img_2852-jpg\"\n               class=\"ngg-fancybox\" rel=\"a71e05f77ffb2c108f4ac27b524ec90e\">\n                <img\n                    title=\"IMG_2852.JPG\"\n                    alt=\"IMG_2852.JPG\"\n                    src=\"http:\/\/szakrendelo-sarkad.hu\/efi\/wp-content\/gallery\/efiold\/kalvintercsaladinap_2016-1\/thumbs\/thumbs_IMG_2852.JPG\"\n                    width=\"100\"\n                    height=\"75\"\n                    style=\"max-width:100%;\"\n                \/>\n            <\/a>\n        <\/div>\n\t\t\t\t\t\t\t<\/div> \n\t\t\t\n        \n\t\t\t\t<div id=\"ngg-image-1\" class=\"ngg-gallery-thumbnail-box\" >\n\t\t\t\t        <div class=\"ngg-gallery-thumbnail\">\n            <a href=\"http:\/\/szakrendelo-sarkad.hu\/efi\/wp-content\/gallery\/efiold\/kalvintercsaladinap_2016-1\/IMG_2881.JPG\"\n               title=\"\"\n               data-src=\"http:\/\/szakrendelo-sarkad.hu\/efi\/wp-content\/gallery\/efiold\/kalvintercsaladinap_2016-1\/IMG_2881.JPG\"\n               data-thumbnail=\"http:\/\/szakrendelo-sarkad.hu\/efi\/wp-content\/gallery\/efiold\/kalvintercsaladinap_2016-1\/thumbs\/thumbs_IMG_2881.JPG\"\n               data-image-id=\"843\"\n               data-title=\"IMG_2881.JPG\"\n               data-description=\"\"\n               data-image-slug=\"img_2881-jpg\"\n               class=\"ngg-fancybox\" rel=\"a71e05f77ffb2c108f4ac27b524ec90e\">\n                <img\n                    title=\"IMG_2881.JPG\"\n                    alt=\"IMG_2881.JPG\"\n                    src=\"http:\/\/szakrendelo-sarkad.hu\/efi\/wp-content\/gallery\/efiold\/kalvintercsaladinap_2016-1\/thumbs\/thumbs_IMG_2881.JPG\"\n                    width=\"100\"\n                    height=\"75\"\n                    style=\"max-width:100%;\"\n                \/>\n            <\/a>\n        <\/div>\n\t\t\t\t\t\t\t<\/div> \n\t\t\t\n        \n\t\t\t\t<div id=\"ngg-image-2\" class=\"ngg-gallery-thumbnail-box\" >\n\t\t\t\t        <div class=\"ngg-gallery-thumbnail\">\n            <a href=\"http:\/\/szakrendelo-sarkad.hu\/efi\/wp-content\/gallery\/efiold\/kalvintercsaladinap_2016-1\/IMG_2874.JPG\"\n               title=\"\"\n               data-src=\"http:\/\/szakrendelo-sarkad.hu\/efi\/wp-content\/gallery\/efiold\/kalvintercsaladinap_2016-1\/IMG_2874.JPG\"\n               data-thumbnail=\"http:\/\/szakrendelo-sarkad.hu\/efi\/wp-content\/gallery\/efiold\/kalvintercsaladinap_2016-1\/thumbs\/thumbs_IMG_2874.JPG\"\n               data-image-id=\"842\"\n               data-title=\"IMG_2874.JPG\"\n               data-description=\"\"\n               data-image-slug=\"img_2874-jpg\"\n               class=\"ngg-fancybox\" rel=\"a71e05f77ffb2c108f4ac27b524ec90e\">\n                <img\n                    title=\"IMG_2874.JPG\"\n                    alt=\"IMG_2874.JPG\"\n                    src=\"http:\/\/szakrendelo-sarkad.hu\/efi\/wp-content\/gallery\/efiold\/kalvintercsaladinap_2016-1\/thumbs\/thumbs_IMG_2874.JPG\"\n                    width=\"100\"\n                    height=\"75\"\n                    style=\"max-width:100%;\"\n                \/>\n            <\/a>\n        <\/div>\n\t\t\t\t\t\t\t<\/div> \n\t\t\t\n        \n\t\t\t\t<div id=\"ngg-image-3\" class=\"ngg-gallery-thumbnail-box\" >\n\t\t\t\t        <div class=\"ngg-gallery-thumbnail\">\n            <a href=\"http:\/\/szakrendelo-sarkad.hu\/efi\/wp-content\/gallery\/efiold\/kalvintercsaladinap_2016-1\/IMG_2873.JPG\"\n               title=\"\"\n               data-src=\"http:\/\/szakrendelo-sarkad.hu\/efi\/wp-content\/gallery\/efiold\/kalvintercsaladinap_2016-1\/IMG_2873.JPG\"\n               data-thumbnail=\"http:\/\/szakrendelo-sarkad.hu\/efi\/wp-content\/gallery\/efiold\/kalvintercsaladinap_2016-1\/thumbs\/thumbs_IMG_2873.JPG\"\n               data-image-id=\"841\"\n               data-title=\"IMG_2873.JPG\"\n               data-description=\"\"\n               data-image-slug=\"img_2873-jpg\"\n               class=\"ngg-fancybox\" rel=\"a71e05f77ffb2c108f4ac27b524ec90e\">\n                <img\n                    title=\"IMG_2873.JPG\"\n                    alt=\"IMG_2873.JPG\"\n                    src=\"http:\/\/szakrendelo-sarkad.hu\/efi\/wp-content\/gallery\/efiold\/kalvintercsaladinap_2016-1\/thumbs\/thumbs_IMG_2873.JPG\"\n                    width=\"100\"\n                    height=\"75\"\n                    style=\"max-width:100%;\"\n                \/>\n            <\/a>\n        <\/div>\n\t\t\t\t\t\t\t<\/div> \n\t\t\t\n        \n\t\t\t\t<div id=\"ngg-image-4\" class=\"ngg-gallery-thumbnail-box\" >\n\t\t\t\t        <div class=\"ngg-gallery-thumbnail\">\n            <a href=\"http:\/\/szakrendelo-sarkad.hu\/efi\/wp-content\/gallery\/efiold\/kalvintercsaladinap_2016-1\/IMG_2871.JPG\"\n               title=\"\"\n               data-src=\"http:\/\/szakrendelo-sarkad.hu\/efi\/wp-content\/gallery\/efiold\/kalvintercsaladinap_2016-1\/IMG_2871.JPG\"\n               data-thumbnail=\"http:\/\/szakrendelo-sarkad.hu\/efi\/wp-content\/gallery\/efiold\/kalvintercsaladinap_2016-1\/thumbs\/thumbs_IMG_2871.JPG\"\n               data-image-id=\"840\"\n               data-title=\"IMG_2871.JPG\"\n               data-description=\"\"\n               data-image-slug=\"img_2871-jpg\"\n               class=\"ngg-fancybox\" rel=\"a71e05f77ffb2c108f4ac27b524ec90e\">\n                <img\n                    title=\"IMG_2871.JPG\"\n                    alt=\"IMG_2871.JPG\"\n                    src=\"http:\/\/szakrendelo-sarkad.hu\/efi\/wp-content\/gallery\/efiold\/kalvintercsaladinap_2016-1\/thumbs\/thumbs_IMG_2871.JPG\"\n                    width=\"100\"\n                    height=\"75\"\n                    style=\"max-width:100%;\"\n                \/>\n            <\/a>\n        <\/div>\n\t\t\t\t\t\t\t<\/div> \n\t\t\t\n        \n\t\t\t\t<div id=\"ngg-image-5\" class=\"ngg-gallery-thumbnail-box\" >\n\t\t\t\t        <div class=\"ngg-gallery-thumbnail\">\n            <a href=\"http:\/\/szakrendelo-sarkad.hu\/efi\/wp-content\/gallery\/efiold\/kalvintercsaladinap_2016-1\/IMG_2870.JPG\"\n               title=\"\"\n               data-src=\"http:\/\/szakrendelo-sarkad.hu\/efi\/wp-content\/gallery\/efiold\/kalvintercsaladinap_2016-1\/IMG_2870.JPG\"\n               data-thumbnail=\"http:\/\/szakrendelo-sarkad.hu\/efi\/wp-content\/gallery\/efiold\/kalvintercsaladinap_2016-1\/thumbs\/thumbs_IMG_2870.JPG\"\n               data-image-id=\"839\"\n               data-title=\"IMG_2870.JPG\"\n               data-description=\"\"\n               data-image-slug=\"img_2870-jpg\"\n               class=\"ngg-fancybox\" rel=\"a71e05f77ffb2c108f4ac27b524ec90e\">\n                <img\n                    title=\"IMG_2870.JPG\"\n                    alt=\"IMG_2870.JPG\"\n                    src=\"http:\/\/szakrendelo-sarkad.hu\/efi\/wp-content\/gallery\/efiold\/kalvintercsaladinap_2016-1\/thumbs\/thumbs_IMG_2870.JPG\"\n                    width=\"100\"\n                    height=\"75\"\n                    style=\"max-width:100%;\"\n                \/>\n            <\/a>\n        <\/div>\n\t\t\t\t\t\t\t<\/div> \n\t\t\t\n        \n\t\t\t\t<div id=\"ngg-image-6\" class=\"ngg-gallery-thumbnail-box\" >\n\t\t\t\t        <div class=\"ngg-gallery-thumbnail\">\n            <a href=\"http:\/\/szakrendelo-sarkad.hu\/efi\/wp-content\/gallery\/efiold\/kalvintercsaladinap_2016-1\/IMG_2867.JPG\"\n               title=\"\"\n               data-src=\"http:\/\/szakrendelo-sarkad.hu\/efi\/wp-content\/gallery\/efiold\/kalvintercsaladinap_2016-1\/IMG_2867.JPG\"\n               data-thumbnail=\"http:\/\/szakrendelo-sarkad.hu\/efi\/wp-content\/gallery\/efiold\/kalvintercsaladinap_2016-1\/thumbs\/thumbs_IMG_2867.JPG\"\n               data-image-id=\"838\"\n               data-title=\"IMG_2867.JPG\"\n               data-description=\"\"\n               data-image-slug=\"img_2867-jpg\"\n               class=\"ngg-fancybox\" rel=\"a71e05f77ffb2c108f4ac27b524ec90e\">\n                <img\n                    title=\"IMG_2867.JPG\"\n                    alt=\"IMG_2867.JPG\"\n                    src=\"http:\/\/szakrendelo-sarkad.hu\/efi\/wp-content\/gallery\/efiold\/kalvintercsaladinap_2016-1\/thumbs\/thumbs_IMG_2867.JPG\"\n                    width=\"100\"\n                    height=\"75\"\n                    style=\"max-width:100%;\"\n                \/>\n            <\/a>\n        <\/div>\n\t\t\t\t\t\t\t<\/div> \n\t\t\t\n        \n\t\t\t\t<div id=\"ngg-image-7\" class=\"ngg-gallery-thumbnail-box\" >\n\t\t\t\t        <div class=\"ngg-gallery-thumbnail\">\n            <a href=\"http:\/\/szakrendelo-sarkad.hu\/efi\/wp-content\/gallery\/efiold\/kalvintercsaladinap_2016-1\/IMG_2865.JPG\"\n               title=\"\"\n               data-src=\"http:\/\/szakrendelo-sarkad.hu\/efi\/wp-content\/gallery\/efiold\/kalvintercsaladinap_2016-1\/IMG_2865.JPG\"\n               data-thumbnail=\"http:\/\/szakrendelo-sarkad.hu\/efi\/wp-content\/gallery\/efiold\/kalvintercsaladinap_2016-1\/thumbs\/thumbs_IMG_2865.JPG\"\n               data-image-id=\"837\"\n               data-title=\"IMG_2865.JPG\"\n               data-description=\"\"\n               data-image-slug=\"img_2865-jpg\"\n               class=\"ngg-fancybox\" rel=\"a71e05f77ffb2c108f4ac27b524ec90e\">\n                <img\n                    title=\"IMG_2865.JPG\"\n                    alt=\"IMG_2865.JPG\"\n                    src=\"http:\/\/szakrendelo-sarkad.hu\/efi\/wp-content\/gallery\/efiold\/kalvintercsaladinap_2016-1\/thumbs\/thumbs_IMG_2865.JPG\"\n                    width=\"100\"\n                    height=\"75\"\n                    style=\"max-width:100%;\"\n                \/>\n            <\/a>\n        <\/div>\n\t\t\t\t\t\t\t<\/div> \n\t\t\t\n        \n\t\t\t\t<div id=\"ngg-image-8\" class=\"ngg-gallery-thumbnail-box\" >\n\t\t\t\t        <div class=\"ngg-gallery-thumbnail\">\n            <a href=\"http:\/\/szakrendelo-sarkad.hu\/efi\/wp-content\/gallery\/efiold\/kalvintercsaladinap_2016-1\/IMG_2864.JPG\"\n               title=\"\"\n               data-src=\"http:\/\/szakrendelo-sarkad.hu\/efi\/wp-content\/gallery\/efiold\/kalvintercsaladinap_2016-1\/IMG_2864.JPG\"\n               data-thumbnail=\"http:\/\/szakrendelo-sarkad.hu\/efi\/wp-content\/gallery\/efiold\/kalvintercsaladinap_2016-1\/thumbs\/thumbs_IMG_2864.JPG\"\n               data-image-id=\"836\"\n               data-title=\"IMG_2864.JPG\"\n               data-description=\"\"\n               data-image-slug=\"img_2864-jpg\"\n               class=\"ngg-fancybox\" rel=\"a71e05f77ffb2c108f4ac27b524ec90e\">\n                <img\n                    title=\"IMG_2864.JPG\"\n                    alt=\"IMG_2864.JPG\"\n                    src=\"http:\/\/szakrendelo-sarkad.hu\/efi\/wp-content\/gallery\/efiold\/kalvintercsaladinap_2016-1\/thumbs\/thumbs_IMG_2864.JPG\"\n                    width=\"100\"\n                    height=\"75\"\n                    style=\"max-width:100%;\"\n                \/>\n            <\/a>\n        <\/div>\n\t\t\t\t\t\t\t<\/div> \n\t\t\t\n        \n\t\t\t\t<div id=\"ngg-image-9\" class=\"ngg-gallery-thumbnail-box\" >\n\t\t\t\t        <div class=\"ngg-gallery-thumbnail\">\n            <a href=\"http:\/\/szakrendelo-sarkad.hu\/efi\/wp-content\/gallery\/efiold\/kalvintercsaladinap_2016-1\/IMG_2859.JPG\"\n               title=\"\"\n               data-src=\"http:\/\/szakrendelo-sarkad.hu\/efi\/wp-content\/gallery\/efiold\/kalvintercsaladinap_2016-1\/IMG_2859.JPG\"\n               data-thumbnail=\"http:\/\/szakrendelo-sarkad.hu\/efi\/wp-content\/gallery\/efiold\/kalvintercsaladinap_2016-1\/thumbs\/thumbs_IMG_2859.JPG\"\n               data-image-id=\"835\"\n               data-title=\"IMG_2859.JPG\"\n               data-description=\"\"\n               data-image-slug=\"img_2859-jpg\"\n               class=\"ngg-fancybox\" rel=\"a71e05f77ffb2c108f4ac27b524ec90e\">\n                <img\n                    title=\"IMG_2859.JPG\"\n                    alt=\"IMG_2859.JPG\"\n                    src=\"http:\/\/szakrendelo-sarkad.hu\/efi\/wp-content\/gallery\/efiold\/kalvintercsaladinap_2016-1\/thumbs\/thumbs_IMG_2859.JPG\"\n                    width=\"100\"\n                    height=\"75\"\n                    style=\"max-width:100%;\"\n                \/>\n            <\/a>\n        <\/div>\n\t\t\t\t\t\t\t<\/div> \n\t\t\t\n        \n\t\t\t\t<div id=\"ngg-image-10\" class=\"ngg-gallery-thumbnail-box\" >\n\t\t\t\t        <div class=\"ngg-gallery-thumbnail\">\n            <a href=\"http:\/\/szakrendelo-sarkad.hu\/efi\/wp-content\/gallery\/efiold\/kalvintercsaladinap_2016-1\/IMG_2827.JPG\"\n               title=\"\"\n               data-src=\"http:\/\/szakrendelo-sarkad.hu\/efi\/wp-content\/gallery\/efiold\/kalvintercsaladinap_2016-1\/IMG_2827.JPG\"\n               data-thumbnail=\"http:\/\/szakrendelo-sarkad.hu\/efi\/wp-content\/gallery\/efiold\/kalvintercsaladinap_2016-1\/thumbs\/thumbs_IMG_2827.JPG\"\n               data-image-id=\"824\"\n               data-title=\"IMG_2827.JPG\"\n               data-description=\"\"\n               data-image-slug=\"img_2827-jpg-1\"\n               class=\"ngg-fancybox\" rel=\"a71e05f77ffb2c108f4ac27b524ec90e\">\n                <img\n                    title=\"IMG_2827.JPG\"\n                    alt=\"IMG_2827.JPG\"\n                    src=\"http:\/\/szakrendelo-sarkad.hu\/efi\/wp-content\/gallery\/efiold\/kalvintercsaladinap_2016-1\/thumbs\/thumbs_IMG_2827.JPG\"\n                    width=\"100\"\n                    height=\"75\"\n                    style=\"max-width:100%;\"\n                \/>\n            <\/a>\n        <\/div>\n\t\t\t\t\t\t\t<\/div> \n\t\t\t\n        \n\t\t\t\t<div id=\"ngg-image-11\" class=\"ngg-gallery-thumbnail-box\" >\n\t\t\t\t        <div class=\"ngg-gallery-thumbnail\">\n            <a href=\"http:\/\/szakrendelo-sarkad.hu\/efi\/wp-content\/gallery\/efiold\/kalvintercsaladinap_2016-1\/IMG_2850.JPG\"\n               title=\"\"\n               data-src=\"http:\/\/szakrendelo-sarkad.hu\/efi\/wp-content\/gallery\/efiold\/kalvintercsaladinap_2016-1\/IMG_2850.JPG\"\n               data-thumbnail=\"http:\/\/szakrendelo-sarkad.hu\/efi\/wp-content\/gallery\/efiold\/kalvintercsaladinap_2016-1\/thumbs\/thumbs_IMG_2850.JPG\"\n               data-image-id=\"833\"\n               data-title=\"IMG_2850.JPG\"\n               data-description=\"\"\n               data-image-slug=\"img_2850-jpg\"\n               class=\"ngg-fancybox\" rel=\"a71e05f77ffb2c108f4ac27b524ec90e\">\n                <img\n                    title=\"IMG_2850.JPG\"\n                    alt=\"IMG_2850.JPG\"\n                    src=\"http:\/\/szakrendelo-sarkad.hu\/efi\/wp-content\/gallery\/efiold\/kalvintercsaladinap_2016-1\/thumbs\/thumbs_IMG_2850.JPG\"\n                    width=\"100\"\n                    height=\"75\"\n                    style=\"max-width:100%;\"\n                \/>\n            <\/a>\n        <\/div>\n\t\t\t\t\t\t\t<\/div> \n\t\t\t\n        \n\t\t\t\t<div id=\"ngg-image-12\" class=\"ngg-gallery-thumbnail-box\" >\n\t\t\t\t        <div class=\"ngg-gallery-thumbnail\">\n            <a href=\"http:\/\/szakrendelo-sarkad.hu\/efi\/wp-content\/gallery\/efiold\/kalvintercsaladinap_2016-1\/IMG_2844.JPG\"\n               title=\"\"\n               data-src=\"http:\/\/szakrendelo-sarkad.hu\/efi\/wp-content\/gallery\/efiold\/kalvintercsaladinap_2016-1\/IMG_2844.JPG\"\n               data-thumbnail=\"http:\/\/szakrendelo-sarkad.hu\/efi\/wp-content\/gallery\/efiold\/kalvintercsaladinap_2016-1\/thumbs\/thumbs_IMG_2844.JPG\"\n               data-image-id=\"832\"\n               data-title=\"IMG_2844.JPG\"\n               data-description=\"\"\n               data-image-slug=\"img_2844-jpg\"\n               class=\"ngg-fancybox\" rel=\"a71e05f77ffb2c108f4ac27b524ec90e\">\n                <img\n                    title=\"IMG_2844.JPG\"\n                    alt=\"IMG_2844.JPG\"\n                    src=\"http:\/\/szakrendelo-sarkad.hu\/efi\/wp-content\/gallery\/efiold\/kalvintercsaladinap_2016-1\/thumbs\/thumbs_IMG_2844.JPG\"\n                    width=\"100\"\n                    height=\"75\"\n                    style=\"max-width:100%;\"\n                \/>\n            <\/a>\n        <\/div>\n\t\t\t\t\t\t\t<\/div> \n\t\t\t\n        \n\t\t\t\t<div id=\"ngg-image-13\" class=\"ngg-gallery-thumbnail-box\" >\n\t\t\t\t        <div class=\"ngg-gallery-thumbnail\">\n            <a href=\"http:\/\/szakrendelo-sarkad.hu\/efi\/wp-content\/gallery\/efiold\/kalvintercsaladinap_2016-1\/IMG_2843.JPG\"\n               title=\"\"\n               data-src=\"http:\/\/szakrendelo-sarkad.hu\/efi\/wp-content\/gallery\/efiold\/kalvintercsaladinap_2016-1\/IMG_2843.JPG\"\n               data-thumbnail=\"http:\/\/szakrendelo-sarkad.hu\/efi\/wp-content\/gallery\/efiold\/kalvintercsaladinap_2016-1\/thumbs\/thumbs_IMG_2843.JPG\"\n               data-image-id=\"831\"\n               data-title=\"IMG_2843.JPG\"\n               data-description=\"\"\n               data-image-slug=\"img_2843-jpg\"\n               class=\"ngg-fancybox\" rel=\"a71e05f77ffb2c108f4ac27b524ec90e\">\n                <img\n                    title=\"IMG_2843.JPG\"\n                    alt=\"IMG_2843.JPG\"\n                    src=\"http:\/\/szakrendelo-sarkad.hu\/efi\/wp-content\/gallery\/efiold\/kalvintercsaladinap_2016-1\/thumbs\/thumbs_IMG_2843.JPG\"\n                    width=\"100\"\n                    height=\"75\"\n                    style=\"max-width:100%;\"\n                \/>\n            <\/a>\n        <\/div>\n\t\t\t\t\t\t\t<\/div> \n\t\t\t\n        \n\t\t\t\t<div id=\"ngg-image-14\" class=\"ngg-gallery-thumbnail-box\" >\n\t\t\t\t        <div class=\"ngg-gallery-thumbnail\">\n            <a href=\"http:\/\/szakrendelo-sarkad.hu\/efi\/wp-content\/gallery\/efiold\/kalvintercsaladinap_2016-1\/IMG_2838.JPG\"\n               title=\"\"\n               data-src=\"http:\/\/szakrendelo-sarkad.hu\/efi\/wp-content\/gallery\/efiold\/kalvintercsaladinap_2016-1\/IMG_2838.JPG\"\n               data-thumbnail=\"http:\/\/szakrendelo-sarkad.hu\/efi\/wp-content\/gallery\/efiold\/kalvintercsaladinap_2016-1\/thumbs\/thumbs_IMG_2838.JPG\"\n               data-image-id=\"830\"\n               data-title=\"IMG_2838.JPG\"\n               data-description=\"\"\n               data-image-slug=\"img_2838-jpg\"\n               class=\"ngg-fancybox\" rel=\"a71e05f77ffb2c108f4ac27b524ec90e\">\n                <img\n                    title=\"IMG_2838.JPG\"\n                    alt=\"IMG_2838.JPG\"\n                    src=\"http:\/\/szakrendelo-sarkad.hu\/efi\/wp-content\/gallery\/efiold\/kalvintercsaladinap_2016-1\/thumbs\/thumbs_IMG_2838.JPG\"\n                    width=\"100\"\n                    height=\"75\"\n                    style=\"max-width:100%;\"\n                \/>\n            <\/a>\n        <\/div>\n\t\t\t\t\t\t\t<\/div> \n\t\t\t\n        \n\t\t\t\t<div id=\"ngg-image-15\" class=\"ngg-gallery-thumbnail-box\" >\n\t\t\t\t        <div class=\"ngg-gallery-thumbnail\">\n            <a href=\"http:\/\/szakrendelo-sarkad.hu\/efi\/wp-content\/gallery\/efiold\/kalvintercsaladinap_2016-1\/IMG_2837.JPG\"\n               title=\"\"\n               data-src=\"http:\/\/szakrendelo-sarkad.hu\/efi\/wp-content\/gallery\/efiold\/kalvintercsaladinap_2016-1\/IMG_2837.JPG\"\n               data-thumbnail=\"http:\/\/szakrendelo-sarkad.hu\/efi\/wp-content\/gallery\/efiold\/kalvintercsaladinap_2016-1\/thumbs\/thumbs_IMG_2837.JPG\"\n               data-image-id=\"829\"\n               data-title=\"IMG_2837.JPG\"\n               data-description=\"\"\n               data-image-slug=\"img_2837-jpg\"\n               class=\"ngg-fancybox\" rel=\"a71e05f77ffb2c108f4ac27b524ec90e\">\n                <img\n                    title=\"IMG_2837.JPG\"\n                    alt=\"IMG_2837.JPG\"\n                    src=\"http:\/\/szakrendelo-sarkad.hu\/efi\/wp-content\/gallery\/efiold\/kalvintercsaladinap_2016-1\/thumbs\/thumbs_IMG_2837.JPG\"\n                    width=\"100\"\n                    height=\"75\"\n                    style=\"max-width:100%;\"\n                \/>\n            <\/a>\n        <\/div>\n\t\t\t\t\t\t\t<\/div> \n\t\t\t\n        \n\t\t\t\t<div id=\"ngg-image-16\" class=\"ngg-gallery-thumbnail-box\" >\n\t\t\t\t        <div class=\"ngg-gallery-thumbnail\">\n            <a href=\"http:\/\/szakrendelo-sarkad.hu\/efi\/wp-content\/gallery\/efiold\/kalvintercsaladinap_2016-1\/IMG_2834.JPG\"\n               title=\"\"\n               data-src=\"http:\/\/szakrendelo-sarkad.hu\/efi\/wp-content\/gallery\/efiold\/kalvintercsaladinap_2016-1\/IMG_2834.JPG\"\n               data-thumbnail=\"http:\/\/szakrendelo-sarkad.hu\/efi\/wp-content\/gallery\/efiold\/kalvintercsaladinap_2016-1\/thumbs\/thumbs_IMG_2834.JPG\"\n               data-image-id=\"828\"\n               data-title=\"IMG_2834.JPG\"\n               data-description=\"\"\n               data-image-slug=\"img_2834-jpg\"\n               class=\"ngg-fancybox\" rel=\"a71e05f77ffb2c108f4ac27b524ec90e\">\n                <img\n                    title=\"IMG_2834.JPG\"\n                    alt=\"IMG_2834.JPG\"\n                    src=\"http:\/\/szakrendelo-sarkad.hu\/efi\/wp-content\/gallery\/efiold\/kalvintercsaladinap_2016-1\/thumbs\/thumbs_IMG_2834.JPG\"\n                    width=\"100\"\n                    height=\"75\"\n                    style=\"max-width:100%;\"\n                \/>\n            <\/a>\n        <\/div>\n\t\t\t\t\t\t\t<\/div> \n\t\t\t\n        \n\t\t\t\t<div id=\"ngg-image-17\" class=\"ngg-gallery-thumbnail-box\" >\n\t\t\t\t        <div class=\"ngg-gallery-thumbnail\">\n            <a href=\"http:\/\/szakrendelo-sarkad.hu\/efi\/wp-content\/gallery\/efiold\/kalvintercsaladinap_2016-1\/IMG_2833.JPG\"\n               title=\"\"\n               data-src=\"http:\/\/szakrendelo-sarkad.hu\/efi\/wp-content\/gallery\/efiold\/kalvintercsaladinap_2016-1\/IMG_2833.JPG\"\n               data-thumbnail=\"http:\/\/szakrendelo-sarkad.hu\/efi\/wp-content\/gallery\/efiold\/kalvintercsaladinap_2016-1\/thumbs\/thumbs_IMG_2833.JPG\"\n               data-image-id=\"827\"\n               data-title=\"IMG_2833.JPG\"\n               data-description=\"\"\n               data-image-slug=\"img_2833-jpg\"\n               class=\"ngg-fancybox\" rel=\"a71e05f77ffb2c108f4ac27b524ec90e\">\n                <img\n                    title=\"IMG_2833.JPG\"\n                    alt=\"IMG_2833.JPG\"\n                    src=\"http:\/\/szakrendelo-sarkad.hu\/efi\/wp-content\/gallery\/efiold\/kalvintercsaladinap_2016-1\/thumbs\/thumbs_IMG_2833.JPG\"\n                    width=\"100\"\n                    height=\"75\"\n                    style=\"max-width:100%;\"\n                \/>\n            <\/a>\n        <\/div>\n\t\t\t\t\t\t\t<\/div> \n\t\t\t\n        \n\t\t\t\t<div id=\"ngg-image-18\" class=\"ngg-gallery-thumbnail-box\" >\n\t\t\t\t        <div class=\"ngg-gallery-thumbnail\">\n            <a href=\"http:\/\/szakrendelo-sarkad.hu\/efi\/wp-content\/gallery\/efiold\/kalvintercsaladinap_2016-1\/IMG_2831.JPG\"\n               title=\"\"\n               data-src=\"http:\/\/szakrendelo-sarkad.hu\/efi\/wp-content\/gallery\/efiold\/kalvintercsaladinap_2016-1\/IMG_2831.JPG\"\n               data-thumbnail=\"http:\/\/szakrendelo-sarkad.hu\/efi\/wp-content\/gallery\/efiold\/kalvintercsaladinap_2016-1\/thumbs\/thumbs_IMG_2831.JPG\"\n               data-image-id=\"826\"\n               data-title=\"IMG_2831.JPG\"\n               data-description=\"\"\n               data-image-slug=\"img_2831-jpg\"\n               class=\"ngg-fancybox\" rel=\"a71e05f77ffb2c108f4ac27b524ec90e\">\n                <img\n                    title=\"IMG_2831.JPG\"\n                    alt=\"IMG_2831.JPG\"\n                    src=\"http:\/\/szakrendelo-sarkad.hu\/efi\/wp-content\/gallery\/efiold\/kalvintercsaladinap_2016-1\/thumbs\/thumbs_IMG_2831.JPG\"\n                    width=\"100\"\n                    height=\"75\"\n                    style=\"max-width:100%;\"\n                \/>\n            <\/a>\n        <\/div>\n\t\t\t\t\t\t\t<\/div> \n\t\t\t\n        \n\t\t\t\t<div id=\"ngg-image-19\" class=\"ngg-gallery-thumbnail-box\" >\n\t\t\t\t        <div class=\"ngg-gallery-thumbnail\">\n            <a href=\"http:\/\/szakrendelo-sarkad.hu\/efi\/wp-content\/gallery\/efiold\/kalvintercsaladinap_2016-1\/IMG_2828.JPG\"\n               title=\"\"\n               data-src=\"http:\/\/szakrendelo-sarkad.hu\/efi\/wp-content\/gallery\/efiold\/kalvintercsaladinap_2016-1\/IMG_2828.JPG\"\n               data-thumbnail=\"http:\/\/szakrendelo-sarkad.hu\/efi\/wp-content\/gallery\/efiold\/kalvintercsaladinap_2016-1\/thumbs\/thumbs_IMG_2828.JPG\"\n               data-image-id=\"825\"\n               data-title=\"IMG_2828.JPG\"\n               data-description=\"\"\n               data-image-slug=\"img_2828-jpg-2\"\n               class=\"ngg-fancybox\" rel=\"a71e05f77ffb2c108f4ac27b524ec90e\">\n                <img\n                    title=\"IMG_2828.JPG\"\n                    alt=\"IMG_2828.JPG\"\n                    src=\"http:\/\/szakrendelo-sarkad.hu\/efi\/wp-content\/gallery\/efiold\/kalvintercsaladinap_2016-1\/thumbs\/thumbs_IMG_2828.JPG\"\n                    width=\"100\"\n                    height=\"75\"\n                    style=\"max-width:100%;\"\n                \/>\n            <\/a>\n        <\/div>\n\t\t\t\t\t\t\t<\/div> \n\t\t\t\n        \n\t\t\n\t\t<!-- Pagination -->\n\t<div class='ngg-clear'><\/div>\t<\/div>\n\n","protected":false},"excerpt":{"rendered":"<div class=\"entry-summary\">\n<div class=\"entry-summary\">\nSarkadon a K\u00e1lvin t\u00e9ren 2016.augusztus 12-\u00e9n ker\u00fclt megrendez\u00e9sre \u00f6t\u00f6dik alkalommal a csal\u00e1di nap, melyre Eg\u00e9szs\u00e9gfejleszt\u00e9si Irod\u00e1nkat is megh\u00edvt\u00e1k&hellip;\n<\/div>\n<div class=\"link-more\"><a href=\"http:\/\/szakrendelo-sarkad.hu\/efi\/2016\/08\/12\/v-kalvin-teri-csaladi-nap-2016-augusztus-12\/\" class=\"more-link\">Continue reading<span class=\"screen-reader-text\"> &ldquo;V. K\u00e1lvin t\u00e9ri Csal\u00e1di nap | 2016. Augusztus 12.&rdquo;<\/span>&hellip;<\/a><\/div>\n<\/div>\n<div class=\"link-more\"><a href=\"http:\/\/szakrendelo-sarkad.hu\/efi\/2016\/08\/12\/v-kalvin-teri-csaladi-nap-2016-augusztus-12\/\" class=\"more-link\">Continue reading<span class=\"screen-reader-text\"> &ldquo;V. K\u00e1lvin t\u00e9ri Csal\u00e1di nap | 2016. Augusztus 12.&rdquo;<\/span>&hellip;<\/a><\/div>\n","protected":false},"author":1,"featured_media":0,"comment_status":"closed","ping_status":"closed","sticky":false,"template":"","format":"standard","meta":{"ngg_post_thumbnail":0,"footnotes":""},"categories":[1],"tags":[],"class_list":["post-2007","post","type-post","status-publish","format-standard","hentry","category-egyeb","entry"],"_links":{"self":[{"href":"http:\/\/szakrendelo-sarkad.hu\/efi\/wp-json\/wp\/v2\/posts\/2007","targetHints":{"allow":["GET"]}}],"collection":[{"href":"http:\/\/szakrendelo-sarkad.hu\/efi\/wp-json\/wp\/v2\/posts"}],"about":[{"href":"http:\/\/szakrendelo-sarkad.hu\/efi\/wp-json\/wp\/v2\/types\/post"}],"author":[{"embeddable":true,"href":"http:\/\/szakrendelo-sarkad.hu\/efi\/wp-json\/wp\/v2\/users\/1"}],"replies":[{"embeddable":true,"href":"http:\/\/szakrendelo-sarkad.hu\/efi\/wp-json\/wp\/v2\/comments?post=2007"}],"version-history":[{"count":0,"href":"http:\/\/szakrendelo-sarkad.hu\/efi\/wp-json\/wp\/v2\/posts\/2007\/revisions"}],"wp:attachment":[{"href":"http:\/\/szakrendelo-sarkad.hu\/efi\/wp-json\/wp\/v2\/media?parent=2007"}],"wp:term":[{"taxonomy":"category","embeddable":true,"href":"http:\/\/szakrendelo-sarkad.hu\/efi\/wp-json\/wp\/v2\/categories?post=2007"},{"taxonomy":"post_tag","embeddable":true,"href":"http:\/\/szakrendelo-sarkad.hu\/efi\/wp-json\/wp\/v2\/tags?post=2007"}],"curies":[{"name":"wp","href":"https:\/\/api.w.org\/{rel}","templated":true}]}}