{"id":2336,"date":"2016-10-17T12:08:35","date_gmt":"2016-10-17T12:08:35","guid":{"rendered":"http:\/\/efi.szakrendelo-sarkad.hu\/?p=2336"},"modified":"2016-10-17T12:08:35","modified_gmt":"2016-10-17T12:08:35","slug":"oszinten-a-vedooltasokrol","status":"publish","type":"post","link":"http:\/\/szakrendelo-sarkad.hu\/efi\/2016\/10\/17\/oszinten-a-vedooltasokrol\/","title":{"rendered":"\u0150SZINT\u00c9N A V\u00c9D\u0150OLT\u00c1SOKR\u00d3L | 2016. Okt\u00f3ber 6."},"content":{"rendered":"<ol start=\"2016\">\n<li>okt\u00f3ber 06-\u00e1n d\u00e9lut\u00e1n 15.00 \u00f3r\u00e1t\u00f3l ker\u00fclt megtart\u00e1sra az \u0150szint\u00e9n a v\u00e9d\u0151olt\u00e1sokr\u00f3l c\u00edm\u0171 el\u0151ad\u00e1s a K\u00f6tegy\u00e1ni M\u0171vel\u0151d\u00e9si H\u00e1z \u00e9s K\u00f6nyvt\u00e1rban .<\/li>\n<\/ol>\n<p>A program elind\u00edt\u00f3ja a telep\u00fcl\u00e9s lakoss\u00e1ga volt, abb\u00f3l a megfontol\u00e1sb\u00f3l, hogy \u00e1tfog\u00f3 k\u00e9pet kapjanak, mind a gyermekkorban, mind az id\u0151skorban adhat\u00f3 k\u00f6telez\u0151 \u00e9s aj\u00e1nlott v\u00e9d\u0151olt\u00e1sokr\u00f3l.<\/p>\n<p>A program megh\u00edvott el\u0151ad\u00f3ja Ruzsa Adrienn v\u00e9d\u0151n\u0151 volt, aki szeml\u00e9letes el\u0151ad\u00e1s\u00e1val h\u00edvta fel a jelenleg haz\u00e1nkban alkalmazott v\u00e9d\u0151olt\u00e1sok fontoss\u00e1g\u00e1ra \u00e9s hat\u00e9konys\u00e1g\u00e1ra a hallgat\u00f3k figyelm\u00e9t. Kiemelten sz\u00f3lt a tin\u00e9dzser l\u00e1nyokat \u00e9rint\u0151 HPV v\u00e9d\u0151olt\u00e1sr\u00f3l.<\/p>\n<p>Hum\u00e1n papilloma v\u00edrussal a magyar n\u0151k 25%-a fert\u0151z\u00f6tt. A HPV jelenleg t\u00f6bb mint 130 fajt\u00e1ja ismert, amelyb\u0151l 40 t\u00edpus okozhat betegs\u00e9geket a nemi szerveken.<\/p>\n<p><strong>A m\u00e9hnyakr\u00e1k 99,7%-ban a HPV-fert\u0151z\u00e9s k\u00f6vetkezm\u00e9nye,<\/strong><strong>\u00a0<\/strong>ez az egyetlen olyan ma ismert v\u00edrus, amelyr\u0151l biztosan tudj\u00e1k, hogy m\u00e9hnyakr\u00e1kot okozhat. \u00c1tlagosan sz\u00e1zb\u00f3l egy fert\u0151z\u00f6tt \u00a0HPV-fert\u0151z\u00e9s kezel\u00e9s\u00e9re jelenleg nem \u00e1ll rendelkez\u00e9sre gy\u00f3gyszer, azonban a m\u00e9hnyakr\u00e1k kialakul\u00e1s\u00e1nak megel\u0151z\u00e9s\u00e9rt sokat tehet\u00fcnk.<\/p>\n<p><strong>\u00a0A ma Magyarorsz\u00e1gon forgalomban l\u00e9v\u0151 HPV-vakcin\u00e1k kiz\u00e1r\u00f3lag a k\u00e9t leggyakrabban el\u0151fordul\u00f3, magas rizik\u00f3j\u00fa HPV 16 \u00e9s HPV 18 v\u00edrusok ellen adnak v\u00e9detts\u00e9get.<\/strong><\/p>\n<p>Az id\u0151sebb koroszt\u00e1lyt \u00e9rint\u0151 influenza \u00e9s Pneumococcus elleni v\u00e9d\u0151olt\u00e1s, amely t\u00fcd\u0151gyullad\u00e1st, agyh\u00e1rtyagyullad\u00e1st \u00e9s szepszist okozhat szint\u00e9n az aj\u00e1nlott olt\u00e1sok k\u00f6r\u00e9t b\u0151v\u00edti.<\/p>\n<p>A v\u00e9d\u0151olt\u00e1sokr\u00f3l b\u0151vebb inform\u00e1ci\u00f3k k\u00e9rhet\u0151ek a feln\u0151tt \u00e9s gyermek h\u00e1ziorvosokt\u00f3l, valamint a B\u00e9k\u00e9s Megyei K\u00f6zponti K\u00f3rh\u00e1z Gyermekoszt\u00e1ly\u00e1n dr. Z\u00e1tonyi Ad\u00e9l gyermekgy\u00f3gy\u00e1sz f\u0151orvos\u00e1t\u00f3l.<br \/>\n<img loading=\"lazy\" decoding=\"async\" class=\"alignleft size-full wp-image-2342\" src=\"http:\/\/kjcuj.fazekas.wdsite.hu\/efi\/wp-content\/uploads\/sites\/2\/2016\/10\/113.jpg\" alt=\"1\" width=\"320\" height=\"180\" srcset=\"http:\/\/szakrendelo-sarkad.hu\/efi\/wp-content\/uploads\/sites\/2\/2016\/10\/113.jpg 320w, http:\/\/szakrendelo-sarkad.hu\/efi\/wp-content\/uploads\/sites\/2\/2016\/10\/113-300x169.jpg 300w\" sizes=\"auto, (max-width: 320px) 100vw, 320px\" \/><img loading=\"lazy\" decoding=\"async\" class=\"alignright size-full wp-image-2343\" src=\"http:\/\/kjcuj.fazekas.wdsite.hu\/efi\/wp-content\/uploads\/sites\/2\/2016\/10\/213.jpg\" alt=\"\" width=\"320\" height=\"180\" srcset=\"http:\/\/szakrendelo-sarkad.hu\/efi\/wp-content\/uploads\/sites\/2\/2016\/10\/213.jpg 320w, http:\/\/szakrendelo-sarkad.hu\/efi\/wp-content\/uploads\/sites\/2\/2016\/10\/213-300x169.jpg 300w\" sizes=\"auto, (max-width: 320px) 100vw, 320px\" \/><\/p>\n","protected":false},"excerpt":{"rendered":"<div class=\"entry-summary\">\n<div class=\"entry-summary\">\nokt\u00f3ber 06-\u00e1n d\u00e9lut\u00e1n 15.00 \u00f3r\u00e1t\u00f3l ker\u00fclt megtart\u00e1sra az \u0150szint\u00e9n a v\u00e9d\u0151olt\u00e1sokr\u00f3l c\u00edm\u0171 el\u0151ad\u00e1s a K\u00f6tegy\u00e1ni M\u0171vel\u0151d\u00e9si H\u00e1z \u00e9s&hellip;\n<\/div>\n<div class=\"link-more\"><a href=\"http:\/\/szakrendelo-sarkad.hu\/efi\/2016\/10\/17\/oszinten-a-vedooltasokrol\/\" class=\"more-link\">Continue reading<span class=\"screen-reader-text\"> &ldquo;\u0150SZINT\u00c9N A V\u00c9D\u0150OLT\u00c1SOKR\u00d3L | 2016. Okt\u00f3ber 6.&rdquo;<\/span>&hellip;<\/a><\/div>\n<\/div>\n<div class=\"link-more\"><a href=\"http:\/\/szakrendelo-sarkad.hu\/efi\/2016\/10\/17\/oszinten-a-vedooltasokrol\/\" class=\"more-link\">Continue reading<span class=\"screen-reader-text\"> &ldquo;\u0150SZINT\u00c9N A V\u00c9D\u0150OLT\u00c1SOKR\u00d3L | 2016. Okt\u00f3ber 6.&rdquo;<\/span>&hellip;<\/a><\/div>\n","protected":false},"author":1,"featured_media":0,"comment_status":"closed","ping_status":"closed","sticky":false,"template":"","format":"standard","meta":{"ngg_post_thumbnail":0,"footnotes":""},"categories":[1],"tags":[],"class_list":["post-2336","post","type-post","status-publish","format-standard","hentry","category-egyeb","entry"],"_links":{"self":[{"href":"http:\/\/szakrendelo-sarkad.hu\/efi\/wp-json\/wp\/v2\/posts\/2336","targetHints":{"allow":["GET"]}}],"collection":[{"href":"http:\/\/szakrendelo-sarkad.hu\/efi\/wp-json\/wp\/v2\/posts"}],"about":[{"href":"http:\/\/szakrendelo-sarkad.hu\/efi\/wp-json\/wp\/v2\/types\/post"}],"author":[{"embeddable":true,"href":"http:\/\/szakrendelo-sarkad.hu\/efi\/wp-json\/wp\/v2\/users\/1"}],"replies":[{"embeddable":true,"href":"http:\/\/szakrendelo-sarkad.hu\/efi\/wp-json\/wp\/v2\/comments?post=2336"}],"version-history":[{"count":0,"href":"http:\/\/szakrendelo-sarkad.hu\/efi\/wp-json\/wp\/v2\/posts\/2336\/revisions"}],"wp:attachment":[{"href":"http:\/\/szakrendelo-sarkad.hu\/efi\/wp-json\/wp\/v2\/media?parent=2336"}],"wp:term":[{"taxonomy":"category","embeddable":true,"href":"http:\/\/szakrendelo-sarkad.hu\/efi\/wp-json\/wp\/v2\/categories?post=2336"},{"taxonomy":"post_tag","embeddable":true,"href":"http:\/\/szakrendelo-sarkad.hu\/efi\/wp-json\/wp\/v2\/tags?post=2336"}],"curies":[{"name":"wp","href":"https:\/\/api.w.org\/{rel}","templated":true}]}}