{"id":2410,"date":"2016-11-25T16:36:21","date_gmt":"2016-11-25T16:36:21","guid":{"rendered":"http:\/\/efi.szakrendelo-sarkad.hu\/?p=2410"},"modified":"2016-11-25T16:36:21","modified_gmt":"2016-11-25T16:36:21","slug":"egeszseg-rally-a-sarkadi-altalanos-iskolaban-2016-november-18","status":"publish","type":"post","link":"http:\/\/szakrendelo-sarkad.hu\/efi\/2016\/11\/25\/egeszseg-rally-a-sarkadi-altalanos-iskolaban-2016-november-18\/","title":{"rendered":"Eg\u00e9szs\u00e9g rally a Sarkadi \u00c1ltal\u00e1nos Iskol\u00e1ban | 2016. November 18."},"content":{"rendered":"<p>2016. november 18-\u00e1n p\u00e9nteken d\u00e9lut\u00e1n Eg\u00e9szs\u00e9g rally c\u00edmmel eg\u00e9szs\u00e9gfejleszt\u0151 d\u00e9lut\u00e1n ker\u00fclt megtart\u00e1sra a Sarkadi \u00c1ltal\u00e1nos Iskol\u00e1ban.<\/p>\n<p>A programot szervez\u0151 pedag\u00f3gusok sz\u00ednes, j\u00e1t\u00e9kos \u00e9s b\u0151 inform\u00e1ci\u00f3t tartalmaz\u00f3 \u201eeg\u00e9szs\u00e9g\u00e1llom\u00e1sokat\u201d szerveztek a fels\u0151 tagozatos di\u00e1kok sz\u00e1m\u00e1ra. Oszt\u00e1lyonk\u00e9nt 1-1 csapat pr\u00f3b\u00e1lhatott ki az eg\u00e9szs\u00e9ges \u00e9letm\u00f3ddal kapcsolatos j\u00e1t\u00e9kos feladatokat.<\/p>\n<p>A Sarkadi Eg\u00e9szs\u00e9gfejleszt\u00e9si Iroda a Preveza V\u00e9d\u0151n\u0151i Szolg\u00e1lattal k\u00f6z\u00f6sen egy eg\u00e9szs\u00e9gpont \u00e1llom\u00e1sa volt, ahol hasznos inform\u00e1ci\u00f3kat kaptak a di\u00e1kok a doh\u00e1nyz\u00e1s k\u00e1ros hat\u00e1sair\u00f3l. Demonstr\u00e1ci\u00f3s eszk\u00f6z\u00f6k seg\u00edts\u00e9g\u00e9vel megtekinthett\u00e9k az eg\u00e9szs\u00e9ges \u00e9s a beteg t\u00fcd\u0151 \u00e1llag\u00e1t \u00e9s kipr\u00f3b\u00e1lhatt\u00e1k a Smokerlyzer kil\u00e9gz\u00e9si CO m\u00e9r\u00e9st.<\/p>\n<p>Tartalmas, sz\u00ednes \u00e9s b\u0151s\u00e9ges inform\u00e1ci\u00f3val lettek gazdagabbak a gyerekek \u00e9s nem utols\u00f3 sorban ir\u00e1nyvonalat kaptak egy eg\u00e9szs\u00e9gesebb \u00e9letm\u00f3d kialak\u00edt\u00e1sa fel\u00e9.<\/p>\n<p><img loading=\"lazy\" decoding=\"async\" class=\"alignright size-full wp-image-2413\" src=\"http:\/\/kjcuj.fazekas.wdsite.hu\/efi\/wp-content\/uploads\/sites\/2\/2016\/11\/2.jpg\" alt=\"\" width=\"300\" height=\"169\" \/><\/p>\n<p><img loading=\"lazy\" decoding=\"async\" class=\"alignleft size-full wp-image-2412\" src=\"http:\/\/kjcuj.fazekas.wdsite.hu\/efi\/wp-content\/uploads\/sites\/2\/2016\/11\/1.jpg\" alt=\"\" width=\"300\" height=\"169\" \/><\/p>\n","protected":false},"excerpt":{"rendered":"<div class=\"entry-summary\">\n<div class=\"entry-summary\">\n2016. november 18-\u00e1n p\u00e9nteken d\u00e9lut\u00e1n Eg\u00e9szs\u00e9g rally c\u00edmmel eg\u00e9szs\u00e9gfejleszt\u0151 d\u00e9lut\u00e1n ker\u00fclt megtart\u00e1sra a Sarkadi \u00c1ltal\u00e1nos Iskol\u00e1ban. A programot&hellip;\n<\/div>\n<div class=\"link-more\"><a href=\"http:\/\/szakrendelo-sarkad.hu\/efi\/2016\/11\/25\/egeszseg-rally-a-sarkadi-altalanos-iskolaban-2016-november-18\/\" class=\"more-link\">Continue reading<span class=\"screen-reader-text\"> &ldquo;Eg\u00e9szs\u00e9g rally a Sarkadi \u00c1ltal\u00e1nos Iskol\u00e1ban | 2016. November 18.&rdquo;<\/span>&hellip;<\/a><\/div>\n<\/div>\n<div class=\"link-more\"><a href=\"http:\/\/szakrendelo-sarkad.hu\/efi\/2016\/11\/25\/egeszseg-rally-a-sarkadi-altalanos-iskolaban-2016-november-18\/\" class=\"more-link\">Continue reading<span class=\"screen-reader-text\"> &ldquo;Eg\u00e9szs\u00e9g rally a Sarkadi \u00c1ltal\u00e1nos Iskol\u00e1ban | 2016. November 18.&rdquo;<\/span>&hellip;<\/a><\/div>\n","protected":false},"author":1,"featured_media":0,"comment_status":"closed","ping_status":"closed","sticky":false,"template":"","format":"standard","meta":{"ngg_post_thumbnail":0,"footnotes":""},"categories":[1],"tags":[],"class_list":["post-2410","post","type-post","status-publish","format-standard","hentry","category-egyeb","entry"],"_links":{"self":[{"href":"http:\/\/szakrendelo-sarkad.hu\/efi\/wp-json\/wp\/v2\/posts\/2410","targetHints":{"allow":["GET"]}}],"collection":[{"href":"http:\/\/szakrendelo-sarkad.hu\/efi\/wp-json\/wp\/v2\/posts"}],"about":[{"href":"http:\/\/szakrendelo-sarkad.hu\/efi\/wp-json\/wp\/v2\/types\/post"}],"author":[{"embeddable":true,"href":"http:\/\/szakrendelo-sarkad.hu\/efi\/wp-json\/wp\/v2\/users\/1"}],"replies":[{"embeddable":true,"href":"http:\/\/szakrendelo-sarkad.hu\/efi\/wp-json\/wp\/v2\/comments?post=2410"}],"version-history":[{"count":0,"href":"http:\/\/szakrendelo-sarkad.hu\/efi\/wp-json\/wp\/v2\/posts\/2410\/revisions"}],"wp:attachment":[{"href":"http:\/\/szakrendelo-sarkad.hu\/efi\/wp-json\/wp\/v2\/media?parent=2410"}],"wp:term":[{"taxonomy":"category","embeddable":true,"href":"http:\/\/szakrendelo-sarkad.hu\/efi\/wp-json\/wp\/v2\/categories?post=2410"},{"taxonomy":"post_tag","embeddable":true,"href":"http:\/\/szakrendelo-sarkad.hu\/efi\/wp-json\/wp\/v2\/tags?post=2410"}],"curies":[{"name":"wp","href":"https:\/\/api.w.org\/{rel}","templated":true}]}}