{"id":2611,"date":"2016-12-16T10:43:31","date_gmt":"2016-12-16T10:43:31","guid":{"rendered":"http:\/\/efi.szakrendelo-sarkad.hu\/?p=2611"},"modified":"2016-12-16T10:43:31","modified_gmt":"2016-12-16T10:43:31","slug":"koszonet-a-szuloknek-az-orszagos-tisztifoorvos-nyilt-levele","status":"publish","type":"post","link":"http:\/\/szakrendelo-sarkad.hu\/efi\/2016\/12\/16\/koszonet-a-szuloknek-az-orszagos-tisztifoorvos-nyilt-levele\/","title":{"rendered":"K\u00f6sz\u00f6net a sz\u00fcl\u0151knek &#8211; Az orsz\u00e1gos tisztif\u0151orvos ny\u00edlt levele"},"content":{"rendered":"<p style=\"text-align: justify\"><img loading=\"lazy\" decoding=\"async\" class=\"size-full wp-image-2612 aligncenter\" src=\"http:\/\/kjcuj.fazekas.wdsite.hu\/efi\/wp-content\/uploads\/sites\/2\/2016\/12\/head.jpg\" alt=\"\" width=\"644\" height=\"263\" srcset=\"http:\/\/szakrendelo-sarkad.hu\/efi\/wp-content\/uploads\/sites\/2\/2016\/12\/head.jpg 644w, http:\/\/szakrendelo-sarkad.hu\/efi\/wp-content\/uploads\/sites\/2\/2016\/12\/head-300x123.jpg 300w\" sizes=\"auto, (max-width: 644px) 100vw, 644px\" \/><\/p>\n<blockquote>\n<p style=\"text-align: justify\">Sz\u00e1zezer magyar \u00e9lete. Sz\u00e1zezer magyar fiatal l\u00e1ny, akib\u0151l egyszer anya lehet, majd nagymama. Az elm\u00falt h\u00e1rom \u00e9vben sz\u00e1zezer le\u00e1nynak adtunk lehet\u0151s\u00e9get, hogy a v\u00e9d\u0151olt\u00e1s ny\u00fajtotta kock\u00e1zatcs\u00f6kkent\u00e9s mellett a majd rendszeresen v\u00e9gzett m\u00e9hnyakr\u00e1k sz\u0171r\u00e9ssel megv\u00e9dhesse mag\u00e1t att\u00f3l, hogy feln\u0151tt kor\u00e1bban m\u00e9hnyakr\u00e1kban betegedjen meg. Ugye milyen sok sz\u00e1zezer ember \u00e9lete? Ha csak eggyel lenne kevesebb, m\u00e1r az is \u00f3ri\u00e1si sikernek mondhat\u00f3. De ha az az egy pont az \u00d6n le\u00e1nya lenne, aki belehal a m\u00e9hnyakr\u00e1kba? Ugye akkor mindent megtenne, hogy csak eggyel legyen t\u00f6bb le\u00e1ny, aki m\u00e1r v\u00e9dett a hum\u00e1n papillomav\u00edrus (HPV) leggyakoribb r\u00e1kkelt\u0151 t\u00edpusai ellen.<br \/>\nMagyarorsz\u00e1gon 2014 szeptember\u00e9t\u0151l ig\u00e9nyelhetik a 7. oszt\u00e1lyos l\u00e1nyok sz\u00fclei a m\u00e9hnyakr\u00e1k elleni t\u00e9r\u00edt\u00e9smentes v\u00e9d\u0151olt\u00e1sokat a Nemzeti V\u00e9d\u0151olt\u00e1si Program r\u00e9szek\u00e9nt. K\u00f6sz\u00f6nhet\u0151en annak, hogy az \u00e1llami gondoskod\u00e1st felel\u0151s sz\u00fcl\u0151i gondoskod\u00e1s k\u00f6vette, \u00e1tl\u00e9pt\u00fck a b\u0171v\u00f6s hat\u00e1rt. Bejelenthetj\u00fck, hogy 100 000 le\u00e1ny m\u00e1r r\u00e9szes\u00fclt abban a v\u00e9d\u0151olt\u00e1sban, amely a k\u00e9s\u0151bbi rendszeres sz\u0171r\u00e9ssel egy\u00fctt megv\u00e9dheti \u0151ket a m\u00e9hnyakr\u00e1kt\u00f3l.<br \/>\nSajnos haz\u00e1nkban a m\u00e9hnyakr\u00e1k a 45 \u00e9v alatti magyar n\u0151k m\u00e1sodik leggyakoribb r\u00e1kos megbeteged\u00e9se, \u00e9vente k\u00f6zel 400 n\u0151 veszti \u00e9let\u00e9t ebben a megbeteged\u00e9sben. Nem minden gener\u00e1ci\u00f3 olyan szerencs\u00e9s, hogy id\u0151ben szerezheti meg a v\u00e9detts\u00e9get, r\u00e1ad\u00e1sul t\u00e9r\u00edt\u00e9smentesen. A siker a felel\u0151s sz\u00fcl\u0151i gondoskod\u00e1snak k\u00f6sz\u00f6nhet\u0151. De nem d\u0151lhet\u00fcnk h\u00e1tra, hiszen az \u00e9rintett koroszt\u00e1ly \u00e1toltotts\u00e1g\u00e1t m\u00e9g lehetne n\u00f6velni. Az ingyenes v\u00e9d\u0151olt\u00e1s minden egyes 7. oszt\u00e1lyos le\u00e1ny sz\u00e1m\u00e1ra biztos\u00edtott id\u00e9n is. Ez\u00e9rt az Orsz\u00e1gos Tisztif\u0151orvosi Hivatal \u00fagy d\u00f6nt\u00f6tt, meghirdeti a m\u00e1sodik kamp\u00e1nyolt\u00e1st. Ez azt jelenti, hogy a sz\u00fcl\u0151k, akiknek le\u00e1nya ebben a tan\u00e9vben jogosult az ingyenes v\u00e9d\u0151olt\u00e1sra, december 16-ig m\u00e9g nyilatkozhatnak annak ig\u00e9nyl\u00e9s\u00e9r\u0151l.<br \/>\nAz adventi id\u0151szakban, a kar\u00e1csonyi aj\u00e1nd\u00e9kv\u00e1s\u00e1rl\u00e1s perceiben, ha csak egyetlen egy, de eg\u00e9sz \u00e9letre sz\u00f3l\u00f3 aj\u00e1nd\u00e9kot adhatna a le\u00e1ny\u00e1nak, akkor mit v\u00e1lasztana? Eg\u00e9szen biztosan azt adn\u00e1 neki, hogy egyszer \u0151 is anya lehessen, majd nagymama. Ha az \u00d6n gyermeke is jogosult id\u00e9n a v\u00e9d\u0151olt\u00e1sra, \u00e9s m\u00e9g nem ig\u00e9nyelte azt, \u00e9ljen az \u00fajabb lehet\u0151s\u00e9ggel!<br \/>\nDr. Szentes Tam\u00e1s<br \/>\n\/www.egeszseg.hu\/<\/p>\n<\/blockquote>\n","protected":false},"excerpt":{"rendered":"<div class=\"entry-summary\">\n<div class=\"entry-summary\">\nSz\u00e1zezer magyar \u00e9lete. Sz\u00e1zezer magyar fiatal l\u00e1ny, akib\u0151l egyszer anya lehet, majd nagymama. Az elm\u00falt h\u00e1rom \u00e9vben sz\u00e1zezer&hellip;\n<\/div>\n<div class=\"link-more\"><a href=\"http:\/\/szakrendelo-sarkad.hu\/efi\/2016\/12\/16\/koszonet-a-szuloknek-az-orszagos-tisztifoorvos-nyilt-levele\/\" class=\"more-link\">Continue reading<span class=\"screen-reader-text\"> &ldquo;K\u00f6sz\u00f6net a sz\u00fcl\u0151knek &#8211; Az orsz\u00e1gos tisztif\u0151orvos ny\u00edlt levele&rdquo;<\/span>&hellip;<\/a><\/div>\n<\/div>\n<div class=\"link-more\"><a href=\"http:\/\/szakrendelo-sarkad.hu\/efi\/2016\/12\/16\/koszonet-a-szuloknek-az-orszagos-tisztifoorvos-nyilt-levele\/\" class=\"more-link\">Continue reading<span class=\"screen-reader-text\"> &ldquo;K\u00f6sz\u00f6net a sz\u00fcl\u0151knek &#8211; Az orsz\u00e1gos tisztif\u0151orvos ny\u00edlt levele&rdquo;<\/span>&hellip;<\/a><\/div>\n","protected":false},"author":1,"featured_media":0,"comment_status":"closed","ping_status":"closed","sticky":false,"template":"","format":"standard","meta":{"ngg_post_thumbnail":0,"footnotes":""},"categories":[1],"tags":[],"class_list":["post-2611","post","type-post","status-publish","format-standard","hentry","category-egyeb","entry"],"_links":{"self":[{"href":"http:\/\/szakrendelo-sarkad.hu\/efi\/wp-json\/wp\/v2\/posts\/2611","targetHints":{"allow":["GET"]}}],"collection":[{"href":"http:\/\/szakrendelo-sarkad.hu\/efi\/wp-json\/wp\/v2\/posts"}],"about":[{"href":"http:\/\/szakrendelo-sarkad.hu\/efi\/wp-json\/wp\/v2\/types\/post"}],"author":[{"embeddable":true,"href":"http:\/\/szakrendelo-sarkad.hu\/efi\/wp-json\/wp\/v2\/users\/1"}],"replies":[{"embeddable":true,"href":"http:\/\/szakrendelo-sarkad.hu\/efi\/wp-json\/wp\/v2\/comments?post=2611"}],"version-history":[{"count":0,"href":"http:\/\/szakrendelo-sarkad.hu\/efi\/wp-json\/wp\/v2\/posts\/2611\/revisions"}],"wp:attachment":[{"href":"http:\/\/szakrendelo-sarkad.hu\/efi\/wp-json\/wp\/v2\/media?parent=2611"}],"wp:term":[{"taxonomy":"category","embeddable":true,"href":"http:\/\/szakrendelo-sarkad.hu\/efi\/wp-json\/wp\/v2\/categories?post=2611"},{"taxonomy":"post_tag","embeddable":true,"href":"http:\/\/szakrendelo-sarkad.hu\/efi\/wp-json\/wp\/v2\/tags?post=2611"}],"curies":[{"name":"wp","href":"https:\/\/api.w.org\/{rel}","templated":true}]}}