{"id":2659,"date":"2017-02-01T17:48:38","date_gmt":"2017-02-01T17:48:38","guid":{"rendered":"http:\/\/efi.szakrendelo-sarkad.hu\/?p=2659"},"modified":"2017-02-01T17:48:38","modified_gmt":"2017-02-01T17:48:38","slug":"rakellenes-vilagnap2017-februar-4","status":"publish","type":"post","link":"http:\/\/szakrendelo-sarkad.hu\/efi\/2017\/02\/01\/rakellenes-vilagnap2017-februar-4\/","title":{"rendered":"R\u00e1kellenes vil\u00e1gnap|2017. febru\u00e1r 4"},"content":{"rendered":"<h3><img loading=\"lazy\" decoding=\"async\" class=\"alignleft  wp-image-2661\" src=\"http:\/\/kjcuj.fazekas.wdsite.hu\/efi\/wp-content\/uploads\/sites\/2\/2017\/02\/1.jpg\" alt=\"1\" width=\"152\" height=\"212\" \/>Minden harmadik r\u00e1kbetegs\u00e9g megel\u0151zhet\u0151 lenne, ez\u00e9rt nagyon fontos, hogy tiszt\u00e1ban legy\u00fcnk azzal, mit tehet\u00fcnk annak \u00e9rdek\u00e9ben, hogy elker\u00fclj\u00fck a r\u00e1kos megbeteged\u00e9seket.\u00a0 Az eg\u00e9szs\u00e9ges \u00e9letm\u00f3d alapszab\u00e1lyainak betart\u00e1sa mellett fontos, hogy r\u00e9szt vegy\u00fcnk a sz\u0171r\u0151vizsg\u00e1latokon is, hiszen minden daganatos betegs\u00e9g eredm\u00e9nyesebben kezelhet\u0151, ha korai \u00e1llapotban ismerik fel.<\/h3>\n<h3><\/h3>\n<p>&nbsp;<\/p>\n<p><img loading=\"lazy\" decoding=\"async\" class=\"aligncenter size-full wp-image-2660\" src=\"http:\/\/kjcuj.fazekas.wdsite.hu\/efi\/wp-content\/uploads\/sites\/2\/2017\/02\/t.jpg\" alt=\"\" width=\"571\" height=\"887\" srcset=\"http:\/\/szakrendelo-sarkad.hu\/efi\/wp-content\/uploads\/sites\/2\/2017\/02\/t.jpg 571w, http:\/\/szakrendelo-sarkad.hu\/efi\/wp-content\/uploads\/sites\/2\/2017\/02\/t-193x300.jpg 193w\" sizes=\"auto, (max-width: 571px) 100vw, 571px\" \/><\/p>\n<p>forr\u00e1s: daganatok.hu<\/p>\n","protected":false},"excerpt":{"rendered":"<div class=\"entry-summary\">\n<div class=\"entry-summary\">\nMinden harmadik r\u00e1kbetegs\u00e9g megel\u0151zhet\u0151 lenne, ez\u00e9rt nagyon fontos, hogy tiszt\u00e1ban legy\u00fcnk azzal, mit tehet\u00fcnk annak \u00e9rdek\u00e9ben, hogy elker\u00fclj\u00fck&hellip;\n<\/div>\n<div class=\"link-more\"><a href=\"http:\/\/szakrendelo-sarkad.hu\/efi\/2017\/02\/01\/rakellenes-vilagnap2017-februar-4\/\" class=\"more-link\">Continue reading<span class=\"screen-reader-text\"> &ldquo;R\u00e1kellenes vil\u00e1gnap|2017. febru\u00e1r 4&rdquo;<\/span>&hellip;<\/a><\/div>\n<\/div>\n<div class=\"link-more\"><a href=\"http:\/\/szakrendelo-sarkad.hu\/efi\/2017\/02\/01\/rakellenes-vilagnap2017-februar-4\/\" class=\"more-link\">Continue reading<span class=\"screen-reader-text\"> &ldquo;R\u00e1kellenes vil\u00e1gnap|2017. febru\u00e1r 4&rdquo;<\/span>&hellip;<\/a><\/div>\n","protected":false},"author":1,"featured_media":0,"comment_status":"closed","ping_status":"closed","sticky":false,"template":"","format":"standard","meta":{"ngg_post_thumbnail":0,"footnotes":""},"categories":[1],"tags":[],"class_list":["post-2659","post","type-post","status-publish","format-standard","hentry","category-egyeb","entry"],"_links":{"self":[{"href":"http:\/\/szakrendelo-sarkad.hu\/efi\/wp-json\/wp\/v2\/posts\/2659","targetHints":{"allow":["GET"]}}],"collection":[{"href":"http:\/\/szakrendelo-sarkad.hu\/efi\/wp-json\/wp\/v2\/posts"}],"about":[{"href":"http:\/\/szakrendelo-sarkad.hu\/efi\/wp-json\/wp\/v2\/types\/post"}],"author":[{"embeddable":true,"href":"http:\/\/szakrendelo-sarkad.hu\/efi\/wp-json\/wp\/v2\/users\/1"}],"replies":[{"embeddable":true,"href":"http:\/\/szakrendelo-sarkad.hu\/efi\/wp-json\/wp\/v2\/comments?post=2659"}],"version-history":[{"count":0,"href":"http:\/\/szakrendelo-sarkad.hu\/efi\/wp-json\/wp\/v2\/posts\/2659\/revisions"}],"wp:attachment":[{"href":"http:\/\/szakrendelo-sarkad.hu\/efi\/wp-json\/wp\/v2\/media?parent=2659"}],"wp:term":[{"taxonomy":"category","embeddable":true,"href":"http:\/\/szakrendelo-sarkad.hu\/efi\/wp-json\/wp\/v2\/categories?post=2659"},{"taxonomy":"post_tag","embeddable":true,"href":"http:\/\/szakrendelo-sarkad.hu\/efi\/wp-json\/wp\/v2\/tags?post=2659"}],"curies":[{"name":"wp","href":"https:\/\/api.w.org\/{rel}","templated":true}]}}