{"id":2698,"date":"2017-03-23T09:09:15","date_gmt":"2017-03-23T09:09:15","guid":{"rendered":"http:\/\/efi.szakrendelo-sarkad.hu\/?p=2698"},"modified":"2017-03-23T09:09:15","modified_gmt":"2017-03-23T09:09:15","slug":"fogapolas-prevencios-foglalkozas-2017-marcius-aprilis","status":"publish","type":"post","link":"http:\/\/szakrendelo-sarkad.hu\/efi\/2017\/03\/23\/fogapolas-prevencios-foglalkozas-2017-marcius-aprilis\/","title":{"rendered":"Fog\u00e1pol\u00e1s prevenci\u00f3s foglalkoz\u00e1s | 2017. M\u00e1rcius &#8211; \u00c1prilis"},"content":{"rendered":"<p>A Sarkadi Eg\u00e9szs\u00e9gfejleszt\u00e9si Iroda m\u00e1rcius- \u00e1prilis h\u00f3napban az al\u00e1bbi kist\u00e9rs\u00e9gi \u00d3vod\u00e1kban tart <strong><em>Sz\u00e1j\u00e1pol\u00e1s, fog\u00e1pol\u00e1s \u00f3vodai prevenci\u00f3s foglalkoz\u00e1sokat<\/em><\/strong>.<\/p>\n<p><img loading=\"lazy\" decoding=\"async\" class=\"aligncenter size-full wp-image-2699\" src=\"http:\/\/kjcuj.fazekas.wdsite.hu\/efi\/wp-content\/uploads\/sites\/2\/2017\/03\/fog.jpg\" alt=\"\" width=\"221\" height=\"228\" \/><\/p>\n<p>&nbsp;<\/p>\n<table style=\"width: 100%\">\n<tbody>\n<tr>\n<td width=\"302\"><strong>Int\u00e9zm\u00e9ny neve, c\u00edme<\/strong><\/td>\n<td width=\"302\"><strong>Foglalkoz\u00e1s id\u0151pontja<\/strong><\/td>\n<\/tr>\n<tr>\n<td width=\"302\">1.\u00a0\u00a0\u00a0\u00a0\u00a0 Epreskert utcai \u00d3voda<\/p>\n<p>Sarkad, Epreskert utca 2.<\/td>\n<td width=\"302\">2017. m\u00e1rcius 20. 10.00 \u00f3ra<\/td>\n<\/tr>\n<tr>\n<td width=\"302\">2.\u00a0\u00a0\u00a0\u00a0\u00a0 Szalontai utcai \u00d3voda<\/p>\n<p>Sarkad, Szalontai utca 43.<\/td>\n<td width=\"302\">2017. m\u00e1rcius 22. 10.00 \u00f3ra<\/td>\n<\/tr>\n<tr>\n<td width=\"302\">3.\u00a0\u00a0\u00a0\u00a0\u00a0 Vas\u00fat utcai \u00d3voda<\/p>\n<p>Sarkad, Vas\u00fat utca 24.<\/td>\n<td width=\"302\">2017. m\u00e1rcius 23. 10.00 \u00f3ra<\/td>\n<\/tr>\n<tr>\n<td width=\"302\">4.\u00a0\u00a0\u00a0\u00a0\u00a0 M\u00e9hker\u00e9ki Rom\u00e1n Nemzetis\u00e9gi \u00d3voda<\/p>\n<p>M\u00e9hker\u00e9k, Kossuth utca 74.<\/td>\n<td width=\"302\">2017. m\u00e1rcius 24. 10.00 \u00f3ra<\/td>\n<\/tr>\n<tr>\n<td width=\"302\">5.\u00a0\u00a0\u00a0\u00a0\u00a0 Zsad\u00e1nyi \u00d3voda<\/p>\n<p>Zsad\u00e1ny, B\u00e9ke \u00fat 56.<\/td>\n<td width=\"302\">2017. m\u00e1rcius 27. 9.00 \u00f3ra<\/td>\n<\/tr>\n<tr>\n<td width=\"302\">6.\u00a0\u00a0\u00a0\u00a0\u00a0 Biharugrai \u00d3voda<\/p>\n<p>Biharugra, Erzs\u00e9bet utca 40.<\/td>\n<td width=\"302\">2017. m\u00e1rcius 28. 10.00 \u00f3ra<\/td>\n<\/tr>\n<tr>\n<td width=\"302\">7.\u00a0\u00a0\u00a0\u00a0\u00a0 Sarkadkereszt\u00fari \u00d3voda<\/p>\n<p>Sarkadkereszt\u00far, R\u00e1k\u00f3czi \u00fat 10.<\/td>\n<td width=\"302\">2017. m\u00e1rcius 29. 10.00 \u00f3ra<\/td>\n<\/tr>\n<tr>\n<td width=\"302\">8.\u00a0\u00a0\u00a0\u00a0\u00a0 Geszti \u00d3voda<\/p>\n<p>Geszt, Arany J\u00e1nos utca 1.<\/td>\n<td width=\"302\">2017. m\u00e1rcius 31. 10.30 \u00f3ra<\/td>\n<\/tr>\n<tr>\n<td width=\"302\">9.\u00a0\u00a0\u00a0\u00a0\u00a0 K\u00f6tegy\u00e1ni \u00d3voda<\/p>\n<p>K\u00f6tegy\u00e1n, Kossuth utca 26.<\/td>\n<td width=\"302\">2017. \u00e1prilis 04. 9.30 \u00f3ra<\/td>\n<\/tr>\n<tr>\n<td width=\"302\">10.\u00a0 Ok\u00e1nyi \u00d3voda<\/p>\n<p>Ok\u00e1ny, Kossuth utca 19.<\/td>\n<td width=\"302\">2017. \u00e1prilis 05. 10.00 \u00f3ra<\/td>\n<\/tr>\n<tr>\n<td width=\"302\">11.\u00a0 Mez\u0151gy\u00e1ni \u00d3voda<\/p>\n<p>Mez\u0151gy\u00e1n, Pet\u0151fi utca 2.<\/td>\n<td width=\"302\">2017. \u00e1prilis 06. 10.00 \u00f3ra<\/td>\n<\/tr>\n<tr>\n<td width=\"302\">12.\u00a0 Kossuth utcai \u00d3voda<\/p>\n<p>Sarkad, Kossuth utca 54.<\/td>\n<td width=\"302\">2017. \u00e1prilis 11. 10.00 \u00f3ra<\/td>\n<\/tr>\n<\/tbody>\n<\/table>\n","protected":false},"excerpt":{"rendered":"<div class=\"entry-summary\">\n<div class=\"entry-summary\">\nA Sarkadi Eg\u00e9szs\u00e9gfejleszt\u00e9si Iroda m\u00e1rcius- \u00e1prilis h\u00f3napban az al\u00e1bbi kist\u00e9rs\u00e9gi \u00d3vod\u00e1kban tart Sz\u00e1j\u00e1pol\u00e1s, fog\u00e1pol\u00e1s \u00f3vodai prevenci\u00f3s foglalkoz\u00e1sokat. &nbsp;&hellip;\n<\/div>\n<div class=\"link-more\"><a href=\"http:\/\/szakrendelo-sarkad.hu\/efi\/2017\/03\/23\/fogapolas-prevencios-foglalkozas-2017-marcius-aprilis\/\" class=\"more-link\">Continue reading<span class=\"screen-reader-text\"> &ldquo;Fog\u00e1pol\u00e1s prevenci\u00f3s foglalkoz\u00e1s | 2017. M\u00e1rcius &#8211; \u00c1prilis&rdquo;<\/span>&hellip;<\/a><\/div>\n<\/div>\n<div class=\"link-more\"><a href=\"http:\/\/szakrendelo-sarkad.hu\/efi\/2017\/03\/23\/fogapolas-prevencios-foglalkozas-2017-marcius-aprilis\/\" class=\"more-link\">Continue reading<span class=\"screen-reader-text\"> &ldquo;Fog\u00e1pol\u00e1s prevenci\u00f3s foglalkoz\u00e1s | 2017. M\u00e1rcius &#8211; \u00c1prilis&rdquo;<\/span>&hellip;<\/a><\/div>\n","protected":false},"author":1,"featured_media":0,"comment_status":"closed","ping_status":"closed","sticky":false,"template":"","format":"standard","meta":{"ngg_post_thumbnail":0,"footnotes":""},"categories":[1],"tags":[],"class_list":["post-2698","post","type-post","status-publish","format-standard","hentry","category-egyeb","entry"],"_links":{"self":[{"href":"http:\/\/szakrendelo-sarkad.hu\/efi\/wp-json\/wp\/v2\/posts\/2698","targetHints":{"allow":["GET"]}}],"collection":[{"href":"http:\/\/szakrendelo-sarkad.hu\/efi\/wp-json\/wp\/v2\/posts"}],"about":[{"href":"http:\/\/szakrendelo-sarkad.hu\/efi\/wp-json\/wp\/v2\/types\/post"}],"author":[{"embeddable":true,"href":"http:\/\/szakrendelo-sarkad.hu\/efi\/wp-json\/wp\/v2\/users\/1"}],"replies":[{"embeddable":true,"href":"http:\/\/szakrendelo-sarkad.hu\/efi\/wp-json\/wp\/v2\/comments?post=2698"}],"version-history":[{"count":0,"href":"http:\/\/szakrendelo-sarkad.hu\/efi\/wp-json\/wp\/v2\/posts\/2698\/revisions"}],"wp:attachment":[{"href":"http:\/\/szakrendelo-sarkad.hu\/efi\/wp-json\/wp\/v2\/media?parent=2698"}],"wp:term":[{"taxonomy":"category","embeddable":true,"href":"http:\/\/szakrendelo-sarkad.hu\/efi\/wp-json\/wp\/v2\/categories?post=2698"},{"taxonomy":"post_tag","embeddable":true,"href":"http:\/\/szakrendelo-sarkad.hu\/efi\/wp-json\/wp\/v2\/tags?post=2698"}],"curies":[{"name":"wp","href":"https:\/\/api.w.org\/{rel}","templated":true}]}}