{"id":2749,"date":"2017-05-27T07:36:51","date_gmt":"2017-05-27T07:36:51","guid":{"rendered":"http:\/\/efi.szakrendelo-sarkad.hu\/?p=2749"},"modified":"2017-05-27T07:36:51","modified_gmt":"2017-05-27T07:36:51","slug":"v-bihari-taj-napja-2017-majus-20","status":"publish","type":"post","link":"http:\/\/szakrendelo-sarkad.hu\/efi\/2017\/05\/27\/v-bihari-taj-napja-2017-majus-20\/","title":{"rendered":"V. BIHARI T\u00c1J NAPJA | 2017. M\u00e1jus 20."},"content":{"rendered":"<p>2017. m\u00e1jus 20-\u00e1n szombaton ker\u00fclt megrendez\u00e9sre a K\u00f6r\u00f6s- Maros Nemzeti Park Igazgat\u00f3s\u00e1ga \u00e9s Biharugra K\u00f6zs\u00e9g \u00d6nkorm\u00e1nyzata szervez\u00e9s\u00e9ben az V. Bihari T\u00e1j Napja. A neves esem\u00e9ny a szakmai \u00e9s hagyom\u00e1ny\u0151rz\u0151 programok mellett sz\u00e1mos kultur\u00e1lis esem\u00e9nnyel, n\u00e9pm\u0171v\u00e9szeti kirakod\u00f3v\u00e1s\u00e1rral \u00e9s gyermekm\u0171sorokkal is v\u00e1rta a programra kil\u00e1togat\u00f3 bar\u00e1ti t\u00e1rsas\u00e1gokat \u00e9s csal\u00e1dokat.<\/p>\n<p>A <strong>Sarkadi Eg\u00e9szs\u00e9gfejleszt\u00e9si Iroda<\/strong> \u00e9s a <strong>Sarkadi Kist\u00e9rs\u00e9gi J\u00e1r\u00f3beteg Szakell\u00e1t\u00f3 K\u00f6zpont<\/strong> a felk\u00e9r\u00e9snek nagy \u00f6r\u00f6mmel tett eleget biztos\u00edtva az eg\u00e9szs\u00e9g\u00fcgyi sz\u0171r\u0151vizsg\u00e1latok, \u00e1llapotfelm\u00e9r\u00e9s \u00e9s kock\u00e1zatbecsl\u00e9s lehet\u0151s\u00e9g\u00e9t a l\u00e1togat\u00f3kat r\u00e9sz\u00e9re.<\/p>\n<p>Irod\u00e1nk nev\u00e9ben k\u00edv\u00e1nunk nagyon j\u00f3 eg\u00e9szs\u00e9get a rendezv\u00e9ny szervez\u0151inek \u00e9s minden Sarkadi Kist\u00e9rs\u00e9gi Lakosnak!<\/p>\n<!-- index.php -->\n<div\n\tclass=\"ngg-galleryoverview ngg-ajax-pagination-none\"\n\tid=\"ngg-gallery-72cd008f3a5d0472a34304cdf8cad2d8-1\">\n\n    \t<div class=\"slideshowlink\">\n        <a href='http:\/\/szakrendelo-sarkad.hu\/efi\/2017\/05\/27\/v-bihari-taj-napja-2017-majus-20\/nggallery\/slideshow'>[Diavet\u00edt\u00e9s ind\u00edt\u00e1sa]<\/a>\n\t\t\n\t<\/div>\n\t\t\t<!-- Thumbnails -->\n\t\t\t\t<div id=\"ngg-image-0\" class=\"ngg-gallery-thumbnail-box\" >\n\t\t\t\t        <div class=\"ngg-gallery-thumbnail\">\n            <a href=\"http:\/\/szakrendelo-sarkad.hu\/efi\/wp-content\/gallery\/efiold\/bihari_taj_napja\/IMG_5233.JPG\"\n               title=\"\"\n               data-src=\"http:\/\/szakrendelo-sarkad.hu\/efi\/wp-content\/gallery\/efiold\/bihari_taj_napja\/IMG_5233.JPG\"\n               data-thumbnail=\"http:\/\/szakrendelo-sarkad.hu\/efi\/wp-content\/gallery\/efiold\/bihari_taj_napja\/thumbs\/thumbs_IMG_5233.JPG\"\n               data-image-id=\"987\"\n               data-title=\"IMG_5233.JPG\"\n               data-description=\"\"\n               data-image-slug=\"img_5233-jpg\"\n               class=\"ngg-fancybox\" rel=\"72cd008f3a5d0472a34304cdf8cad2d8\">\n                <img\n                    title=\"IMG_5233.JPG\"\n                    alt=\"IMG_5233.JPG\"\n                    src=\"http:\/\/szakrendelo-sarkad.hu\/efi\/wp-content\/gallery\/efiold\/bihari_taj_napja\/thumbs\/thumbs_IMG_5233.JPG\"\n                    width=\"100\"\n                    height=\"75\"\n                    style=\"max-width:100%;\"\n                \/>\n            <\/a>\n        <\/div>\n\t\t\t\t\t\t\t<\/div> \n\t\t\t\n        \n\t\t\t\t<div id=\"ngg-image-1\" class=\"ngg-gallery-thumbnail-box\" >\n\t\t\t\t        <div class=\"ngg-gallery-thumbnail\">\n            <a href=\"http:\/\/szakrendelo-sarkad.hu\/efi\/wp-content\/gallery\/efiold\/bihari_taj_napja\/IMG_5235.JPG\"\n               title=\"\"\n               data-src=\"http:\/\/szakrendelo-sarkad.hu\/efi\/wp-content\/gallery\/efiold\/bihari_taj_napja\/IMG_5235.JPG\"\n               data-thumbnail=\"http:\/\/szakrendelo-sarkad.hu\/efi\/wp-content\/gallery\/efiold\/bihari_taj_napja\/thumbs\/thumbs_IMG_5235.JPG\"\n               data-image-id=\"988\"\n               data-title=\"IMG_5235.JPG\"\n               data-description=\"\"\n               data-image-slug=\"img_5235-jpg\"\n               class=\"ngg-fancybox\" rel=\"72cd008f3a5d0472a34304cdf8cad2d8\">\n                <img\n                    title=\"IMG_5235.JPG\"\n                    alt=\"IMG_5235.JPG\"\n                    src=\"http:\/\/szakrendelo-sarkad.hu\/efi\/wp-content\/gallery\/efiold\/bihari_taj_napja\/thumbs\/thumbs_IMG_5235.JPG\"\n                    width=\"100\"\n                    height=\"75\"\n                    style=\"max-width:100%;\"\n                \/>\n            <\/a>\n        <\/div>\n\t\t\t\t\t\t\t<\/div> \n\t\t\t\n        \n\t\t\t\t<div id=\"ngg-image-2\" class=\"ngg-gallery-thumbnail-box\" >\n\t\t\t\t        <div class=\"ngg-gallery-thumbnail\">\n            <a href=\"http:\/\/szakrendelo-sarkad.hu\/efi\/wp-content\/gallery\/efiold\/bihari_taj_napja\/WP_20170520_12_06_09_Pro.jpg\"\n               title=\"\"\n               data-src=\"http:\/\/szakrendelo-sarkad.hu\/efi\/wp-content\/gallery\/efiold\/bihari_taj_napja\/WP_20170520_12_06_09_Pro.jpg\"\n               data-thumbnail=\"http:\/\/szakrendelo-sarkad.hu\/efi\/wp-content\/gallery\/efiold\/bihari_taj_napja\/thumbs\/thumbs_WP_20170520_12_06_09_Pro.jpg\"\n               data-image-id=\"989\"\n               data-title=\"WP_20170520_12_06_09_Pro.jpg\"\n               data-description=\"\"\n               data-image-slug=\"wp_20170520_12_06_09_pro-jpg\"\n               class=\"ngg-fancybox\" rel=\"72cd008f3a5d0472a34304cdf8cad2d8\">\n                <img\n                    title=\"WP_20170520_12_06_09_Pro.jpg\"\n                    alt=\"WP_20170520_12_06_09_Pro.jpg\"\n                    src=\"http:\/\/szakrendelo-sarkad.hu\/efi\/wp-content\/gallery\/efiold\/bihari_taj_napja\/thumbs\/thumbs_WP_20170520_12_06_09_Pro.jpg\"\n                    width=\"100\"\n                    height=\"75\"\n                    style=\"max-width:100%;\"\n                \/>\n            <\/a>\n        <\/div>\n\t\t\t\t\t\t\t<\/div> \n\t\t\t\n        \n\t\t\n\t\t<!-- Pagination -->\n\t<div class='ngg-clear'><\/div>\t<\/div>\n\n","protected":false},"excerpt":{"rendered":"<div class=\"entry-summary\">\n<div class=\"entry-summary\">\n2017. m\u00e1jus 20-\u00e1n szombaton ker\u00fclt megrendez\u00e9sre a K\u00f6r\u00f6s- Maros Nemzeti Park Igazgat\u00f3s\u00e1ga \u00e9s Biharugra K\u00f6zs\u00e9g \u00d6nkorm\u00e1nyzata szervez\u00e9s\u00e9ben az&hellip;\n<\/div>\n<div class=\"link-more\"><a href=\"http:\/\/szakrendelo-sarkad.hu\/efi\/2017\/05\/27\/v-bihari-taj-napja-2017-majus-20\/\" class=\"more-link\">Continue reading<span class=\"screen-reader-text\"> &ldquo;V. BIHARI T\u00c1J NAPJA | 2017. M\u00e1jus 20.&rdquo;<\/span>&hellip;<\/a><\/div>\n<\/div>\n<div class=\"link-more\"><a href=\"http:\/\/szakrendelo-sarkad.hu\/efi\/2017\/05\/27\/v-bihari-taj-napja-2017-majus-20\/\" class=\"more-link\">Continue reading<span class=\"screen-reader-text\"> &ldquo;V. BIHARI T\u00c1J NAPJA | 2017. M\u00e1jus 20.&rdquo;<\/span>&hellip;<\/a><\/div>\n","protected":false},"author":1,"featured_media":0,"comment_status":"closed","ping_status":"closed","sticky":false,"template":"","format":"standard","meta":{"ngg_post_thumbnail":0,"footnotes":""},"categories":[1],"tags":[],"class_list":["post-2749","post","type-post","status-publish","format-standard","hentry","category-egyeb","entry"],"_links":{"self":[{"href":"http:\/\/szakrendelo-sarkad.hu\/efi\/wp-json\/wp\/v2\/posts\/2749","targetHints":{"allow":["GET"]}}],"collection":[{"href":"http:\/\/szakrendelo-sarkad.hu\/efi\/wp-json\/wp\/v2\/posts"}],"about":[{"href":"http:\/\/szakrendelo-sarkad.hu\/efi\/wp-json\/wp\/v2\/types\/post"}],"author":[{"embeddable":true,"href":"http:\/\/szakrendelo-sarkad.hu\/efi\/wp-json\/wp\/v2\/users\/1"}],"replies":[{"embeddable":true,"href":"http:\/\/szakrendelo-sarkad.hu\/efi\/wp-json\/wp\/v2\/comments?post=2749"}],"version-history":[{"count":0,"href":"http:\/\/szakrendelo-sarkad.hu\/efi\/wp-json\/wp\/v2\/posts\/2749\/revisions"}],"wp:attachment":[{"href":"http:\/\/szakrendelo-sarkad.hu\/efi\/wp-json\/wp\/v2\/media?parent=2749"}],"wp:term":[{"taxonomy":"category","embeddable":true,"href":"http:\/\/szakrendelo-sarkad.hu\/efi\/wp-json\/wp\/v2\/categories?post=2749"},{"taxonomy":"post_tag","embeddable":true,"href":"http:\/\/szakrendelo-sarkad.hu\/efi\/wp-json\/wp\/v2\/tags?post=2749"}],"curies":[{"name":"wp","href":"https:\/\/api.w.org\/{rel}","templated":true}]}}