{"id":2760,"date":"2017-05-27T08:07:04","date_gmt":"2017-05-27T08:07:04","guid":{"rendered":"http:\/\/efi.szakrendelo-sarkad.hu\/?p=2760"},"modified":"2017-05-27T08:07:04","modified_gmt":"2017-05-27T08:07:04","slug":"gyereknek-all-a-vilag-2017-majus-20","status":"publish","type":"post","link":"http:\/\/szakrendelo-sarkad.hu\/efi\/2017\/05\/27\/gyereknek-all-a-vilag-2017-majus-20\/","title":{"rendered":"\u201eGYEREKNEK \u00c1LL A VIL\u00c1G!\u201d | 2017. M\u00e1jus 20."},"content":{"rendered":"<ol start=\"2017\">\n<li>m\u00e1jus 20-\u00e1n szombaton ker\u00fclt megrendez\u00e9sre a \u201eGYEREKNEK \u00c1LL A VIL\u00c1G!\u201d elnevez\u00e9s\u0171 csal\u00e1di programra Mez\u0151gy\u00e1n telep\u00fcl\u00e9sen.<\/li>\n<\/ol>\n<p>A sz\u00ednes programok k\u00f6z\u00f6tt minden koroszt\u00e1ly tal\u00e1lhatott mag\u00e1nak kedv\u00e9re val\u00f3t, hiszen a kisebbek sz\u00e1m\u00e1ra kreat\u00edv k\u00e9zm\u0171ves programot, arcfest\u00e9st, j\u00e1t\u00e9kos kv\u00edz vet\u00e9lked\u0151t, ugr\u00e1l\u00f3v\u00e1rat \u00e9s trambulint, gyermekkuck\u00f3 lehet\u0151s\u00e9g\u00e9t k\u00edn\u00e1lt\u00e1k a szervez\u0151k. A feln\u0151ttek kipr\u00f3b\u00e1lhatt\u00e1k a l\u00e9gpuska l\u00f6v\u00e9szetet, k\u00f3stolhattak eg\u00e9szs\u00e9ges, vitamind\u00fas gy\u00fcm\u00f6lcs\u00f6ket- z\u00f6lds\u00e9geket vagy benevezhettek a marhal\u00e1bsz\u00e1rp\u00f6rk\u00f6lt-f\u0151z\u0151 versenybe.<\/p>\n<p>A <strong>Sarkadi Eg\u00e9szs\u00e9gfejleszt\u00e9si Iroda<\/strong> \u00e9s a <strong>Sarkadi Kist\u00e9rs\u00e9gi J\u00e1r\u00f3beteg Szakell\u00e1t\u00f3 K\u00f6zpont<\/strong> a felk\u00e9r\u00e9snek nagy \u00f6r\u00f6mmel tett eleget biztos\u00edtva az eg\u00e9szs\u00e9g\u00fcgyi sz\u0171r\u0151vizsg\u00e1latok, \u00e1llapotfelm\u00e9r\u00e9s \u00e9s kock\u00e1zatbecsl\u00e9s lehet\u0151s\u00e9g\u00e9t a l\u00e1togat\u00f3kat r\u00e9sz\u00e9re, ahol val\u00f3ban kiemelt szerepet kapott az eg\u00e9szs\u00e9ges \u00e9letm\u00f3d az eg\u00e9szs\u00e9ges t\u00e1pl\u00e1lkoz\u00e1s \u00e9s a mozg\u00e1s szeretete. A rendezv\u00e9ny siker\u00e9t bizony\u00edtotta, hogy nagyon sok csal\u00e1d kil\u00e1togatott a helysz\u00ednre.<\/p>\n<p>Irod\u00e1nk nev\u00e9ben ez\u00faton is k\u00f6sz\u00f6nj\u00fck Dani Attil\u00e1nak Mez\u0151gy\u00e1n K\u00f6zs\u00e9g polg\u00e1rmester\u00e9nek \u00e9s a rendezv\u00e9ny szervez\u0151inek, hogy lehet\u0151s\u00e9get kaptunk a r\u00e9szv\u00e9telre.<\/p>\n<p>J\u00f3 eg\u00e9szs\u00e9get k\u00edv\u00e1nunk minden Mez\u0151gy\u00e1nban \u00e9l\u0151 Lakosnak!<\/p>\n<!-- index.php -->\n<div\n\tclass=\"ngg-galleryoverview ngg-ajax-pagination-none\"\n\tid=\"ngg-gallery-5122c4e440e73d7ba889bc351ed4740b-1\">\n\n    \t<div class=\"slideshowlink\">\n        <a href='http:\/\/szakrendelo-sarkad.hu\/efi\/2017\/05\/27\/gyereknek-all-a-vilag-2017-majus-20\/nggallery\/slideshow'>[Diavet\u00edt\u00e9s ind\u00edt\u00e1sa]<\/a>\n\t\t\n\t<\/div>\n\t\t\t<!-- Thumbnails -->\n\t\t\t\t<div id=\"ngg-image-0\" class=\"ngg-gallery-thumbnail-box\" >\n\t\t\t\t        <div class=\"ngg-gallery-thumbnail\">\n            <a href=\"http:\/\/szakrendelo-sarkad.hu\/efi\/wp-content\/gallery\/efiold\/gyereknekallavilag\/IMG_5239.JPG\"\n               title=\"\"\n               data-src=\"http:\/\/szakrendelo-sarkad.hu\/efi\/wp-content\/gallery\/efiold\/gyereknekallavilag\/IMG_5239.JPG\"\n               data-thumbnail=\"http:\/\/szakrendelo-sarkad.hu\/efi\/wp-content\/gallery\/efiold\/gyereknekallavilag\/thumbs\/thumbs_IMG_5239.JPG\"\n               data-image-id=\"990\"\n               data-title=\"IMG_5239.JPG\"\n               data-description=\"\"\n               data-image-slug=\"img_5239-jpg\"\n               class=\"ngg-fancybox\" rel=\"5122c4e440e73d7ba889bc351ed4740b\">\n                <img\n                    title=\"IMG_5239.JPG\"\n                    alt=\"IMG_5239.JPG\"\n                    src=\"http:\/\/szakrendelo-sarkad.hu\/efi\/wp-content\/gallery\/efiold\/gyereknekallavilag\/thumbs\/thumbs_IMG_5239.JPG\"\n                    width=\"100\"\n                    height=\"75\"\n                    style=\"max-width:100%;\"\n                \/>\n            <\/a>\n        <\/div>\n\t\t\t\t\t\t\t<\/div> \n\t\t\t\n        \n\t\t\t\t<div id=\"ngg-image-1\" class=\"ngg-gallery-thumbnail-box\" >\n\t\t\t\t        <div class=\"ngg-gallery-thumbnail\">\n            <a href=\"http:\/\/szakrendelo-sarkad.hu\/efi\/wp-content\/gallery\/efiold\/gyereknekallavilag\/IMG_5243.JPG\"\n               title=\"\"\n               data-src=\"http:\/\/szakrendelo-sarkad.hu\/efi\/wp-content\/gallery\/efiold\/gyereknekallavilag\/IMG_5243.JPG\"\n               data-thumbnail=\"http:\/\/szakrendelo-sarkad.hu\/efi\/wp-content\/gallery\/efiold\/gyereknekallavilag\/thumbs\/thumbs_IMG_5243.JPG\"\n               data-image-id=\"991\"\n               data-title=\"IMG_5243.JPG\"\n               data-description=\"\"\n               data-image-slug=\"img_5243-jpg\"\n               class=\"ngg-fancybox\" rel=\"5122c4e440e73d7ba889bc351ed4740b\">\n                <img\n                    title=\"IMG_5243.JPG\"\n                    alt=\"IMG_5243.JPG\"\n                    src=\"http:\/\/szakrendelo-sarkad.hu\/efi\/wp-content\/gallery\/efiold\/gyereknekallavilag\/thumbs\/thumbs_IMG_5243.JPG\"\n                    width=\"100\"\n                    height=\"75\"\n                    style=\"max-width:100%;\"\n                \/>\n            <\/a>\n        <\/div>\n\t\t\t\t\t\t\t<\/div> \n\t\t\t\n        \n\t\t\t\t<div id=\"ngg-image-2\" class=\"ngg-gallery-thumbnail-box\" >\n\t\t\t\t        <div class=\"ngg-gallery-thumbnail\">\n            <a href=\"http:\/\/szakrendelo-sarkad.hu\/efi\/wp-content\/gallery\/efiold\/gyereknekallavilag\/IMG_5245.JPG\"\n               title=\"\"\n               data-src=\"http:\/\/szakrendelo-sarkad.hu\/efi\/wp-content\/gallery\/efiold\/gyereknekallavilag\/IMG_5245.JPG\"\n               data-thumbnail=\"http:\/\/szakrendelo-sarkad.hu\/efi\/wp-content\/gallery\/efiold\/gyereknekallavilag\/thumbs\/thumbs_IMG_5245.JPG\"\n               data-image-id=\"992\"\n               data-title=\"IMG_5245.JPG\"\n               data-description=\"\"\n               data-image-slug=\"img_5245-jpg\"\n               class=\"ngg-fancybox\" rel=\"5122c4e440e73d7ba889bc351ed4740b\">\n                <img\n                    title=\"IMG_5245.JPG\"\n                    alt=\"IMG_5245.JPG\"\n                    src=\"http:\/\/szakrendelo-sarkad.hu\/efi\/wp-content\/gallery\/efiold\/gyereknekallavilag\/thumbs\/thumbs_IMG_5245.JPG\"\n                    width=\"100\"\n                    height=\"75\"\n                    style=\"max-width:100%;\"\n                \/>\n            <\/a>\n        <\/div>\n\t\t\t\t\t\t\t<\/div> \n\t\t\t\n        \n\t\t\n\t\t<!-- Pagination -->\n\t<div class='ngg-clear'><\/div>\t<\/div>\n\n","protected":false},"excerpt":{"rendered":"<div class=\"entry-summary\">\n<div class=\"entry-summary\">\nm\u00e1jus 20-\u00e1n szombaton ker\u00fclt megrendez\u00e9sre a \u201eGYEREKNEK \u00c1LL A VIL\u00c1G!\u201d elnevez\u00e9s\u0171 csal\u00e1di programra Mez\u0151gy\u00e1n telep\u00fcl\u00e9sen. A sz\u00ednes programok&hellip;\n<\/div>\n<div class=\"link-more\"><a href=\"http:\/\/szakrendelo-sarkad.hu\/efi\/2017\/05\/27\/gyereknek-all-a-vilag-2017-majus-20\/\" class=\"more-link\">Continue reading<span class=\"screen-reader-text\"> &ldquo;\u201eGYEREKNEK \u00c1LL A VIL\u00c1G!\u201d | 2017. M\u00e1jus 20.&rdquo;<\/span>&hellip;<\/a><\/div>\n<\/div>\n<div class=\"link-more\"><a href=\"http:\/\/szakrendelo-sarkad.hu\/efi\/2017\/05\/27\/gyereknek-all-a-vilag-2017-majus-20\/\" class=\"more-link\">Continue reading<span class=\"screen-reader-text\"> &ldquo;\u201eGYEREKNEK \u00c1LL A VIL\u00c1G!\u201d | 2017. M\u00e1jus 20.&rdquo;<\/span>&hellip;<\/a><\/div>\n","protected":false},"author":1,"featured_media":0,"comment_status":"closed","ping_status":"closed","sticky":false,"template":"","format":"standard","meta":{"ngg_post_thumbnail":0,"footnotes":""},"categories":[1],"tags":[],"class_list":["post-2760","post","type-post","status-publish","format-standard","hentry","category-egyeb","entry"],"_links":{"self":[{"href":"http:\/\/szakrendelo-sarkad.hu\/efi\/wp-json\/wp\/v2\/posts\/2760","targetHints":{"allow":["GET"]}}],"collection":[{"href":"http:\/\/szakrendelo-sarkad.hu\/efi\/wp-json\/wp\/v2\/posts"}],"about":[{"href":"http:\/\/szakrendelo-sarkad.hu\/efi\/wp-json\/wp\/v2\/types\/post"}],"author":[{"embeddable":true,"href":"http:\/\/szakrendelo-sarkad.hu\/efi\/wp-json\/wp\/v2\/users\/1"}],"replies":[{"embeddable":true,"href":"http:\/\/szakrendelo-sarkad.hu\/efi\/wp-json\/wp\/v2\/comments?post=2760"}],"version-history":[{"count":0,"href":"http:\/\/szakrendelo-sarkad.hu\/efi\/wp-json\/wp\/v2\/posts\/2760\/revisions"}],"wp:attachment":[{"href":"http:\/\/szakrendelo-sarkad.hu\/efi\/wp-json\/wp\/v2\/media?parent=2760"}],"wp:term":[{"taxonomy":"category","embeddable":true,"href":"http:\/\/szakrendelo-sarkad.hu\/efi\/wp-json\/wp\/v2\/categories?post=2760"},{"taxonomy":"post_tag","embeddable":true,"href":"http:\/\/szakrendelo-sarkad.hu\/efi\/wp-json\/wp\/v2\/tags?post=2760"}],"curies":[{"name":"wp","href":"https:\/\/api.w.org\/{rel}","templated":true}]}}