{"id":2910,"date":"2017-07-05T06:48:00","date_gmt":"2017-07-05T06:48:00","guid":{"rendered":"http:\/\/efi.szakrendelo-sarkad.hu\/?p=2910"},"modified":"2017-07-05T06:48:00","modified_gmt":"2017-07-05T06:48:00","slug":"nemzeti-osszetartozas-napja-kotegyanban-2017-junius-2","status":"publish","type":"post","link":"http:\/\/szakrendelo-sarkad.hu\/efi\/2017\/07\/05\/nemzeti-osszetartozas-napja-kotegyanban-2017-junius-2\/","title":{"rendered":"Nemzeti \u00d6sszetartoz\u00e1s napja K\u00f6tegy\u00e1nban | 2017. J\u00fanius 2."},"content":{"rendered":"<p>Az el\u0151z\u0151 \u00e9vek hagyom\u00e1nyaihoz hasonl\u00f3an 2017. j\u00fanius 2-\u00e1n, p\u00e9nteken ker\u00fclt megrendez\u00e9sre a \u201eMozduljunk egy\u00fctt a Nemzeti \u00d6sszetartoz\u00e1s jegy\u00e9ben\u201d elnevez\u00e9s\u0171 rendezv\u00e9ny K\u00f6tegy\u00e1n telep\u00fcl\u00e9sen.<\/p>\n<p>A rendezv\u00e9ny a helyi \u00c1ltal\u00e1nos Iskola udvar\u00e1n k\u00f6z\u00f6s bemeleg\u00edt\u00e9ssel, majd a gyermekek, sz\u00fcleik \u00e9s pedag\u00f3gusaik k\u00f6z\u00f6s fut\u00e1s\u00e1val vette kezdet\u00e9t a telep\u00fcl\u00e9sen. A program az Ungv\u00e1ri Mih\u00e1ly M\u0171vel\u0151d\u00e9si H\u00e1z \u00e9s K\u00f6nyvt\u00e1r udvar\u00e1n folytat\u00f3dott, ahol sz\u00e1mos sportol\u00e1si lehet\u0151s\u00e9get pr\u00f3b\u00e1lhattak ki a gyermekek \u00e9s sz\u00fcleik. Lehet\u0151s\u00e9g volt leng\u0151tek\u00e9zni, viking sakkozni, ping- pongozni, tollaslabd\u00e1zni, dartsozni. Az id\u0151sebb koroszt\u00e1ly sz\u00e1m\u00e1ra a Sarkadi Eg\u00e9szs\u00e9gfejleszt\u00e9si Iroda gy\u00f3gytorn\u00e1sza nyak- v\u00e1ll\u00edz\u00fcletet mozgat\u00f3 torna lehet\u0151s\u00e9g\u00e9g\u00e9t biztos\u00edtotta.<\/p>\n<p>A Sarkadi Eg\u00e9szs\u00e9gfejleszt\u00e9si Iroda munkat\u00e1rsai antropol\u00f3giai sz\u0171r\u00e9seket, \u00e1llapotfelm\u00e9r\u00e9st \u00e9s kock\u00e1zatbecsl\u00e9st, a Sarkadi Kist\u00e9rs\u00e9gi J\u00e1r\u00f3beteg-Szakell\u00e1t\u00f3 K\u00f6zpont asszisztensei eg\u00e9szs\u00e9g\u00fcgyi sz\u0171r\u00e9seket biztos\u00edtottak.<\/p>\n<!-- index.php -->\n<div\n\tclass=\"ngg-galleryoverview ngg-ajax-pagination-none\"\n\tid=\"ngg-gallery-943e74f0809169047f40e48979555548-1\">\n\n    \t<div class=\"slideshowlink\">\n        <a href='http:\/\/szakrendelo-sarkad.hu\/efi\/2017\/07\/05\/nemzeti-osszetartozas-napja-kotegyanban-2017-junius-2\/nggallery\/slideshow'>[Diavet\u00edt\u00e9s ind\u00edt\u00e1sa]<\/a>\n\t\t\n\t<\/div>\n\t\t\t<!-- Thumbnails -->\n\t\t\t\t<div id=\"ngg-image-0\" class=\"ngg-gallery-thumbnail-box\" >\n\t\t\t\t        <div class=\"ngg-gallery-thumbnail\">\n            <a href=\"http:\/\/szakrendelo-sarkad.hu\/efi\/wp-content\/gallery\/efiold\/nonk_17\/IMG_20170602_110016-1.jpg\"\n               title=\"\"\n               data-src=\"http:\/\/szakrendelo-sarkad.hu\/efi\/wp-content\/gallery\/efiold\/nonk_17\/IMG_20170602_110016-1.jpg\"\n               data-thumbnail=\"http:\/\/szakrendelo-sarkad.hu\/efi\/wp-content\/gallery\/efiold\/nonk_17\/thumbs\/thumbs_IMG_20170602_110016-1.jpg\"\n               data-image-id=\"1042\"\n               data-title=\"IMG_20170602_110016 (1).jpg\"\n               data-description=\"\"\n               data-image-slug=\"img_20170602_110016-1-jpg\"\n               class=\"ngg-fancybox\" rel=\"943e74f0809169047f40e48979555548\">\n                <img\n                    title=\"IMG_20170602_110016 (1).jpg\"\n                    alt=\"IMG_20170602_110016 (1).jpg\"\n                    src=\"http:\/\/szakrendelo-sarkad.hu\/efi\/wp-content\/gallery\/efiold\/nonk_17\/thumbs\/thumbs_IMG_20170602_110016-1.jpg\"\n                    width=\"100\"\n                    height=\"75\"\n                    style=\"max-width:100%;\"\n                \/>\n            <\/a>\n        <\/div>\n\t\t\t\t\t\t\t<\/div> \n\t\t\t\n        \n\t\t\t\t<div id=\"ngg-image-1\" class=\"ngg-gallery-thumbnail-box\" >\n\t\t\t\t        <div class=\"ngg-gallery-thumbnail\">\n            <a href=\"http:\/\/szakrendelo-sarkad.hu\/efi\/wp-content\/gallery\/efiold\/nonk_17\/WP_20170602_10_36_21_Pro.jpg\"\n               title=\"\"\n               data-src=\"http:\/\/szakrendelo-sarkad.hu\/efi\/wp-content\/gallery\/efiold\/nonk_17\/WP_20170602_10_36_21_Pro.jpg\"\n               data-thumbnail=\"http:\/\/szakrendelo-sarkad.hu\/efi\/wp-content\/gallery\/efiold\/nonk_17\/thumbs\/thumbs_WP_20170602_10_36_21_Pro.jpg\"\n               data-image-id=\"1043\"\n               data-title=\"WP_20170602_10_36_21_Pro.jpg\"\n               data-description=\"\"\n               data-image-slug=\"wp_20170602_10_36_21_pro-jpg\"\n               class=\"ngg-fancybox\" rel=\"943e74f0809169047f40e48979555548\">\n                <img\n                    title=\"WP_20170602_10_36_21_Pro.jpg\"\n                    alt=\"WP_20170602_10_36_21_Pro.jpg\"\n                    src=\"http:\/\/szakrendelo-sarkad.hu\/efi\/wp-content\/gallery\/efiold\/nonk_17\/thumbs\/thumbs_WP_20170602_10_36_21_Pro.jpg\"\n                    width=\"100\"\n                    height=\"75\"\n                    style=\"max-width:100%;\"\n                \/>\n            <\/a>\n        <\/div>\n\t\t\t\t\t\t\t<\/div> \n\t\t\t\n        \n\t\t\n\t\t<!-- Pagination -->\n\t<div class='ngg-clear'><\/div>\t<\/div>\n\n","protected":false},"excerpt":{"rendered":"<div class=\"entry-summary\">\n<div class=\"entry-summary\">\nAz el\u0151z\u0151 \u00e9vek hagyom\u00e1nyaihoz hasonl\u00f3an 2017. j\u00fanius 2-\u00e1n, p\u00e9nteken ker\u00fclt megrendez\u00e9sre a \u201eMozduljunk egy\u00fctt a Nemzeti \u00d6sszetartoz\u00e1s jegy\u00e9ben\u201d&hellip;\n<\/div>\n<div class=\"link-more\"><a href=\"http:\/\/szakrendelo-sarkad.hu\/efi\/2017\/07\/05\/nemzeti-osszetartozas-napja-kotegyanban-2017-junius-2\/\" class=\"more-link\">Continue reading<span class=\"screen-reader-text\"> &ldquo;Nemzeti \u00d6sszetartoz\u00e1s napja K\u00f6tegy\u00e1nban | 2017. J\u00fanius 2.&rdquo;<\/span>&hellip;<\/a><\/div>\n<\/div>\n<div class=\"link-more\"><a href=\"http:\/\/szakrendelo-sarkad.hu\/efi\/2017\/07\/05\/nemzeti-osszetartozas-napja-kotegyanban-2017-junius-2\/\" class=\"more-link\">Continue reading<span class=\"screen-reader-text\"> &ldquo;Nemzeti \u00d6sszetartoz\u00e1s napja K\u00f6tegy\u00e1nban | 2017. J\u00fanius 2.&rdquo;<\/span>&hellip;<\/a><\/div>\n","protected":false},"author":1,"featured_media":0,"comment_status":"closed","ping_status":"closed","sticky":false,"template":"","format":"standard","meta":{"ngg_post_thumbnail":0,"footnotes":""},"categories":[1],"tags":[],"class_list":["post-2910","post","type-post","status-publish","format-standard","hentry","category-egyeb","entry"],"_links":{"self":[{"href":"http:\/\/szakrendelo-sarkad.hu\/efi\/wp-json\/wp\/v2\/posts\/2910","targetHints":{"allow":["GET"]}}],"collection":[{"href":"http:\/\/szakrendelo-sarkad.hu\/efi\/wp-json\/wp\/v2\/posts"}],"about":[{"href":"http:\/\/szakrendelo-sarkad.hu\/efi\/wp-json\/wp\/v2\/types\/post"}],"author":[{"embeddable":true,"href":"http:\/\/szakrendelo-sarkad.hu\/efi\/wp-json\/wp\/v2\/users\/1"}],"replies":[{"embeddable":true,"href":"http:\/\/szakrendelo-sarkad.hu\/efi\/wp-json\/wp\/v2\/comments?post=2910"}],"version-history":[{"count":0,"href":"http:\/\/szakrendelo-sarkad.hu\/efi\/wp-json\/wp\/v2\/posts\/2910\/revisions"}],"wp:attachment":[{"href":"http:\/\/szakrendelo-sarkad.hu\/efi\/wp-json\/wp\/v2\/media?parent=2910"}],"wp:term":[{"taxonomy":"category","embeddable":true,"href":"http:\/\/szakrendelo-sarkad.hu\/efi\/wp-json\/wp\/v2\/categories?post=2910"},{"taxonomy":"post_tag","embeddable":true,"href":"http:\/\/szakrendelo-sarkad.hu\/efi\/wp-json\/wp\/v2\/tags?post=2910"}],"curies":[{"name":"wp","href":"https:\/\/api.w.org\/{rel}","templated":true}]}}