{"id":2920,"date":"2017-07-05T06:51:59","date_gmt":"2017-07-05T06:51:59","guid":{"rendered":"http:\/\/efi.szakrendelo-sarkad.hu\/?p=2920"},"modified":"2017-07-05T06:51:59","modified_gmt":"2017-07-05T06:51:59","slug":"nyarindito-delutan-a-kijaro-utcai-kozossegi-hazban-2017-junius-23","status":"publish","type":"post","link":"http:\/\/szakrendelo-sarkad.hu\/efi\/2017\/07\/05\/nyarindito-delutan-a-kijaro-utcai-kozossegi-hazban-2017-junius-23\/","title":{"rendered":"Ny\u00e1rind\u00edt\u00f3 d\u00e9lut\u00e1n a Kij\u00e1r\u00f3 utcai K\u00f6z\u00f6ss\u00e9gi H\u00e1zban | 2017. J\u00fanius 23."},"content":{"rendered":"<p>2017. j\u00fanius 23-\u00e1n d\u00e9lut\u00e1n vid\u00e1m, boldog \u00e9s felszabadult gyermekekkel telt meg a Sarkadi Kij\u00e1r\u00f3 utcai K\u00f6z\u00f6ss\u00e9gi H\u00e1z. Befejez\u0151d\u00f6tt a 2016\/2017-es tan\u00e9v, elkezd\u0151d\u00f6tt a v\u00e1rva v\u00e1rt vak\u00e1ci\u00f3. Ehhez igyekeztek sz\u00ednes programokkal hozz\u00e1j\u00e1rulni a Magyar M\u00e1ltai Szeretetszolg\u00e1lat munkat\u00e1rsai.<\/p>\n<p>A d\u00e9lut\u00e1ni programon gipszfest\u00e9sre, logikai \u00e9s t\u00e1rsasj\u00e1t\u00e9kok kipr\u00f3b\u00e1l\u00e1s\u00e1ra, aszfalt rajzol\u00e1sra, ugr\u00e1l\u00f3v\u00e1r kipr\u00f3b\u00e1l\u00e1s\u00e1ra volt lehet\u0151s\u00e9g.<\/p>\n<p>A gyermekeket k\u00eds\u00e9r\u0151 feln\u0151ttek sz\u00e1m\u00e1ra a Sarkadi Kist\u00e9rs\u00e9gi J\u00e1r\u00f3beteg- Szakell\u00e1t\u00f3 K\u00f6zpont \u00e9s a Sarkadi Eg\u00e9szs\u00e9gfejleszt\u00e9si Iroda munkat\u00e1rsai ingyenes \u00e1llapotfelm\u00e9r\u00e9st, kock\u00e1zatbecsl\u00e9st \u00e9s eg\u00e9szs\u00e9g\u00fcgyi sz\u0171r\u0151vizsg\u00e1latot biztos\u00edtottak.<\/p>\n<p>A rendezv\u00e9ny siker\u00e9t mi sem bizony\u00edthatta volna jobban, mint a mosolyg\u00f3s gyermekek arca.<\/p>\n<!-- index.php -->\n<div\n\tclass=\"ngg-galleryoverview ngg-ajax-pagination-none\"\n\tid=\"ngg-gallery-ebcc049d3a2544c954d30be91c9a108c-1\">\n\n    \t<div class=\"slideshowlink\">\n        <a href='http:\/\/szakrendelo-sarkad.hu\/efi\/2017\/07\/05\/nyarindito-delutan-a-kijaro-utcai-kozossegi-hazban-2017-junius-23\/nggallery\/slideshow'>[Diavet\u00edt\u00e9s ind\u00edt\u00e1sa]<\/a>\n\t\t\n\t<\/div>\n\t\t\t<!-- Thumbnails -->\n\t\t\t\t<div id=\"ngg-image-0\" class=\"ngg-gallery-thumbnail-box\" >\n\t\t\t\t        <div class=\"ngg-gallery-thumbnail\">\n            <a href=\"http:\/\/szakrendelo-sarkad.hu\/efi\/wp-content\/gallery\/efiold\/nyarindito\/WP_20170623_14_16_16_Pro.jpg\"\n               title=\"\"\n               data-src=\"http:\/\/szakrendelo-sarkad.hu\/efi\/wp-content\/gallery\/efiold\/nyarindito\/WP_20170623_14_16_16_Pro.jpg\"\n               data-thumbnail=\"http:\/\/szakrendelo-sarkad.hu\/efi\/wp-content\/gallery\/efiold\/nyarindito\/thumbs\/thumbs_WP_20170623_14_16_16_Pro.jpg\"\n               data-image-id=\"1044\"\n               data-title=\"WP_20170623_14_16_16_Pro.jpg\"\n               data-description=\"\"\n               data-image-slug=\"wp_20170623_14_16_16_pro-jpg\"\n               class=\"ngg-fancybox\" rel=\"ebcc049d3a2544c954d30be91c9a108c\">\n                <img\n                    title=\"WP_20170623_14_16_16_Pro.jpg\"\n                    alt=\"WP_20170623_14_16_16_Pro.jpg\"\n                    src=\"http:\/\/szakrendelo-sarkad.hu\/efi\/wp-content\/gallery\/efiold\/nyarindito\/thumbs\/thumbs_WP_20170623_14_16_16_Pro.jpg\"\n                    width=\"100\"\n                    height=\"75\"\n                    style=\"max-width:100%;\"\n                \/>\n            <\/a>\n        <\/div>\n\t\t\t\t\t\t\t<\/div> \n\t\t\t\n        \n\t\t\t\t<div id=\"ngg-image-1\" class=\"ngg-gallery-thumbnail-box\" >\n\t\t\t\t        <div class=\"ngg-gallery-thumbnail\">\n            <a href=\"http:\/\/szakrendelo-sarkad.hu\/efi\/wp-content\/gallery\/efiold\/nyarindito\/WP_20170623_15_27_06_Pro.jpg\"\n               title=\"\"\n               data-src=\"http:\/\/szakrendelo-sarkad.hu\/efi\/wp-content\/gallery\/efiold\/nyarindito\/WP_20170623_15_27_06_Pro.jpg\"\n               data-thumbnail=\"http:\/\/szakrendelo-sarkad.hu\/efi\/wp-content\/gallery\/efiold\/nyarindito\/thumbs\/thumbs_WP_20170623_15_27_06_Pro.jpg\"\n               data-image-id=\"1045\"\n               data-title=\"WP_20170623_15_27_06_Pro.jpg\"\n               data-description=\"\"\n               data-image-slug=\"wp_20170623_15_27_06_pro-jpg\"\n               class=\"ngg-fancybox\" rel=\"ebcc049d3a2544c954d30be91c9a108c\">\n                <img\n                    title=\"WP_20170623_15_27_06_Pro.jpg\"\n                    alt=\"WP_20170623_15_27_06_Pro.jpg\"\n                    src=\"http:\/\/szakrendelo-sarkad.hu\/efi\/wp-content\/gallery\/efiold\/nyarindito\/thumbs\/thumbs_WP_20170623_15_27_06_Pro.jpg\"\n                    width=\"100\"\n                    height=\"75\"\n                    style=\"max-width:100%;\"\n                \/>\n            <\/a>\n        <\/div>\n\t\t\t\t\t\t\t<\/div> \n\t\t\t\n        \n\t\t\t\t<div id=\"ngg-image-2\" class=\"ngg-gallery-thumbnail-box\" >\n\t\t\t\t        <div class=\"ngg-gallery-thumbnail\">\n            <a href=\"http:\/\/szakrendelo-sarkad.hu\/efi\/wp-content\/gallery\/efiold\/nyarindito\/WP_20170623_15_27_54_Pro.jpg\"\n               title=\"\"\n               data-src=\"http:\/\/szakrendelo-sarkad.hu\/efi\/wp-content\/gallery\/efiold\/nyarindito\/WP_20170623_15_27_54_Pro.jpg\"\n               data-thumbnail=\"http:\/\/szakrendelo-sarkad.hu\/efi\/wp-content\/gallery\/efiold\/nyarindito\/thumbs\/thumbs_WP_20170623_15_27_54_Pro.jpg\"\n               data-image-id=\"1046\"\n               data-title=\"WP_20170623_15_27_54_Pro.jpg\"\n               data-description=\"\"\n               data-image-slug=\"wp_20170623_15_27_54_pro-jpg\"\n               class=\"ngg-fancybox\" rel=\"ebcc049d3a2544c954d30be91c9a108c\">\n                <img\n                    title=\"WP_20170623_15_27_54_Pro.jpg\"\n                    alt=\"WP_20170623_15_27_54_Pro.jpg\"\n                    src=\"http:\/\/szakrendelo-sarkad.hu\/efi\/wp-content\/gallery\/efiold\/nyarindito\/thumbs\/thumbs_WP_20170623_15_27_54_Pro.jpg\"\n                    width=\"100\"\n                    height=\"75\"\n                    style=\"max-width:100%;\"\n                \/>\n            <\/a>\n        <\/div>\n\t\t\t\t\t\t\t<\/div> \n\t\t\t\n        \n\t\t\n\t\t<!-- Pagination -->\n\t<div class='ngg-clear'><\/div>\t<\/div>\n\n","protected":false},"excerpt":{"rendered":"<div class=\"entry-summary\">\n<div class=\"entry-summary\">\n2017. j\u00fanius 23-\u00e1n d\u00e9lut\u00e1n vid\u00e1m, boldog \u00e9s felszabadult gyermekekkel telt meg a Sarkadi Kij\u00e1r\u00f3 utcai K\u00f6z\u00f6ss\u00e9gi H\u00e1z. Befejez\u0151d\u00f6tt&hellip;\n<\/div>\n<div class=\"link-more\"><a href=\"http:\/\/szakrendelo-sarkad.hu\/efi\/2017\/07\/05\/nyarindito-delutan-a-kijaro-utcai-kozossegi-hazban-2017-junius-23\/\" class=\"more-link\">Continue reading<span class=\"screen-reader-text\"> &ldquo;Ny\u00e1rind\u00edt\u00f3 d\u00e9lut\u00e1n a Kij\u00e1r\u00f3 utcai K\u00f6z\u00f6ss\u00e9gi H\u00e1zban | 2017. J\u00fanius 23.&rdquo;<\/span>&hellip;<\/a><\/div>\n<\/div>\n<div class=\"link-more\"><a href=\"http:\/\/szakrendelo-sarkad.hu\/efi\/2017\/07\/05\/nyarindito-delutan-a-kijaro-utcai-kozossegi-hazban-2017-junius-23\/\" class=\"more-link\">Continue reading<span class=\"screen-reader-text\"> &ldquo;Ny\u00e1rind\u00edt\u00f3 d\u00e9lut\u00e1n a Kij\u00e1r\u00f3 utcai K\u00f6z\u00f6ss\u00e9gi H\u00e1zban | 2017. J\u00fanius 23.&rdquo;<\/span>&hellip;<\/a><\/div>\n","protected":false},"author":1,"featured_media":0,"comment_status":"closed","ping_status":"closed","sticky":false,"template":"","format":"standard","meta":{"ngg_post_thumbnail":0,"footnotes":""},"categories":[1],"tags":[],"class_list":["post-2920","post","type-post","status-publish","format-standard","hentry","category-egyeb","entry"],"_links":{"self":[{"href":"http:\/\/szakrendelo-sarkad.hu\/efi\/wp-json\/wp\/v2\/posts\/2920","targetHints":{"allow":["GET"]}}],"collection":[{"href":"http:\/\/szakrendelo-sarkad.hu\/efi\/wp-json\/wp\/v2\/posts"}],"about":[{"href":"http:\/\/szakrendelo-sarkad.hu\/efi\/wp-json\/wp\/v2\/types\/post"}],"author":[{"embeddable":true,"href":"http:\/\/szakrendelo-sarkad.hu\/efi\/wp-json\/wp\/v2\/users\/1"}],"replies":[{"embeddable":true,"href":"http:\/\/szakrendelo-sarkad.hu\/efi\/wp-json\/wp\/v2\/comments?post=2920"}],"version-history":[{"count":0,"href":"http:\/\/szakrendelo-sarkad.hu\/efi\/wp-json\/wp\/v2\/posts\/2920\/revisions"}],"wp:attachment":[{"href":"http:\/\/szakrendelo-sarkad.hu\/efi\/wp-json\/wp\/v2\/media?parent=2920"}],"wp:term":[{"taxonomy":"category","embeddable":true,"href":"http:\/\/szakrendelo-sarkad.hu\/efi\/wp-json\/wp\/v2\/categories?post=2920"},{"taxonomy":"post_tag","embeddable":true,"href":"http:\/\/szakrendelo-sarkad.hu\/efi\/wp-json\/wp\/v2\/tags?post=2920"}],"curies":[{"name":"wp","href":"https:\/\/api.w.org\/{rel}","templated":true}]}}