{"id":2981,"date":"2017-07-17T09:21:04","date_gmt":"2017-07-17T09:21:04","guid":{"rendered":"http:\/\/efi.szakrendelo-sarkad.hu\/?p=2981"},"modified":"2017-07-17T09:21:04","modified_gmt":"2017-07-17T09:21:04","slug":"elszarmazottak-talalkozoja-mezogyanban","status":"publish","type":"post","link":"http:\/\/szakrendelo-sarkad.hu\/efi\/2017\/07\/17\/elszarmazottak-talalkozoja-mezogyanban\/","title":{"rendered":"ELSZ\u00c1RMAZOTTAK TAL\u00c1LKOZ\u00d3JA MEZ\u0150GY\u00c1NBAN"},"content":{"rendered":"<p>2017. j\u00falius 07-08.-\u00e1n ker\u00fclt megrendez\u00e9sre a Mez\u0151gy\u00e1nb\u00f3l Elsz\u00e1rmazottak Tal\u00e1lkoz\u00f3j\u00e1ra. A k\u00e9tnapos rendezv\u00e9nyre mintegy 950 f\u0151 regisztr\u00e1lt el\u0151zetesen.<\/p>\n<p>Dani Attila, Mez\u0151gy\u00e1n polg\u00e1rmestere k\u00f6sz\u00f6nt\u00f6tte a jelenl\u00e9v\u0151ket, \u00e9s kiemelte, milyen fejleszt\u00e9sek t\u00f6rt\u00e9ntek, v\u00e1rhat\u00f3k a k\u00f6zs\u00e9gben. El\u0151ker\u00fcltek a k\u00f6z\u00f6s csal\u00e1di fot\u00f3k, bar\u00e1ti f\u00e9nyk\u00e9pek, majd sok szem\u00e9lyes t\u00f6rt\u00e9net ker\u00fclt a besz\u00e9lget\u00e9sek sor\u00e1n feleleven\u00edt\u00e9sre.<\/p>\n<p>A tal\u00e1lkoz\u00f3 szervez\u0151i folyamatosan gondoskodtak a kultur\u00e1lis, sportol\u00e1si \u00e9s sz\u00f3rakoz\u00e1si lehet\u0151s\u00e9gekr\u0151l, a fiatal koroszt\u00e1lyt\u00f3l az id\u0151sekig egyar\u00e1nt. N\u00e9pi j\u00e1tsz\u00f3t\u00e9rt\u0151l eg\u00e9szen a koncertekig.<\/p>\n<p>K\u00f6zben a bogr\u00e1csokban f\u0151tt a birka-, \u0151z-, \u00e9s marhap\u00f6rk\u00f6lt.<\/p>\n<p>A Sarkadi Kist\u00e9rs\u00e9gi J\u00e1r\u00f3beteg-Szakell\u00e1t\u00f3 K\u00f6zpont \u00e9s a Sarkadi Eg\u00e9szs\u00e9gfejleszt\u00e9si Iroda munkat\u00e1rsai is megh\u00edv\u00e1st kaptak az esem\u00e9nyre, eg\u00e9szs\u00e9g\u00fcgyi sz\u0171r\u00e9sek, \u00e1llapotfelm\u00e9r\u00e9s \u00e9s kock\u00e1zatbecsl\u00e9s biztos\u00edt\u00e1s\u00e1ra.<\/p>\n<p>A rendezv\u00e9nyen r\u00e9szt vev\u0151k olyan j\u00f3l \u00e9rezt\u00e9k magukat, hogy elhat\u00e1rozt\u00e1k, a tal\u00e1lkoz\u00f3b\u00f3l hagyom\u00e1nyt teremtenek.<\/p>\n<!-- index.php -->\n<div\n\tclass=\"ngg-galleryoverview ngg-ajax-pagination-none\"\n\tid=\"ngg-gallery-41f319235b19583e7e50cd6b8bea7c6c-1\">\n\n    \t<div class=\"slideshowlink\">\n        <a href='http:\/\/szakrendelo-sarkad.hu\/efi\/2017\/07\/17\/elszarmazottak-talalkozoja-mezogyanban\/nggallery\/slideshow'>[Diavet\u00edt\u00e9s ind\u00edt\u00e1sa]<\/a>\n\t\t\n\t<\/div>\n\t\t\t<!-- Thumbnails -->\n\t\t\t\t<div id=\"ngg-image-0\" class=\"ngg-gallery-thumbnail-box\" >\n\t\t\t\t        <div class=\"ngg-gallery-thumbnail\">\n            <a href=\"http:\/\/szakrendelo-sarkad.hu\/efi\/wp-content\/gallery\/efiold\/elszarmazottak_talalkozoja\/WP_20170708_09_36_28_Pro.jpg\"\n               title=\"\"\n               data-src=\"http:\/\/szakrendelo-sarkad.hu\/efi\/wp-content\/gallery\/efiold\/elszarmazottak_talalkozoja\/WP_20170708_09_36_28_Pro.jpg\"\n               data-thumbnail=\"http:\/\/szakrendelo-sarkad.hu\/efi\/wp-content\/gallery\/efiold\/elszarmazottak_talalkozoja\/thumbs\/thumbs_WP_20170708_09_36_28_Pro.jpg\"\n               data-image-id=\"1065\"\n               data-title=\"WP_20170708_09_36_28_Pro.jpg\"\n               data-description=\"\"\n               data-image-slug=\"wp_20170708_09_36_28_pro-jpg\"\n               class=\"ngg-fancybox\" rel=\"41f319235b19583e7e50cd6b8bea7c6c\">\n                <img\n                    title=\"WP_20170708_09_36_28_Pro.jpg\"\n                    alt=\"WP_20170708_09_36_28_Pro.jpg\"\n                    src=\"http:\/\/szakrendelo-sarkad.hu\/efi\/wp-content\/gallery\/efiold\/elszarmazottak_talalkozoja\/thumbs\/thumbs_WP_20170708_09_36_28_Pro.jpg\"\n                    width=\"100\"\n                    height=\"75\"\n                    style=\"max-width:100%;\"\n                \/>\n            <\/a>\n        <\/div>\n\t\t\t\t\t\t\t<\/div> \n\t\t\t\n        \n\t\t\t\t<div id=\"ngg-image-1\" class=\"ngg-gallery-thumbnail-box\" >\n\t\t\t\t        <div class=\"ngg-gallery-thumbnail\">\n            <a href=\"http:\/\/szakrendelo-sarkad.hu\/efi\/wp-content\/gallery\/efiold\/elszarmazottak_talalkozoja\/WP_20170708_10_15_16_Pro.jpg\"\n               title=\"\"\n               data-src=\"http:\/\/szakrendelo-sarkad.hu\/efi\/wp-content\/gallery\/efiold\/elszarmazottak_talalkozoja\/WP_20170708_10_15_16_Pro.jpg\"\n               data-thumbnail=\"http:\/\/szakrendelo-sarkad.hu\/efi\/wp-content\/gallery\/efiold\/elszarmazottak_talalkozoja\/thumbs\/thumbs_WP_20170708_10_15_16_Pro.jpg\"\n               data-image-id=\"1066\"\n               data-title=\"WP_20170708_10_15_16_Pro.jpg\"\n               data-description=\"\"\n               data-image-slug=\"wp_20170708_10_15_16_pro-jpg\"\n               class=\"ngg-fancybox\" rel=\"41f319235b19583e7e50cd6b8bea7c6c\">\n                <img\n                    title=\"WP_20170708_10_15_16_Pro.jpg\"\n                    alt=\"WP_20170708_10_15_16_Pro.jpg\"\n                    src=\"http:\/\/szakrendelo-sarkad.hu\/efi\/wp-content\/gallery\/efiold\/elszarmazottak_talalkozoja\/thumbs\/thumbs_WP_20170708_10_15_16_Pro.jpg\"\n                    width=\"100\"\n                    height=\"75\"\n                    style=\"max-width:100%;\"\n                \/>\n            <\/a>\n        <\/div>\n\t\t\t\t\t\t\t<\/div> \n\t\t\t\n        \n\t\t\t\t<div id=\"ngg-image-2\" class=\"ngg-gallery-thumbnail-box\" >\n\t\t\t\t        <div class=\"ngg-gallery-thumbnail\">\n            <a href=\"http:\/\/szakrendelo-sarkad.hu\/efi\/wp-content\/gallery\/efiold\/elszarmazottak_talalkozoja\/WP_20170708_11_21_01_Pro.jpg\"\n               title=\"\"\n               data-src=\"http:\/\/szakrendelo-sarkad.hu\/efi\/wp-content\/gallery\/efiold\/elszarmazottak_talalkozoja\/WP_20170708_11_21_01_Pro.jpg\"\n               data-thumbnail=\"http:\/\/szakrendelo-sarkad.hu\/efi\/wp-content\/gallery\/efiold\/elszarmazottak_talalkozoja\/thumbs\/thumbs_WP_20170708_11_21_01_Pro.jpg\"\n               data-image-id=\"1067\"\n               data-title=\"WP_20170708_11_21_01_Pro.jpg\"\n               data-description=\"\"\n               data-image-slug=\"wp_20170708_11_21_01_pro-jpg\"\n               class=\"ngg-fancybox\" rel=\"41f319235b19583e7e50cd6b8bea7c6c\">\n                <img\n                    title=\"WP_20170708_11_21_01_Pro.jpg\"\n                    alt=\"WP_20170708_11_21_01_Pro.jpg\"\n                    src=\"http:\/\/szakrendelo-sarkad.hu\/efi\/wp-content\/gallery\/efiold\/elszarmazottak_talalkozoja\/thumbs\/thumbs_WP_20170708_11_21_01_Pro.jpg\"\n                    width=\"100\"\n                    height=\"75\"\n                    style=\"max-width:100%;\"\n                \/>\n            <\/a>\n        <\/div>\n\t\t\t\t\t\t\t<\/div> \n\t\t\t\n        \n\t\t\n\t\t<!-- Pagination -->\n\t<div class='ngg-clear'><\/div>\t<\/div>\n\n","protected":false},"excerpt":{"rendered":"<div class=\"entry-summary\">\n<div class=\"entry-summary\">\n2017. j\u00falius 07-08.-\u00e1n ker\u00fclt megrendez\u00e9sre a Mez\u0151gy\u00e1nb\u00f3l Elsz\u00e1rmazottak Tal\u00e1lkoz\u00f3j\u00e1ra. A k\u00e9tnapos rendezv\u00e9nyre mintegy 950 f\u0151 regisztr\u00e1lt el\u0151zetesen. Dani&hellip;\n<\/div>\n<div class=\"link-more\"><a href=\"http:\/\/szakrendelo-sarkad.hu\/efi\/2017\/07\/17\/elszarmazottak-talalkozoja-mezogyanban\/\" class=\"more-link\">Continue reading<span class=\"screen-reader-text\"> &ldquo;ELSZ\u00c1RMAZOTTAK TAL\u00c1LKOZ\u00d3JA MEZ\u0150GY\u00c1NBAN&rdquo;<\/span>&hellip;<\/a><\/div>\n<\/div>\n<div class=\"link-more\"><a href=\"http:\/\/szakrendelo-sarkad.hu\/efi\/2017\/07\/17\/elszarmazottak-talalkozoja-mezogyanban\/\" class=\"more-link\">Continue reading<span class=\"screen-reader-text\"> &ldquo;ELSZ\u00c1RMAZOTTAK TAL\u00c1LKOZ\u00d3JA MEZ\u0150GY\u00c1NBAN&rdquo;<\/span>&hellip;<\/a><\/div>\n","protected":false},"author":1,"featured_media":0,"comment_status":"closed","ping_status":"closed","sticky":false,"template":"","format":"standard","meta":{"ngg_post_thumbnail":0,"footnotes":""},"categories":[1],"tags":[],"class_list":["post-2981","post","type-post","status-publish","format-standard","hentry","category-egyeb","entry"],"_links":{"self":[{"href":"http:\/\/szakrendelo-sarkad.hu\/efi\/wp-json\/wp\/v2\/posts\/2981","targetHints":{"allow":["GET"]}}],"collection":[{"href":"http:\/\/szakrendelo-sarkad.hu\/efi\/wp-json\/wp\/v2\/posts"}],"about":[{"href":"http:\/\/szakrendelo-sarkad.hu\/efi\/wp-json\/wp\/v2\/types\/post"}],"author":[{"embeddable":true,"href":"http:\/\/szakrendelo-sarkad.hu\/efi\/wp-json\/wp\/v2\/users\/1"}],"replies":[{"embeddable":true,"href":"http:\/\/szakrendelo-sarkad.hu\/efi\/wp-json\/wp\/v2\/comments?post=2981"}],"version-history":[{"count":0,"href":"http:\/\/szakrendelo-sarkad.hu\/efi\/wp-json\/wp\/v2\/posts\/2981\/revisions"}],"wp:attachment":[{"href":"http:\/\/szakrendelo-sarkad.hu\/efi\/wp-json\/wp\/v2\/media?parent=2981"}],"wp:term":[{"taxonomy":"category","embeddable":true,"href":"http:\/\/szakrendelo-sarkad.hu\/efi\/wp-json\/wp\/v2\/categories?post=2981"},{"taxonomy":"post_tag","embeddable":true,"href":"http:\/\/szakrendelo-sarkad.hu\/efi\/wp-json\/wp\/v2\/tags?post=2981"}],"curies":[{"name":"wp","href":"https:\/\/api.w.org\/{rel}","templated":true}]}}