{"id":3089,"date":"2017-09-05T09:47:58","date_gmt":"2017-09-05T09:47:58","guid":{"rendered":"http:\/\/efi.szakrendelo-sarkad.hu\/?p=3089"},"modified":"2017-09-05T09:47:58","modified_gmt":"2017-09-05T09:47:58","slug":"kalvin-teri-csaladi-nap-2017-augusztus-20","status":"publish","type":"post","link":"http:\/\/szakrendelo-sarkad.hu\/efi\/2017\/09\/05\/kalvin-teri-csaladi-nap-2017-augusztus-20\/","title":{"rendered":"K\u00e1lvin t\u00e9ri Csal\u00e1di Nap | 2017. Augusztus 20."},"content":{"rendered":"<ol start=\"2017\">\n<li>augusztus 26-\u00e1n, szombaton ker\u00fclt megtart\u00e1sra a K\u00e1lvin t\u00e9ri Csal\u00e1di nap.<\/li>\n<\/ol>\n<p>Ahogyan S\u00e1rosi M\u00e1ty\u00e1s \u00f6nkorm\u00e1nyzati k\u00e9pvisel\u0151 is elmondta, esztend\u0151kkel ezel\u0151tt mer\u00fclt fel az ig\u00e9ny arra, hogy legyen egy k\u00f6z\u00f6ss\u00e9gi t\u00e9r a K\u00e1lvin t\u00e9ren. Hangs\u00falyozta: a k\u00f6rny\u00e9kben \u00e9l\u0151k, fiatalok \u00e9s id\u0151sek egyar\u00e1nt rengeteget dolgoztak \u00f6nk\u00e9ntesen, hogy szebb\u00e9 var\u00e1zsolhass\u00e1k a ter\u00fcletet. \u00c9vr\u0151l \u00e9vre volt valamilyen fejleszt\u00e9s, mostanra pedig szinte az \u00f6sszes \u00e1lmot megval\u00f3s\u00edtottak.<\/p>\n<p>A teleki csal\u00e1di nap egy kiv\u00e1l\u00f3 p\u00e9lda arra, hogy a lakoss\u00e1g, az \u00f6nkorm\u00e1nyzati k\u00e9pvisel\u0151 \u00e9s a v\u00e1ros \u00f6sszefog\u00e1s\u00e1val sz\u00e9p, sz\u00ednes programot lehet l\u00e9trehozni \u2013 mondta dr. Mok\u00e1n Istv\u00e1n a k\u00f6sz\u00f6nt\u0151 besz\u00e9d\u00e9ben. Sarkad polg\u00e1rmestere kiemelte, a rendezv\u00e9ny r\u00e9v\u00e9n k\u00f6zelebb ker\u00fclhetnek egym\u00e1shoz a sarkadiak, ami rendk\u00edv\u00fcl fontos a mai rohan\u00f3 vil\u00e1gban.<\/p>\n<p>A sz\u00ednes k\u00f6z\u00f6ss\u00e9gi \u00e9s kultur\u00e1lis programokat gazdag\u00edtott\u00e1k a finom \u00e9s gazdag gasztron\u00f3miai \u00ednyencs\u00e9gek. Felaj\u00e1nl\u00e1soknak k\u00f6sz\u00f6nhet\u0151 t\u00f6bb sz\u00e1z palacsinta k\u00e9sz\u00fclt \u2013 a h\u00e1zi lekv\u00e1ros, kaka\u00f3s, fah\u00e9jas \u2013, mik\u00f6zben a kemenc\u00e9ben s\u00fct\u00f6tt\u00e9k a keny\u00e9rl\u00e1ngosokat, a lekv\u00e1ros papucsokat, a pog\u00e1cs\u00e1kat, illetve a hatalmas kond\u00e9rokban f\u0151tt a p\u00f6rk\u00f6lt \u00e9s a guly\u00e1s \u2013 ezekkel l\u00e1tt\u00e1k vend\u00e9g\u00fcl a rendezv\u00e9nyre kil\u00e1togat\u00f3kat.<\/p>\n<p>A Sarkadi Kist\u00e9rs\u00e9gi J\u00e1r\u00f3beteg-Szakell\u00e1t\u00f3 K\u00f6zpont \u00e9s a Sarkadi Eg\u00e9szs\u00e9gfejleszt\u00e9si Iroda munkat\u00e1rsai is m\u00e1r hagyom\u00e1nyosan megh\u00edv\u00e1st kapott a neves esem\u00e9nyre, ahol eg\u00e9szs\u00e9g\u00fcgyi sz\u0171r\u0151vizsg\u00e1latokra, \u00e1llapotfelm\u00e9r\u00e9sre \u00e9s kock\u00e1zatbecsl\u00e9sre v\u00e1rt\u00e1k a rendezv\u00e9nyre l\u00e1togat\u00f3 lakosokat.<\/p>\n<p>Ez\u00faton k\u00edv\u00e1nunk minden kedves sarkadi lakosnak nagyon j\u00f3 eg\u00e9szs\u00e9get!<\/p>\n<!-- index.php -->\n<div\n\tclass=\"ngg-galleryoverview ngg-ajax-pagination-none\"\n\tid=\"ngg-gallery-80d22623460420e2cc8b3fb1234b8fa5-1\">\n\n    \t<div class=\"slideshowlink\">\n        <a href='http:\/\/szakrendelo-sarkad.hu\/efi\/2017\/09\/05\/kalvin-teri-csaladi-nap-2017-augusztus-20\/nggallery\/slideshow'>[Diavet\u00edt\u00e9s ind\u00edt\u00e1sa]<\/a>\n\t\t\n\t<\/div>\n\t\t\t<!-- Thumbnails -->\n\t\t\t\t<div id=\"ngg-image-0\" class=\"ngg-gallery-thumbnail-box\" >\n\t\t\t\t        <div class=\"ngg-gallery-thumbnail\">\n            <a href=\"http:\/\/szakrendelo-sarkad.hu\/efi\/wp-content\/gallery\/efiold\/kalvinter_17\/IMG_7409.JPG\"\n               title=\"\"\n               data-src=\"http:\/\/szakrendelo-sarkad.hu\/efi\/wp-content\/gallery\/efiold\/kalvinter_17\/IMG_7409.JPG\"\n               data-thumbnail=\"http:\/\/szakrendelo-sarkad.hu\/efi\/wp-content\/gallery\/efiold\/kalvinter_17\/thumbs\/thumbs_IMG_7409.JPG\"\n               data-image-id=\"1098\"\n               data-title=\"IMG_7409.JPG\"\n               data-description=\"\"\n               data-image-slug=\"img_7409-jpg\"\n               class=\"ngg-fancybox\" rel=\"80d22623460420e2cc8b3fb1234b8fa5\">\n                <img\n                    title=\"IMG_7409.JPG\"\n                    alt=\"IMG_7409.JPG\"\n                    src=\"http:\/\/szakrendelo-sarkad.hu\/efi\/wp-content\/gallery\/efiold\/kalvinter_17\/thumbs\/thumbs_IMG_7409.JPG\"\n                    width=\"100\"\n                    height=\"75\"\n                    style=\"max-width:100%;\"\n                \/>\n            <\/a>\n        <\/div>\n\t\t\t\t\t\t\t<\/div> \n\t\t\t\n        \n\t\t\t\t<div id=\"ngg-image-1\" class=\"ngg-gallery-thumbnail-box\" >\n\t\t\t\t        <div class=\"ngg-gallery-thumbnail\">\n            <a href=\"http:\/\/szakrendelo-sarkad.hu\/efi\/wp-content\/gallery\/efiold\/kalvinter_17\/IMG_7400.JPG\"\n               title=\"\"\n               data-src=\"http:\/\/szakrendelo-sarkad.hu\/efi\/wp-content\/gallery\/efiold\/kalvinter_17\/IMG_7400.JPG\"\n               data-thumbnail=\"http:\/\/szakrendelo-sarkad.hu\/efi\/wp-content\/gallery\/efiold\/kalvinter_17\/thumbs\/thumbs_IMG_7400.JPG\"\n               data-image-id=\"1099\"\n               data-title=\"IMG_7400.JPG\"\n               data-description=\"\"\n               data-image-slug=\"img_7400-jpg\"\n               class=\"ngg-fancybox\" rel=\"80d22623460420e2cc8b3fb1234b8fa5\">\n                <img\n                    title=\"IMG_7400.JPG\"\n                    alt=\"IMG_7400.JPG\"\n                    src=\"http:\/\/szakrendelo-sarkad.hu\/efi\/wp-content\/gallery\/efiold\/kalvinter_17\/thumbs\/thumbs_IMG_7400.JPG\"\n                    width=\"100\"\n                    height=\"75\"\n                    style=\"max-width:100%;\"\n                \/>\n            <\/a>\n        <\/div>\n\t\t\t\t\t\t\t<\/div> \n\t\t\t\n        \n\t\t\t\t<div id=\"ngg-image-2\" class=\"ngg-gallery-thumbnail-box\" >\n\t\t\t\t        <div class=\"ngg-gallery-thumbnail\">\n            <a href=\"http:\/\/szakrendelo-sarkad.hu\/efi\/wp-content\/gallery\/efiold\/kalvinter_17\/IMG_7399.JPG\"\n               title=\"\"\n               data-src=\"http:\/\/szakrendelo-sarkad.hu\/efi\/wp-content\/gallery\/efiold\/kalvinter_17\/IMG_7399.JPG\"\n               data-thumbnail=\"http:\/\/szakrendelo-sarkad.hu\/efi\/wp-content\/gallery\/efiold\/kalvinter_17\/thumbs\/thumbs_IMG_7399.JPG\"\n               data-image-id=\"1100\"\n               data-title=\"IMG_7399.JPG\"\n               data-description=\"\"\n               data-image-slug=\"img_7399-jpg\"\n               class=\"ngg-fancybox\" rel=\"80d22623460420e2cc8b3fb1234b8fa5\">\n                <img\n                    title=\"IMG_7399.JPG\"\n                    alt=\"IMG_7399.JPG\"\n                    src=\"http:\/\/szakrendelo-sarkad.hu\/efi\/wp-content\/gallery\/efiold\/kalvinter_17\/thumbs\/thumbs_IMG_7399.JPG\"\n                    width=\"100\"\n                    height=\"75\"\n                    style=\"max-width:100%;\"\n                \/>\n            <\/a>\n        <\/div>\n\t\t\t\t\t\t\t<\/div> \n\t\t\t\n        \n\t\t\n\t\t<!-- Pagination -->\n\t<div class='ngg-clear'><\/div>\t<\/div>\n\n","protected":false},"excerpt":{"rendered":"<div class=\"entry-summary\">\n<div class=\"entry-summary\">\naugusztus 26-\u00e1n, szombaton ker\u00fclt megtart\u00e1sra a K\u00e1lvin t\u00e9ri Csal\u00e1di nap. Ahogyan S\u00e1rosi M\u00e1ty\u00e1s \u00f6nkorm\u00e1nyzati k\u00e9pvisel\u0151 is elmondta, esztend\u0151kkel&hellip;\n<\/div>\n<div class=\"link-more\"><a href=\"http:\/\/szakrendelo-sarkad.hu\/efi\/2017\/09\/05\/kalvin-teri-csaladi-nap-2017-augusztus-20\/\" class=\"more-link\">Continue reading<span class=\"screen-reader-text\"> &ldquo;K\u00e1lvin t\u00e9ri Csal\u00e1di Nap | 2017. Augusztus 20.&rdquo;<\/span>&hellip;<\/a><\/div>\n<\/div>\n<div class=\"link-more\"><a href=\"http:\/\/szakrendelo-sarkad.hu\/efi\/2017\/09\/05\/kalvin-teri-csaladi-nap-2017-augusztus-20\/\" class=\"more-link\">Continue reading<span class=\"screen-reader-text\"> &ldquo;K\u00e1lvin t\u00e9ri Csal\u00e1di Nap | 2017. Augusztus 20.&rdquo;<\/span>&hellip;<\/a><\/div>\n","protected":false},"author":1,"featured_media":0,"comment_status":"closed","ping_status":"closed","sticky":false,"template":"","format":"standard","meta":{"ngg_post_thumbnail":0,"footnotes":""},"categories":[1],"tags":[],"class_list":["post-3089","post","type-post","status-publish","format-standard","hentry","category-egyeb","entry"],"_links":{"self":[{"href":"http:\/\/szakrendelo-sarkad.hu\/efi\/wp-json\/wp\/v2\/posts\/3089","targetHints":{"allow":["GET"]}}],"collection":[{"href":"http:\/\/szakrendelo-sarkad.hu\/efi\/wp-json\/wp\/v2\/posts"}],"about":[{"href":"http:\/\/szakrendelo-sarkad.hu\/efi\/wp-json\/wp\/v2\/types\/post"}],"author":[{"embeddable":true,"href":"http:\/\/szakrendelo-sarkad.hu\/efi\/wp-json\/wp\/v2\/users\/1"}],"replies":[{"embeddable":true,"href":"http:\/\/szakrendelo-sarkad.hu\/efi\/wp-json\/wp\/v2\/comments?post=3089"}],"version-history":[{"count":0,"href":"http:\/\/szakrendelo-sarkad.hu\/efi\/wp-json\/wp\/v2\/posts\/3089\/revisions"}],"wp:attachment":[{"href":"http:\/\/szakrendelo-sarkad.hu\/efi\/wp-json\/wp\/v2\/media?parent=3089"}],"wp:term":[{"taxonomy":"category","embeddable":true,"href":"http:\/\/szakrendelo-sarkad.hu\/efi\/wp-json\/wp\/v2\/categories?post=3089"},{"taxonomy":"post_tag","embeddable":true,"href":"http:\/\/szakrendelo-sarkad.hu\/efi\/wp-json\/wp\/v2\/tags?post=3089"}],"curies":[{"name":"wp","href":"https:\/\/api.w.org\/{rel}","templated":true}]}}