{"id":3102,"date":"2017-09-05T07:51:26","date_gmt":"2017-09-05T07:51:26","guid":{"rendered":"http:\/\/efi.szakrendelo-sarkad.hu\/?p=3102"},"modified":"2017-09-05T07:51:26","modified_gmt":"2017-09-05T07:51:26","slug":"xv-uborka-fesztival-2017-augusztus-12","status":"publish","type":"post","link":"http:\/\/szakrendelo-sarkad.hu\/efi\/2017\/09\/05\/xv-uborka-fesztival-2017-augusztus-12\/","title":{"rendered":"XV. Uborka Fesztiv\u00e1l | 2017. Augusztus 12."},"content":{"rendered":"<p>M\u00e9hker\u00e9k K\u00f6zs\u00e9g \u00d6nkorm\u00e1nyzat\u00e1nak szervez\u00e9s\u00e9ben 2017. augusztus 12-\u00e9n, szombaton ker\u00fclt megrendez\u00e9sre a m\u00e1sf\u00e9l \u00e9vtizedre visszatekint\u0151 XV. Uborka fesztiv\u00e1l. A f\u0151leg rom\u00e1n nemzetis\u00e9g\u0171ek lakta telep\u00fcl\u00e9s k\u00e9t napon \u00e1t tart\u00f3 rendezv\u00e9nysorozattal v\u00e1rta a l\u00e1togat\u00f3kat. A szervez\u0151k id\u00e9n a hagyom\u00e1nyok tisztelet\u00e9nek, a n\u00e9pt\u00e1nc szeretet\u00e9nek, valamint a gasztron\u00f3mia megismer\u00e9s\u00e9nek szenteltek nagy figyelmet. A sz\u00e9lesk\u00f6r\u0171 kultur\u00e1lis programok egyar\u00e1nt kikapcsol\u00f3d\u00e1st ny\u00fajtottak gyermekek, feln\u0151ttek, \u00e9s csal\u00e1dok sz\u00e1m\u00e1ra. A rendezv\u00e9nyre l\u00e1togat\u00f3k r\u00e9szesei lehettek a Rom\u00e1n Hagyom\u00e1ny\u0151rz\u0151 T\u00e1nc-n\u00e9pt\u00e1nc egyes\u00fcletek, Bang\u00f3 Margit, valamint a Republic egy\u00fcttes, a Magashegyi Underground egy\u00fcttes, a Potyautasok, \u00e9s Lorena el\u0151ad\u00f3m\u0171v\u00e9sz m\u0171sor\u00e1ban.<\/p>\n<p>A M\u00e9hker\u00e9ki Rom\u00e1n Nemzetis\u00e9gi K\u00e9tnyelv\u0171 \u00d3voda \u00e9s \u00c1ltal\u00e1nos Iskola gyermekei sz\u00ednpomp\u00e1s m\u0171sorral kedveskedtek a programra l\u00e1togat\u00f3k sz\u00e1m\u00e1ra.<\/p>\n<p>A Sarkadi Kist\u00e9rs\u00e9gi J\u00e1r\u00f3beteg Szakell\u00e1t\u00f3 K\u00f6zpont \u00e9s a Sarkadi Eg\u00e9szs\u00e9gfejleszt\u00e9si Iroda munkat\u00e1rsai eg\u00e9szs\u00e9g\u00fcgyi sz\u0171r\u0151vizsg\u00e1latokra, audiol\u00f3giai sz\u0171r\u00e9sre, valamint \u00e1llapotfelm\u00e9r\u00e9sre \u00e9s kock\u00e1zatbecsl\u00e9sre v\u00e1rta a fesztiv\u00e1lra \u00e9rkez\u0151ket.<\/p>\n<p>&nbsp;<\/p>\n<p>Szolg\u00e1ltat\u00e1sainkr\u00f3l \u00e9s rendezv\u00e9nyeinkr\u0151l folyamatosan t\u00e1j\u00e9koz\u00f3dhatnak a <a href=\"http:\/\/www.szakrendelo-sarkad.hu\/efi\">www.szakrendelo-sarkad.hu\/efi<\/a> honlapon.<\/p>\n<p>Mindenkinek j\u00f3 eg\u00e9szs\u00e9get \u00e9s kellemes nyarat k\u00edv\u00e1nunk!<\/p>\n<!-- index.php -->\n<div\n\tclass=\"ngg-galleryoverview ngg-ajax-pagination-none\"\n\tid=\"ngg-gallery-6665ee7fd993be0644cdebda289cd39f-1\">\n\n    \t<div class=\"slideshowlink\">\n        <a href='http:\/\/szakrendelo-sarkad.hu\/efi\/2017\/09\/05\/xv-uborka-fesztival-2017-augusztus-12\/nggallery\/slideshow'>[Diavet\u00edt\u00e9s ind\u00edt\u00e1sa]<\/a>\n\t\t\n\t<\/div>\n\t\t\t<!-- Thumbnails -->\n\t\t\t\t<div id=\"ngg-image-0\" class=\"ngg-gallery-thumbnail-box\" >\n\t\t\t\t        <div class=\"ngg-gallery-thumbnail\">\n            <a href=\"http:\/\/szakrendelo-sarkad.hu\/efi\/wp-content\/gallery\/efiold\/uborkafeszt_17\/IMG_7326-1.JPG\"\n               title=\"\"\n               data-src=\"http:\/\/szakrendelo-sarkad.hu\/efi\/wp-content\/gallery\/efiold\/uborkafeszt_17\/IMG_7326-1.JPG\"\n               data-thumbnail=\"http:\/\/szakrendelo-sarkad.hu\/efi\/wp-content\/gallery\/efiold\/uborkafeszt_17\/thumbs\/thumbs_IMG_7326-1.JPG\"\n               data-image-id=\"1101\"\n               data-title=\"IMG_7326 (1).JPG\"\n               data-description=\"\"\n               data-image-slug=\"img_7326-1-jpg\"\n               class=\"ngg-fancybox\" rel=\"6665ee7fd993be0644cdebda289cd39f\">\n                <img\n                    title=\"IMG_7326 (1).JPG\"\n                    alt=\"IMG_7326 (1).JPG\"\n                    src=\"http:\/\/szakrendelo-sarkad.hu\/efi\/wp-content\/gallery\/efiold\/uborkafeszt_17\/thumbs\/thumbs_IMG_7326-1.JPG\"\n                    width=\"100\"\n                    height=\"75\"\n                    style=\"max-width:100%;\"\n                \/>\n            <\/a>\n        <\/div>\n\t\t\t\t\t\t\t<\/div> \n\t\t\t\n        \n\t\t\t\t<div id=\"ngg-image-1\" class=\"ngg-gallery-thumbnail-box\" >\n\t\t\t\t        <div class=\"ngg-gallery-thumbnail\">\n            <a href=\"http:\/\/szakrendelo-sarkad.hu\/efi\/wp-content\/gallery\/efiold\/uborkafeszt_17\/IMG_7323-1.JPG\"\n               title=\"\"\n               data-src=\"http:\/\/szakrendelo-sarkad.hu\/efi\/wp-content\/gallery\/efiold\/uborkafeszt_17\/IMG_7323-1.JPG\"\n               data-thumbnail=\"http:\/\/szakrendelo-sarkad.hu\/efi\/wp-content\/gallery\/efiold\/uborkafeszt_17\/thumbs\/thumbs_IMG_7323-1.JPG\"\n               data-image-id=\"1102\"\n               data-title=\"IMG_7323 (1).JPG\"\n               data-description=\"\"\n               data-image-slug=\"img_7323-1-jpg\"\n               class=\"ngg-fancybox\" rel=\"6665ee7fd993be0644cdebda289cd39f\">\n                <img\n                    title=\"IMG_7323 (1).JPG\"\n                    alt=\"IMG_7323 (1).JPG\"\n                    src=\"http:\/\/szakrendelo-sarkad.hu\/efi\/wp-content\/gallery\/efiold\/uborkafeszt_17\/thumbs\/thumbs_IMG_7323-1.JPG\"\n                    width=\"100\"\n                    height=\"75\"\n                    style=\"max-width:100%;\"\n                \/>\n            <\/a>\n        <\/div>\n\t\t\t\t\t\t\t<\/div> \n\t\t\t\n        \n\t\t\t\t<div id=\"ngg-image-2\" class=\"ngg-gallery-thumbnail-box\" >\n\t\t\t\t        <div class=\"ngg-gallery-thumbnail\">\n            <a href=\"http:\/\/szakrendelo-sarkad.hu\/efi\/wp-content\/gallery\/efiold\/uborkafeszt_17\/IMG_7319-1.JPG\"\n               title=\"\"\n               data-src=\"http:\/\/szakrendelo-sarkad.hu\/efi\/wp-content\/gallery\/efiold\/uborkafeszt_17\/IMG_7319-1.JPG\"\n               data-thumbnail=\"http:\/\/szakrendelo-sarkad.hu\/efi\/wp-content\/gallery\/efiold\/uborkafeszt_17\/thumbs\/thumbs_IMG_7319-1.JPG\"\n               data-image-id=\"1103\"\n               data-title=\"IMG_7319 (1).JPG\"\n               data-description=\"\"\n               data-image-slug=\"img_7319-1-jpg\"\n               class=\"ngg-fancybox\" rel=\"6665ee7fd993be0644cdebda289cd39f\">\n                <img\n                    title=\"IMG_7319 (1).JPG\"\n                    alt=\"IMG_7319 (1).JPG\"\n                    src=\"http:\/\/szakrendelo-sarkad.hu\/efi\/wp-content\/gallery\/efiold\/uborkafeszt_17\/thumbs\/thumbs_IMG_7319-1.JPG\"\n                    width=\"100\"\n                    height=\"75\"\n                    style=\"max-width:100%;\"\n                \/>\n            <\/a>\n        <\/div>\n\t\t\t\t\t\t\t<\/div> \n\t\t\t\n        \n\t\t\t\t<div id=\"ngg-image-3\" class=\"ngg-gallery-thumbnail-box\" >\n\t\t\t\t        <div class=\"ngg-gallery-thumbnail\">\n            <a href=\"http:\/\/szakrendelo-sarkad.hu\/efi\/wp-content\/gallery\/efiold\/uborkafeszt_17\/IMG_7314-1.JPG\"\n               title=\"\"\n               data-src=\"http:\/\/szakrendelo-sarkad.hu\/efi\/wp-content\/gallery\/efiold\/uborkafeszt_17\/IMG_7314-1.JPG\"\n               data-thumbnail=\"http:\/\/szakrendelo-sarkad.hu\/efi\/wp-content\/gallery\/efiold\/uborkafeszt_17\/thumbs\/thumbs_IMG_7314-1.JPG\"\n               data-image-id=\"1104\"\n               data-title=\"IMG_7314 (1).JPG\"\n               data-description=\"\"\n               data-image-slug=\"img_7314-1-jpg\"\n               class=\"ngg-fancybox\" rel=\"6665ee7fd993be0644cdebda289cd39f\">\n                <img\n                    title=\"IMG_7314 (1).JPG\"\n                    alt=\"IMG_7314 (1).JPG\"\n                    src=\"http:\/\/szakrendelo-sarkad.hu\/efi\/wp-content\/gallery\/efiold\/uborkafeszt_17\/thumbs\/thumbs_IMG_7314-1.JPG\"\n                    width=\"100\"\n                    height=\"75\"\n                    style=\"max-width:100%;\"\n                \/>\n            <\/a>\n        <\/div>\n\t\t\t\t\t\t\t<\/div> \n\t\t\t\n        \n\t\t\n\t\t<!-- Pagination -->\n\t<div class='ngg-clear'><\/div>\t<\/div>\n\n","protected":false},"excerpt":{"rendered":"<div class=\"entry-summary\">\n<div class=\"entry-summary\">\nM\u00e9hker\u00e9k K\u00f6zs\u00e9g \u00d6nkorm\u00e1nyzat\u00e1nak szervez\u00e9s\u00e9ben 2017. augusztus 12-\u00e9n, szombaton ker\u00fclt megrendez\u00e9sre a m\u00e1sf\u00e9l \u00e9vtizedre visszatekint\u0151 XV. Uborka fesztiv\u00e1l. A&hellip;\n<\/div>\n<div class=\"link-more\"><a href=\"http:\/\/szakrendelo-sarkad.hu\/efi\/2017\/09\/05\/xv-uborka-fesztival-2017-augusztus-12\/\" class=\"more-link\">Continue reading<span class=\"screen-reader-text\"> &ldquo;XV. Uborka Fesztiv\u00e1l | 2017. Augusztus 12.&rdquo;<\/span>&hellip;<\/a><\/div>\n<\/div>\n<div class=\"link-more\"><a href=\"http:\/\/szakrendelo-sarkad.hu\/efi\/2017\/09\/05\/xv-uborka-fesztival-2017-augusztus-12\/\" class=\"more-link\">Continue reading<span class=\"screen-reader-text\"> &ldquo;XV. Uborka Fesztiv\u00e1l | 2017. Augusztus 12.&rdquo;<\/span>&hellip;<\/a><\/div>\n","protected":false},"author":1,"featured_media":0,"comment_status":"closed","ping_status":"closed","sticky":false,"template":"","format":"standard","meta":{"ngg_post_thumbnail":0,"footnotes":""},"categories":[1],"tags":[],"class_list":["post-3102","post","type-post","status-publish","format-standard","hentry","category-egyeb","entry"],"_links":{"self":[{"href":"http:\/\/szakrendelo-sarkad.hu\/efi\/wp-json\/wp\/v2\/posts\/3102","targetHints":{"allow":["GET"]}}],"collection":[{"href":"http:\/\/szakrendelo-sarkad.hu\/efi\/wp-json\/wp\/v2\/posts"}],"about":[{"href":"http:\/\/szakrendelo-sarkad.hu\/efi\/wp-json\/wp\/v2\/types\/post"}],"author":[{"embeddable":true,"href":"http:\/\/szakrendelo-sarkad.hu\/efi\/wp-json\/wp\/v2\/users\/1"}],"replies":[{"embeddable":true,"href":"http:\/\/szakrendelo-sarkad.hu\/efi\/wp-json\/wp\/v2\/comments?post=3102"}],"version-history":[{"count":0,"href":"http:\/\/szakrendelo-sarkad.hu\/efi\/wp-json\/wp\/v2\/posts\/3102\/revisions"}],"wp:attachment":[{"href":"http:\/\/szakrendelo-sarkad.hu\/efi\/wp-json\/wp\/v2\/media?parent=3102"}],"wp:term":[{"taxonomy":"category","embeddable":true,"href":"http:\/\/szakrendelo-sarkad.hu\/efi\/wp-json\/wp\/v2\/categories?post=3102"},{"taxonomy":"post_tag","embeddable":true,"href":"http:\/\/szakrendelo-sarkad.hu\/efi\/wp-json\/wp\/v2\/tags?post=3102"}],"curies":[{"name":"wp","href":"https:\/\/api.w.org\/{rel}","templated":true}]}}