{"id":348,"date":"2014-06-26T04:36:36","date_gmt":"2014-06-26T04:36:36","guid":{"rendered":"http:\/\/efi.szakrendelo-sarkad.hu\/?p=348"},"modified":"2014-06-26T04:36:36","modified_gmt":"2014-06-26T04:36:36","slug":"kistersegi-sportnap-sarkadon","status":"publish","type":"post","link":"http:\/\/szakrendelo-sarkad.hu\/efi\/2014\/06\/26\/kistersegi-sportnap-sarkadon\/","title":{"rendered":"Kist\u00e9rs\u00e9gi Sportnap Sarkadon"},"content":{"rendered":"<p><b>T\u00c1MOP-6.1.2.\/LHH-11-B\/2012-0006<br \/>\n<\/b>\u201eEg\u00e9szs\u00e9gfejleszt\u00e9si szolg\u00e1ltat\u00e1sok kialak\u00edt\u00e1sa a Sarkadi Kist\u00e9rs\u00e9gben\u201d<\/p>\n<p><strong>2014. m\u00e1jus 21-\u00e9n ker\u00fclt megrendez\u00e9sre a Sarkadi Kist\u00e9rs\u00e9gi J\u00e1r\u00f3beteg Szakell\u00e1t\u00f3 K\u00f6zpont Eg\u00e9szs\u00e9gfejleszt\u00e9si Irod\u00e1ja \u00e1ltal szervezett Sarkadi Kist\u00e9rs\u00e9gi Sportnap. H\u00e9t helysz\u00ednen, f\u00e9l tucatn\u00e1l t\u00f6bb sport\u00e1gban m\u00e9rt\u00e9k \u00f6ssze tud\u00e1sukat a sportolni v\u00e1gy\u00f3k.<\/strong><\/p>\n<p>A Bart\u00f3k B\u00e9la M\u0171vel\u0151d\u00e9si K\u00f6zpontn\u00e1l d\u00e9lel\u0151tt gy\u00f3gytorn\u00e1t tartott <b>Bonyh\u00e1di Olga<\/b>, d\u00e9lut\u00e1n pedig az <b>Eg\u00e9szs\u00e9g\u00fcnk\u00e9rt Sport- \u00e9s Kultur\u00e1lis Egyes\u00fclet<\/b> <b>Kelemen M\u00e1ria<\/b> k\u00e9pviselet\u00e9ben aerobic-kal v\u00e1rta a mozogni v\u00e1gy\u00f3kat.<\/p>\n<p>Az <b>Ady Endre \u2013 Bay Zolt\u00e1n K\u00f6z\u00e9piskola Tornacsarnok\u00e1ban<\/b> r\u00f6plabda \u00e9s asztalitenisz bajnoks\u00e1g zajlott, az \u00c9den-tavakon a <b>Sarkadi B\u00e1rk\u00e1s Horg\u00e1sz Egyes\u00fclet<\/b> egy\u00fcttm\u0171k\u00f6d\u00e9s\u00e9vel rendezett sporthorg\u00e1sz versenyt.<\/p>\n<p>A <b>Sarkadi Lend\u00fclet 2010 Tenisz Egyes\u00fclet<\/b> csak\u00fagy, mint a <b>Kinizsi Tenisz Egyes\u00fclet<\/b> h\u00e1zi bajnoks\u00e1got hirdetett.<\/p>\n<p>A <b>Sarkadi Kinizsi<\/b> <b>m\u0171f\u00fcves p\u00e1ly\u00e1n<\/b> kisp\u00e1ly\u00e1s labdar\u00fag\u00f3 bajnoks\u00e1g zajlott, ahol a kezd\u0151r\u00fag\u00e1st Bende R\u00f3bert, Sarkad v\u00e1ros polg\u00e1rmestere \u00e9s Nemes J\u00e1nos, K\u00f6tegy\u00e1n polg\u00e1rmestere tette meg. A labdar\u00fag\u00f3 torna k\u00f6tegy\u00e1ni diadallal z\u00e1rult.<\/p>\n<p>D\u00e9lut\u00e1n a <b>Sarkad \u00e9s T\u00e9rs\u00e9ge Ker\u00e9kp\u00e1ros, Eg\u00e9szs\u00e9gmeg\u0151rz\u0151 Ifj\u00fas\u00e1gi K\u00f6zhaszn\u00fa Egyes\u00fclet <\/b>tagjai \u00e9s a ker\u00e9kp\u00e1roz\u00e1s kedvel\u0151i Sarkadkereszt\u00farig, majd onnan vissza Sarkadra tekertek.<\/p>\n<p>A nap gy\u0151ztesei r\u00e9sz\u00e9re a d\u00edjak \u00e1tad\u00e1s\u00e1ra a <b>Bart\u00f3k B\u00e9la M\u0171vel\u0151d\u00e9si K\u00f6zpontn\u00e1l<\/b> megrendezett z\u00e1r\u00f3 rendezv\u00e9ny keret\u00e9ben ker\u00fclt sor, amit a Sarkadi <b>Kenton zenekar<\/b> koncertje z\u00e1rt.<\/p>\n<p>A Sarkadi Kist\u00e9rs\u00e9gi Eg\u00e9szs\u00e9g\u00fcgyi Fejleszt\u0151 Nonprofit Kft. nev\u00e9ben ez\u00faton k\u00f6sz\u00f6nj\u00fck az e napon t\u00f6rt\u00e9n\u0151 egy\u00fcttm\u0171k\u00f6d\u00e9st \u00e9s akt\u00edv r\u00e9szv\u00e9telt a kist\u00e9rs\u00e9g valamennyi \u00f6nkorm\u00e1nyzat\u00e1nak, \u00e9s az \u00f6sszes k\u00f6zrem\u0171k\u00f6d\u0151 civil szervezetnek, de legf\u0151k\u00e9ppen a megjelent lakosoknak.<\/p>\n<p>A sportnapr\u00f3l \u00e9s tev\u00e9kenys\u00e9g\u00fcnkr\u0151l b\u0151vebb inform\u00e1ci\u00f3t \u00e9s k\u00e9peket tal\u00e1lhatnak weboldalunkon.<\/p>\n<p>(K\u00f6zvetlen hivatkoz\u00e1sok: <a href=\"http:\/\/efi.szakrendelo-sarkad.hu\/?page_id=272\">Inform\u00e1ci\u00f3<\/a>, <a href=\"http:\/\/efi.szakrendelo-sarkad.hu\/?page_id=18\">Gal\u00e9ria<\/a> &#8211; <em>Szerk.<\/em>)<\/p>\n<p>Tov\u00e1bbi j\u00f3 eg\u00e9szs\u00e9get k\u00edv\u00e1nunk minden kedves Sarkadi Kist\u00e9rs\u00e9gi Lakosnak!<\/p>\n<p>Eg\u00e9szs\u00e9gfejleszt\u00e9si Iroda &#8211; Sarkad<\/p>\n<p>&nbsp;<\/p>\n","protected":false},"excerpt":{"rendered":"<div class=\"entry-summary\">\n<div class=\"entry-summary\">\nT\u00c1MOP-6.1.2.\/LHH-11-B\/2012-0006 \u201eEg\u00e9szs\u00e9gfejleszt\u00e9si szolg\u00e1ltat\u00e1sok kialak\u00edt\u00e1sa a Sarkadi Kist\u00e9rs\u00e9gben\u201d 2014. m\u00e1jus 21-\u00e9n ker\u00fclt megrendez\u00e9sre a Sarkadi Kist\u00e9rs\u00e9gi J\u00e1r\u00f3beteg Szakell\u00e1t\u00f3 K\u00f6zpont&hellip;\n<\/div>\n<div class=\"link-more\"><a href=\"http:\/\/szakrendelo-sarkad.hu\/efi\/2014\/06\/26\/kistersegi-sportnap-sarkadon\/\" class=\"more-link\">Continue reading<span class=\"screen-reader-text\"> &ldquo;Kist\u00e9rs\u00e9gi Sportnap Sarkadon&rdquo;<\/span>&hellip;<\/a><\/div>\n<\/div>\n<div class=\"link-more\"><a href=\"http:\/\/szakrendelo-sarkad.hu\/efi\/2014\/06\/26\/kistersegi-sportnap-sarkadon\/\" class=\"more-link\">Continue reading<span class=\"screen-reader-text\"> &ldquo;Kist\u00e9rs\u00e9gi Sportnap Sarkadon&rdquo;<\/span>&hellip;<\/a><\/div>\n","protected":false},"author":1,"featured_media":0,"comment_status":"closed","ping_status":"closed","sticky":false,"template":"","format":"standard","meta":{"ngg_post_thumbnail":0,"footnotes":""},"categories":[1],"tags":[],"class_list":["post-348","post","type-post","status-publish","format-standard","hentry","category-egyeb","entry"],"_links":{"self":[{"href":"http:\/\/szakrendelo-sarkad.hu\/efi\/wp-json\/wp\/v2\/posts\/348","targetHints":{"allow":["GET"]}}],"collection":[{"href":"http:\/\/szakrendelo-sarkad.hu\/efi\/wp-json\/wp\/v2\/posts"}],"about":[{"href":"http:\/\/szakrendelo-sarkad.hu\/efi\/wp-json\/wp\/v2\/types\/post"}],"author":[{"embeddable":true,"href":"http:\/\/szakrendelo-sarkad.hu\/efi\/wp-json\/wp\/v2\/users\/1"}],"replies":[{"embeddable":true,"href":"http:\/\/szakrendelo-sarkad.hu\/efi\/wp-json\/wp\/v2\/comments?post=348"}],"version-history":[{"count":0,"href":"http:\/\/szakrendelo-sarkad.hu\/efi\/wp-json\/wp\/v2\/posts\/348\/revisions"}],"wp:attachment":[{"href":"http:\/\/szakrendelo-sarkad.hu\/efi\/wp-json\/wp\/v2\/media?parent=348"}],"wp:term":[{"taxonomy":"category","embeddable":true,"href":"http:\/\/szakrendelo-sarkad.hu\/efi\/wp-json\/wp\/v2\/categories?post=348"},{"taxonomy":"post_tag","embeddable":true,"href":"http:\/\/szakrendelo-sarkad.hu\/efi\/wp-json\/wp\/v2\/tags?post=348"}],"curies":[{"name":"wp","href":"https:\/\/api.w.org\/{rel}","templated":true}]}}