{"id":375,"date":"2014-07-25T07:00:50","date_gmt":"2014-07-25T07:00:50","guid":{"rendered":"http:\/\/efi.szakrendelo-sarkad.hu\/?p=375"},"modified":"2014-07-25T07:00:50","modified_gmt":"2014-07-25T07:00:50","slug":"falunap-sarkadkereszturon","status":"publish","type":"post","link":"http:\/\/szakrendelo-sarkad.hu\/efi\/2014\/07\/25\/falunap-sarkadkereszturon\/","title":{"rendered":"Falunap Sarkadkereszt\u00faron"},"content":{"rendered":"<p>Id\u00e9n <b>2014. j\u00falius 12-\u00e9n<\/b> ker\u00fclt megrendez\u00e9sre <b>Sarkadkereszt\u00far K\u00f6zs\u00e9g \u00d6nkorm\u00e1nyzat\u00e1nak Falunapja.<\/b> A rendezv\u00e9nyre a <b>Sarkadi Eg\u00e9szs\u00e9gfejleszt\u00e9si Iroda<\/b> is megh\u00edv\u00e1st kapott, mely felk\u00e9r\u00e9snek nagy szeretettel \u00e9s \u00f6r\u00f6mmel tett\u00fcnk eleget.<\/p>\n<p>A kil\u00e1togat\u00f3 r\u00e9sztvev\u0151k sz\u00e1m\u00e1ra Eg\u00e9szs\u00e9gfejleszt\u00e9si Irod\u00e1nk munkat\u00e1rsai az al\u00e1bbi eg\u00e9szs\u00e9g\u00fcgyi sz\u0171r\u0151vizsg\u00e1latokat biztos\u00edtott\u00e1k: v\u00e9rnyom\u00e1sm\u00e9r\u00e9s, tests\u00faly, testmagass\u00e1gm\u00e9r\u00e9s, BMI sz\u00e1m\u00edt\u00e1s, v\u00e9rcukorszint m\u00e9r\u00e9s, testzs\u00edr m\u00e9r\u00e9s, sz\u00f3r\u00f3anyagok biztos\u00edt\u00e1sa valamint eg\u00e9szs\u00e9g\u00fcgyi tan\u00e1csad\u00e1s.<\/p>\n<p>A Falunapot sz\u00ednes programok gazdag\u00edtott\u00e1k, ki-ki v\u00e1laszthatott kedv\u00e9re val\u00f3t a jeles programelemek k\u00f6z\u00fcl pl: n\u00e9pt\u00e1nccsoport bemutat\u00f3, n\u00f3ta\u00e9nekesek, modern t\u00e1nc bemutat\u00f3, rock egy\u00fcttesek, pop egy\u00fcttesek, jeles el\u0151ad\u00f3m\u0171v\u00e9szek, gyermekeknek ingyenes ugr\u00e1l\u00f3 v\u00e1r, arcfest\u00e9s, lufi hajtogat\u00e1s.\u00a0 A rendezv\u00e9nyre l\u00e1togat\u00f3kat babguly\u00e1ssal \u00e9s friss\u00edt\u0151vel fogadt\u00e1k a h\u00e1zigazd\u00e1k.<\/p>\n<p><img loading=\"lazy\" decoding=\"async\" class=\"aligncenter size-full wp-image-376\" alt=\"kjep\" src=\"http:\/\/kjcuj.fazekas.wdsite.hu\/efi\/wp-content\/uploads\/sites\/2\/2014\/07\/kjep.jpg\" width=\"498\" height=\"332\" srcset=\"http:\/\/szakrendelo-sarkad.hu\/efi\/wp-content\/uploads\/sites\/2\/2014\/07\/kjep.jpg 498w, http:\/\/szakrendelo-sarkad.hu\/efi\/wp-content\/uploads\/sites\/2\/2014\/07\/kjep-300x200.jpg 300w\" sizes=\"auto, (max-width: 498px) 100vw, 498px\" \/><\/p>\n<p>Az eg\u00e9szs\u00e9g\u00fcgyi standunkn\u00e1l nem csup\u00e1n a 18 \u00e9v feletti koroszt\u00e1ly \u00e1llt meg, hanem pozit\u00edv eredm\u00e9nyk\u00e9nt szolg\u00e1l, hogy kiskor\u00faak is sz\u00edvesen ellen\u0151riztetik param\u00e9tereiket, tudatosan figyelnek eg\u00e9szs\u00e9gi \u00e1llapotukra.<\/p>\n<p>A program mindenk\u00e9ppen a szoci\u00e1lis \u00f6sszetartoz\u00e1st, az egym\u00e1s seg\u00edt\u00e9s\u00e9t, az egym\u00e1shoz val\u00f3 alkalmazkod\u00e1sunkat, a k\u00f6z\u00f6s siker\u00e9lm\u00e9nyek \u00e1t\u00e9l\u00e9s\u00e9t \u00e9s az egy\u00fctt \u00f6r\u00fcl\u00e9s \u00e9lm\u00e9ny\u00e9nek \u00e1tad\u00e1s\u00e1t szolg\u00e1lta.<\/p>\n","protected":false},"excerpt":{"rendered":"<div class=\"entry-summary\">\n<div class=\"entry-summary\">\nId\u00e9n 2014. j\u00falius 12-\u00e9n ker\u00fclt megrendez\u00e9sre Sarkadkereszt\u00far K\u00f6zs\u00e9g \u00d6nkorm\u00e1nyzat\u00e1nak Falunapja. A rendezv\u00e9nyre a Sarkadi Eg\u00e9szs\u00e9gfejleszt\u00e9si Iroda is megh\u00edv\u00e1st&hellip;\n<\/div>\n<div class=\"link-more\"><a href=\"http:\/\/szakrendelo-sarkad.hu\/efi\/2014\/07\/25\/falunap-sarkadkereszturon\/\" class=\"more-link\">Continue reading<span class=\"screen-reader-text\"> &ldquo;Falunap Sarkadkereszt\u00faron&rdquo;<\/span>&hellip;<\/a><\/div>\n<\/div>\n<div class=\"link-more\"><a href=\"http:\/\/szakrendelo-sarkad.hu\/efi\/2014\/07\/25\/falunap-sarkadkereszturon\/\" class=\"more-link\">Continue reading<span class=\"screen-reader-text\"> &ldquo;Falunap Sarkadkereszt\u00faron&rdquo;<\/span>&hellip;<\/a><\/div>\n","protected":false},"author":1,"featured_media":0,"comment_status":"closed","ping_status":"closed","sticky":false,"template":"","format":"standard","meta":{"ngg_post_thumbnail":0,"footnotes":""},"categories":[1],"tags":[],"class_list":["post-375","post","type-post","status-publish","format-standard","hentry","category-egyeb","entry"],"_links":{"self":[{"href":"http:\/\/szakrendelo-sarkad.hu\/efi\/wp-json\/wp\/v2\/posts\/375","targetHints":{"allow":["GET"]}}],"collection":[{"href":"http:\/\/szakrendelo-sarkad.hu\/efi\/wp-json\/wp\/v2\/posts"}],"about":[{"href":"http:\/\/szakrendelo-sarkad.hu\/efi\/wp-json\/wp\/v2\/types\/post"}],"author":[{"embeddable":true,"href":"http:\/\/szakrendelo-sarkad.hu\/efi\/wp-json\/wp\/v2\/users\/1"}],"replies":[{"embeddable":true,"href":"http:\/\/szakrendelo-sarkad.hu\/efi\/wp-json\/wp\/v2\/comments?post=375"}],"version-history":[{"count":0,"href":"http:\/\/szakrendelo-sarkad.hu\/efi\/wp-json\/wp\/v2\/posts\/375\/revisions"}],"wp:attachment":[{"href":"http:\/\/szakrendelo-sarkad.hu\/efi\/wp-json\/wp\/v2\/media?parent=375"}],"wp:term":[{"taxonomy":"category","embeddable":true,"href":"http:\/\/szakrendelo-sarkad.hu\/efi\/wp-json\/wp\/v2\/categories?post=375"},{"taxonomy":"post_tag","embeddable":true,"href":"http:\/\/szakrendelo-sarkad.hu\/efi\/wp-json\/wp\/v2\/tags?post=375"}],"curies":[{"name":"wp","href":"https:\/\/api.w.org\/{rel}","templated":true}]}}