{"id":379,"date":"2014-08-31T05:06:19","date_gmt":"2014-08-31T05:06:19","guid":{"rendered":"http:\/\/efi.szakrendelo-sarkad.hu\/?p=379"},"modified":"2014-08-31T05:06:19","modified_gmt":"2014-08-31T05:06:19","slug":"csaladi-eletvezetes-a-mindennapokban","status":"publish","type":"post","link":"http:\/\/szakrendelo-sarkad.hu\/efi\/2014\/08\/31\/csaladi-eletvezetes-a-mindennapokban\/","title":{"rendered":"Csal\u00e1di \u00e9letvezet\u00e9s a mindennapokban"},"content":{"rendered":"<p>&nbsp;<\/p>\n<table style=\"width: 100%\" border=\"0\" align=\"center\">\n<tbody>\n<tr align=\"center\">\n<td style=\"width: 50%\">\n<h2 align=\"center\">Csal\u00e1di \u00e9letvezet\u00e9s a mindennapokban<\/h2>\n<\/td>\n<td><img loading=\"lazy\" decoding=\"async\" class=\"aligncenter size-full wp-image-380\" alt=\"\" src=\"http:\/\/kjcuj.fazekas.wdsite.hu\/efi\/wp-content\/uploads\/sites\/2\/2014\/08\/3.jpg\" width=\"213\" height=\"66\" \/><\/td>\n<\/tr>\n<\/tbody>\n<\/table>\n<p align=\"center\">A Sarkadi J\u00e1r\u00f3beteg Szakell\u00e1t\u00f3 K\u00f6zpont szervez\u00e9s\u00e9ben 2014. szeptember 8-\u00e1n veszi kezdet\u00e9t a <b>Sarkad \u2013 DAOP-5.1.1-09-2f-2010-0002-16<\/b> azonos\u00edt\u00f3 jel\u0171 p\u00e1ly\u00e1zat keret\u00e9ben egy <b>5 napon \u00e1t<\/b> \u2013 minden nap d\u00e9lel\u0151tt &#8211; tart\u00f3 el\u0151ad\u00e1s sorozat, \u00f6sszesen 25 \u00f6n\u00e1ll\u00f3 tematik\u00e1ban.<\/p>\n<p align=\"center\">8.00-t\u00f3l 12.00 \u00f3r\u00e1ig \u00f6t egym\u00e1st k\u00f6vet\u0151 tematikus el\u0151ad\u00e1s megtart\u00e1s\u00e1ra ker\u00fcl sor a <b>Sarkadi Kist\u00e9rs\u00e9gi J\u00e1r\u00f3beteg Szakell\u00e1t\u00f3 K\u00f6zpont konferencia term\u00e9ben,<\/b> melynek c\u00e9lja az adott c\u00e9lter\u00fcleten \u00e9l\u0151 lakoss\u00e1g eg\u00e9szs\u00e9g\u00fcgyi, ment\u00e1lis \u00e1llapot\u00e1nak jav\u00edt\u00e1sa, ismereteik b\u0151v\u00edt\u00e9se k\u00fcl\u00f6nb\u00f6z\u0151 t\u00e9mak\u00f6r\u00f6kben, melyhez az eg\u00e9szs\u00e9gmeg\u0151rz\u00e9sben j\u00e1rtas szakemberek adj\u00e1k \u00e1t tud\u00e1sukat, gyakorlati tapasztalataikat az itt \u00e9l\u0151k sz\u00e1m\u00e1ra.<\/p>\n<p align=\"center\"><b>Az el\u0151ad\u00e1sokon val\u00f3 r\u00e9szv\u00e9tel a sarkadi lakosok r\u00e9sz\u00e9re ingyenes! Minden r\u00e9sztvev\u0151 sz\u00e1m\u00e1ra ingyenes eg\u00e9szs\u00e9g\u00fcgyi sz\u0171r\u0151vizsg\u00e1latot biztos\u00edtunk.<\/b><\/p>\n<p align=\"center\"><b>Az \u00f6t nap el\u0151ad\u00e1sainak r\u00e9szletes tematik\u00e1j\u00e1t \u00e9s prezent\u00e1ci\u00f3s anyagai megtal\u00e1lhatj\u00e1k a <\/b><a href=\"http:\/\/www.szakrendelo-sarkad.hu\/\"><b>www.szakrendelo-sarkad.hu<\/b><\/a><b> honlapon vagy \u00e9rdekl\u0151djenek szem\u00e9lyesen a Sarkadi J\u00e1r\u00f3beteg Szakell\u00e1t\u00f3 K\u00f6zpontban vagy a 66\/585-800 as telefonsz\u00e1mon.<\/b><\/p>\n<table style=\"width: 100%\" border=\"0\">\n<tbody>\n<tr>\n<td><b>\u201eCsal\u00e1di \u00e9letvezet\u00e9s a mindennapokban\u201d<br \/>\n<\/b>DAOP-5.1.1-09-2f-2010-0002-16<br \/>\n<span style=\"line-height: 19px\">\u00c9letvezet\u00e9si, ment\u00e1lhigi\u00e9n\u00e9s tan\u00e1csad\u00f3 programsorozat<\/span><\/td>\n<td><em id=\"__mceDel\">\u00a0<img loading=\"lazy\" decoding=\"async\" class=\"alignright size-full wp-image-800\" alt=\"2\" src=\"http:\/\/szakrendelo-sarkad.hu\/wp-content\/uploads\/2014\/08\/2.jpg\" width=\"180\" height=\"58\" \/><br \/>\n<\/em><\/td>\n<\/tr>\n<\/tbody>\n<\/table>\n","protected":false},"excerpt":{"rendered":"<div class=\"entry-summary\">\n<div class=\"entry-summary\">\n&nbsp; Csal\u00e1di \u00e9letvezet\u00e9s a mindennapokban A Sarkadi J\u00e1r\u00f3beteg Szakell\u00e1t\u00f3 K\u00f6zpont szervez\u00e9s\u00e9ben 2014. szeptember 8-\u00e1n veszi kezdet\u00e9t a Sarkad&hellip;\n<\/div>\n<div class=\"link-more\"><a href=\"http:\/\/szakrendelo-sarkad.hu\/efi\/2014\/08\/31\/csaladi-eletvezetes-a-mindennapokban\/\" class=\"more-link\">Continue reading<span class=\"screen-reader-text\"> &ldquo;Csal\u00e1di \u00e9letvezet\u00e9s a mindennapokban&rdquo;<\/span>&hellip;<\/a><\/div>\n<\/div>\n<div class=\"link-more\"><a href=\"http:\/\/szakrendelo-sarkad.hu\/efi\/2014\/08\/31\/csaladi-eletvezetes-a-mindennapokban\/\" class=\"more-link\">Continue reading<span class=\"screen-reader-text\"> &ldquo;Csal\u00e1di \u00e9letvezet\u00e9s a mindennapokban&rdquo;<\/span>&hellip;<\/a><\/div>\n","protected":false},"author":1,"featured_media":0,"comment_status":"closed","ping_status":"closed","sticky":false,"template":"","format":"standard","meta":{"ngg_post_thumbnail":0,"footnotes":""},"categories":[1],"tags":[],"class_list":["post-379","post","type-post","status-publish","format-standard","hentry","category-egyeb","entry"],"_links":{"self":[{"href":"http:\/\/szakrendelo-sarkad.hu\/efi\/wp-json\/wp\/v2\/posts\/379","targetHints":{"allow":["GET"]}}],"collection":[{"href":"http:\/\/szakrendelo-sarkad.hu\/efi\/wp-json\/wp\/v2\/posts"}],"about":[{"href":"http:\/\/szakrendelo-sarkad.hu\/efi\/wp-json\/wp\/v2\/types\/post"}],"author":[{"embeddable":true,"href":"http:\/\/szakrendelo-sarkad.hu\/efi\/wp-json\/wp\/v2\/users\/1"}],"replies":[{"embeddable":true,"href":"http:\/\/szakrendelo-sarkad.hu\/efi\/wp-json\/wp\/v2\/comments?post=379"}],"version-history":[{"count":0,"href":"http:\/\/szakrendelo-sarkad.hu\/efi\/wp-json\/wp\/v2\/posts\/379\/revisions"}],"wp:attachment":[{"href":"http:\/\/szakrendelo-sarkad.hu\/efi\/wp-json\/wp\/v2\/media?parent=379"}],"wp:term":[{"taxonomy":"category","embeddable":true,"href":"http:\/\/szakrendelo-sarkad.hu\/efi\/wp-json\/wp\/v2\/categories?post=379"},{"taxonomy":"post_tag","embeddable":true,"href":"http:\/\/szakrendelo-sarkad.hu\/efi\/wp-json\/wp\/v2\/tags?post=379"}],"curies":[{"name":"wp","href":"https:\/\/api.w.org\/{rel}","templated":true}]}}