{"id":383,"date":"2014-08-31T05:00:52","date_gmt":"2014-08-31T05:00:52","guid":{"rendered":"http:\/\/efi.szakrendelo-sarkad.hu\/?p=383"},"modified":"2014-08-31T05:00:52","modified_gmt":"2014-08-31T05:00:52","slug":"falunap-kotegyan-2014-augusztus-16","status":"publish","type":"post","link":"http:\/\/szakrendelo-sarkad.hu\/efi\/2014\/08\/31\/falunap-kotegyan-2014-augusztus-16\/","title":{"rendered":"Falunap &#8211; K\u00f6tegy\u00e1n | 2014. augusztus 16."},"content":{"rendered":"<p>Sikeresen lezajlott a K\u00f6tegy\u00e1n \u00d6nkorm\u00e1nyzata szervez\u00e9s\u00e9ben 2014.08.16- \u00e1n megrendez\u00e9sre ker\u00fcl\u0151 Falunap, melyre megh\u00edvt\u00e1k a Sarkadi Eg\u00e9szs\u00e9gfejleszt\u00e9si Irod\u00e1t.\u00a0A j\u00f3 egy\u00fcttm\u0171k\u00f6d\u00e9st az is mutatja, hogy az EFI a felk\u00e9r\u00e9seknek sz\u00edvesen tesz eleget.\u00a0A megh\u00edvott r\u00e9sztvev\u0151k sz\u00e1m\u00e1ra eg\u00e9szs\u00e9gi sz\u0171r\u00e9seket v\u00e9gezt\u00fcnk a kitelep\u00fcl\u00e9s helysz\u00edn\u00e9n.<\/p>\n<p>A K\u00f6tegy\u00e1ni Falunapon az Eg\u00e9szs\u00e9gfejleszt\u00e9si Iroda a k\u00f6vetkez\u0151 eg\u00e9szs\u00e9gi sz\u0171r\u00e9sek lehet\u0151s\u00e9g\u00e9vel k\u00e9sz\u00fclt az \u00e9rdekl\u0151d\u0151k sz\u00e1m\u00e1ra:<\/p>\n<ul>\n<li>V\u00e9rnyom\u00e1s m\u00e9r\u00e9s<\/li>\n<li>tests\u00faly, testmagass\u00e1g m\u00e9r\u00e9s<\/li>\n<li>V\u00e9rcukor m\u00e9r\u00e9s<\/li>\n<li>Testt\u00f6meg index sz\u00e1m\u00edt\u00e1s<\/li>\n<li>Sz\u00f3r\u00f3 anyagok biztos\u00edt\u00e1sa<\/li>\n<li>eg\u00e9szs\u00e9g\u00fcgyi tan\u00e1csad\u00e1s<\/li>\n<\/ul>\n<p>A Falunapon sz\u00ednes programokon vehettek r\u00e9szt az \u00e9rdekl\u0151d\u0151k.<\/p>\n<p>Nagyon fontos a csal\u00e1dok, bar\u00e1ti k\u00f6r\u00f6k egy\u00fctt mozg\u00e1sa, mert a pozit\u00edv eg\u00e9szs\u00e9g tudatos magatart\u00e1s mint\u00e1k kialak\u00edt\u00e1s\u00e1nak fontos szerepe van.<\/p>\n<p>A program a<\/p>\n<ul>\n<li>szoci\u00e1lis \u00e9s az \u00f6sszetartoz\u00e1s \u00e9rz\u00e9s\u00e9t,\n<ul>\n<li>egym\u00e1s seg\u00edt\u00e9s\u00e9t,<\/li>\n<li>egym\u00e1shoz val\u00f3 alkalmazkod\u00e1s k\u00e9pess\u00e9g\u00e9t,<\/li>\n<li>egy\u00fctt \u00f6r\u00fcl\u00e9s \u00e9lm\u00e9ny\u00e9nek \u00e1t\u00e9l\u00e9s\u00e9t,<\/li>\n<li>jav\u00edtja a figyelmet, koncentr\u00e1l\u00f3 k\u00e9pess\u00e9get,<\/li>\n<li>a k\u00f6z\u00f6s siker\u00e9lm\u00e9ny \u00e1t\u00e9l\u00e9s\u00e9t er\u0151s\u00edti.<\/li>\n<\/ul>\n<\/li>\n<\/ul>\n<p>Eg\u00e9szs\u00e9g\u00fcgyi sz\u0171r\u00e9s\u00fcnk\u00f6n sokan vettek r\u00e9szt, egyre jobban felismerve, hogy felel\u0151sek vagyunk \u00f6nmagunk eg\u00e9szs\u00e9g\u00e9\u00e9rt. T\u00f6bb kliens eset\u00e9ben ker\u00fclt kisz\u0171r\u00e9sre a magas kock\u00e1zati t\u00e9nyez\u0151. A kisz\u0171rt klienseket tan\u00e1csokkal l\u00e1ttuk el. Munk\u00e1nkat t\u00f6bb mag\u00e1nszem\u00e9ly \u00e9s civil szervezet is t\u00e1mogatja.\u00a0 Ez \u00faton is megk\u00f6sz\u00f6nj\u00fck a seg\u00edts\u00e9g\u00fcket, hiszen az eg\u00e9szs\u00e9g meg\u0151rz\u00e9se az egyik legnagyobb k\u00f6z\u00f6s c\u00e9l.<\/p>\n<!-- index.php -->\n<div\n\tclass=\"ngg-galleryoverview ngg-ajax-pagination-none\"\n\tid=\"ngg-gallery-1d446dd343d6285b27cdaaedb321b040-1\">\n\n    \t<div class=\"slideshowlink\">\n        <a href='http:\/\/szakrendelo-sarkad.hu\/efi\/2014\/08\/31\/falunap-kotegyan-2014-augusztus-16\/nggallery\/slideshow'>[Diavet\u00edt\u00e9s ind\u00edt\u00e1sa]<\/a>\n\t\t\n\t<\/div>\n\t\t\t<!-- Thumbnails -->\n\t\t\t\t<div id=\"ngg-image-0\" class=\"ngg-gallery-thumbnail-box\" >\n\t\t\t\t        <div class=\"ngg-gallery-thumbnail\">\n            <a href=\"http:\/\/szakrendelo-sarkad.hu\/efi\/wp-content\/gallery\/efiold\/kotegyan_falunap_140818\/009.jpg\"\n               title=\"\"\n               data-src=\"http:\/\/szakrendelo-sarkad.hu\/efi\/wp-content\/gallery\/efiold\/kotegyan_falunap_140818\/009.jpg\"\n               data-thumbnail=\"http:\/\/szakrendelo-sarkad.hu\/efi\/wp-content\/gallery\/efiold\/kotegyan_falunap_140818\/thumbs\/thumbs_009.jpg\"\n               data-image-id=\"268\"\n               data-title=\"009\"\n               data-description=\"\"\n               data-image-slug=\"009\"\n               class=\"ngg-fancybox\" rel=\"1d446dd343d6285b27cdaaedb321b040\">\n                <img\n                    title=\"009\"\n                    alt=\"009\"\n                    src=\"http:\/\/szakrendelo-sarkad.hu\/efi\/wp-content\/gallery\/efiold\/kotegyan_falunap_140818\/thumbs\/thumbs_009.jpg\"\n                    width=\"100\"\n                    height=\"75\"\n                    style=\"max-width:100%;\"\n                \/>\n            <\/a>\n        <\/div>\n\t\t\t\t\t\t\t<\/div> \n\t\t\t\n        \n\t\t\t\t<div id=\"ngg-image-1\" class=\"ngg-gallery-thumbnail-box\" >\n\t\t\t\t        <div class=\"ngg-gallery-thumbnail\">\n            <a href=\"http:\/\/szakrendelo-sarkad.hu\/efi\/wp-content\/gallery\/efiold\/kotegyan_falunap_140818\/044.jpg\"\n               title=\"\"\n               data-src=\"http:\/\/szakrendelo-sarkad.hu\/efi\/wp-content\/gallery\/efiold\/kotegyan_falunap_140818\/044.jpg\"\n               data-thumbnail=\"http:\/\/szakrendelo-sarkad.hu\/efi\/wp-content\/gallery\/efiold\/kotegyan_falunap_140818\/thumbs\/thumbs_044.jpg\"\n               data-image-id=\"269\"\n               data-title=\"044\"\n               data-description=\"\"\n               data-image-slug=\"044\"\n               class=\"ngg-fancybox\" rel=\"1d446dd343d6285b27cdaaedb321b040\">\n                <img\n                    title=\"044\"\n                    alt=\"044\"\n                    src=\"http:\/\/szakrendelo-sarkad.hu\/efi\/wp-content\/gallery\/efiold\/kotegyan_falunap_140818\/thumbs\/thumbs_044.jpg\"\n                    width=\"100\"\n                    height=\"75\"\n                    style=\"max-width:100%;\"\n                \/>\n            <\/a>\n        <\/div>\n\t\t\t\t\t\t\t<\/div> \n\t\t\t\n        \n\t\t\t\t<div id=\"ngg-image-2\" class=\"ngg-gallery-thumbnail-box\" >\n\t\t\t\t        <div class=\"ngg-gallery-thumbnail\">\n            <a href=\"http:\/\/szakrendelo-sarkad.hu\/efi\/wp-content\/gallery\/efiold\/kotegyan_falunap_140818\/070.jpg\"\n               title=\"\"\n               data-src=\"http:\/\/szakrendelo-sarkad.hu\/efi\/wp-content\/gallery\/efiold\/kotegyan_falunap_140818\/070.jpg\"\n               data-thumbnail=\"http:\/\/szakrendelo-sarkad.hu\/efi\/wp-content\/gallery\/efiold\/kotegyan_falunap_140818\/thumbs\/thumbs_070.jpg\"\n               data-image-id=\"270\"\n               data-title=\"070\"\n               data-description=\"\"\n               data-image-slug=\"070\"\n               class=\"ngg-fancybox\" rel=\"1d446dd343d6285b27cdaaedb321b040\">\n                <img\n                    title=\"070\"\n                    alt=\"070\"\n                    src=\"http:\/\/szakrendelo-sarkad.hu\/efi\/wp-content\/gallery\/efiold\/kotegyan_falunap_140818\/thumbs\/thumbs_070.jpg\"\n                    width=\"100\"\n                    height=\"75\"\n                    style=\"max-width:100%;\"\n                \/>\n            <\/a>\n        <\/div>\n\t\t\t\t\t\t\t<\/div> \n\t\t\t\n        \n\t\t\n\t\t<!-- Pagination -->\n\t<div class='ngg-clear'><\/div>\t<\/div>\n\n","protected":false},"excerpt":{"rendered":"<div class=\"entry-summary\">\n<div class=\"entry-summary\">\nSikeresen lezajlott a K\u00f6tegy\u00e1n \u00d6nkorm\u00e1nyzata szervez\u00e9s\u00e9ben 2014.08.16- \u00e1n megrendez\u00e9sre ker\u00fcl\u0151 Falunap, melyre megh\u00edvt\u00e1k a Sarkadi Eg\u00e9szs\u00e9gfejleszt\u00e9si Irod\u00e1t.\u00a0A j\u00f3&hellip;\n<\/div>\n<div class=\"link-more\"><a href=\"http:\/\/szakrendelo-sarkad.hu\/efi\/2014\/08\/31\/falunap-kotegyan-2014-augusztus-16\/\" class=\"more-link\">Continue reading<span class=\"screen-reader-text\"> &ldquo;Falunap &#8211; K\u00f6tegy\u00e1n | 2014. augusztus 16.&rdquo;<\/span>&hellip;<\/a><\/div>\n<\/div>\n<div class=\"link-more\"><a href=\"http:\/\/szakrendelo-sarkad.hu\/efi\/2014\/08\/31\/falunap-kotegyan-2014-augusztus-16\/\" class=\"more-link\">Continue reading<span class=\"screen-reader-text\"> &ldquo;Falunap &#8211; K\u00f6tegy\u00e1n | 2014. augusztus 16.&rdquo;<\/span>&hellip;<\/a><\/div>\n","protected":false},"author":1,"featured_media":0,"comment_status":"closed","ping_status":"closed","sticky":false,"template":"","format":"standard","meta":{"ngg_post_thumbnail":0,"footnotes":""},"categories":[1],"tags":[],"class_list":["post-383","post","type-post","status-publish","format-standard","hentry","category-egyeb","entry"],"_links":{"self":[{"href":"http:\/\/szakrendelo-sarkad.hu\/efi\/wp-json\/wp\/v2\/posts\/383","targetHints":{"allow":["GET"]}}],"collection":[{"href":"http:\/\/szakrendelo-sarkad.hu\/efi\/wp-json\/wp\/v2\/posts"}],"about":[{"href":"http:\/\/szakrendelo-sarkad.hu\/efi\/wp-json\/wp\/v2\/types\/post"}],"author":[{"embeddable":true,"href":"http:\/\/szakrendelo-sarkad.hu\/efi\/wp-json\/wp\/v2\/users\/1"}],"replies":[{"embeddable":true,"href":"http:\/\/szakrendelo-sarkad.hu\/efi\/wp-json\/wp\/v2\/comments?post=383"}],"version-history":[{"count":0,"href":"http:\/\/szakrendelo-sarkad.hu\/efi\/wp-json\/wp\/v2\/posts\/383\/revisions"}],"wp:attachment":[{"href":"http:\/\/szakrendelo-sarkad.hu\/efi\/wp-json\/wp\/v2\/media?parent=383"}],"wp:term":[{"taxonomy":"category","embeddable":true,"href":"http:\/\/szakrendelo-sarkad.hu\/efi\/wp-json\/wp\/v2\/categories?post=383"},{"taxonomy":"post_tag","embeddable":true,"href":"http:\/\/szakrendelo-sarkad.hu\/efi\/wp-json\/wp\/v2\/tags?post=383"}],"curies":[{"name":"wp","href":"https:\/\/api.w.org\/{rel}","templated":true}]}}