{"id":387,"date":"2014-06-28T15:57:17","date_gmt":"2014-06-28T15:57:17","guid":{"rendered":"http:\/\/efi.szakrendelo-sarkad.hu\/?p=387"},"modified":"2014-06-28T15:57:17","modified_gmt":"2014-06-28T15:57:17","slug":"mezogyan-xxv-fogathajto-verseny-es-falunap-2014-junius-28","status":"publish","type":"post","link":"http:\/\/szakrendelo-sarkad.hu\/efi\/2014\/06\/28\/mezogyan-xxv-fogathajto-verseny-es-falunap-2014-junius-28\/","title":{"rendered":"Mez\u0151gy\u00e1n &#8211; XXV. Fogathajt\u00f3 verseny \u00e9s Falunap | 2014. J\u00fanius 28."},"content":{"rendered":"<p>Mez\u0151gy\u00e1n \u00d6nkorm\u00e1nyzata szervez\u00e9s\u00e9ben 2014.06.28 -\u00e1n megrendez\u00e9sre ker\u00fcl\u0151 XXV. Fogathajt\u00f3 verseny \u00e9s Falunap sikeresen lezajlott, melyre megh\u00edvt\u00e1k a Sarkadi Eg\u00e9szs\u00e9gfejleszt\u00e9si Irod\u00e1t. A j\u00f3 egy\u00fcttm\u0171k\u00f6d\u00e9st az is mutatja, hogy m\u00e1r h\u00f3napokkal a rendezv\u00e9ny napja el\u0151tt megkeresett benn\u00fcnket Dr. Ily\u00e9s S\u00e1ndor Mez\u0151gy\u00e1n telep\u00fcl\u00e9s h\u00e1ziorvosa, hogy mivel tudn\u00e1nk egym\u00e1st er\u0151s\u00edteni. \u00cdgy a k\u00f6z\u00f6s pontokat megtal\u00e1lva sz\u00ednes programelemeket vihett\u00fcnk a kedves r\u00e9sztvev\u0151knek, aerobic edz\u00e9st, gerinctorn\u00e1t, egy\u00e9ni dietetikai tan\u00e1csad\u00e1st valamint, eg\u00e9szs\u00e9g\u00fcgyi sz\u0171r\u0151 vizsg\u00e1latok lehet\u0151s\u00e9g\u00e9t.<\/p>\n<p>A Mez\u0151gy\u00e1ni XXV. Fogathaj\u00f3 verseny \u00e9s Falunapon az Eg\u00e9szs\u00e9gfejleszt\u00e9si Iroda a k\u00f6vetkez\u0151 eg\u00e9szs\u00e9gi sz\u0171r\u00e9sek lehet\u0151s\u00e9g\u00e9vel k\u00e9sz\u00fclt az \u00e9rdekl\u0151d\u0151k sz\u00e1m\u00e1ra:<\/p>\n<ul>\n<li>v\u00e9rnyom\u00e1s m\u00e9r\u00e9s<\/li>\n<li>tests\u00faly, testmagas\u00e1g m\u00e9r\u00e9s<\/li>\n<li>v\u00e9rcukor m\u00e9r\u00e9s<\/li>\n<li>testt\u00f6meg index sz\u00e1m\u00edt\u00e1s<\/li>\n<li>sz\u00f3r\u00f3 anyagok biztos\u00edt\u00e1sa<\/li>\n<li>eg\u00e9szs\u00e9g\u00fcgyi tan\u00e1csad\u00e1s<\/li>\n<\/ul>\n<p>A rendezv\u00e9nyen a f\u0151 szerepet a mozg\u00e1s \u00e9s a lovas hagyom\u00e1nyok \u00e1pol\u00e1sa mellett, az eg\u00e9szs\u00e9ges \u00e9letm\u00f3dra val\u00f3 odafigyel\u00e9s kapta.<\/p>\n<p>A programokon k\u00f6zel sz\u00e1z \u00e9rdekl\u0151d\u0151nek tudtunk jelen eg\u00e9szs\u00e9gi \u00e1llapot\u00e1r\u00f3l t\u00e1j\u00e9koztat\u00e1st adni.<\/p>\n<p>\u201e Bizonyos vagyok benne, hogy a legt\u00f6bben k\u00e9sleltethetn\u00e9nk, vagy ak\u00e1r teljesen meg is el\u0151zhetn\u00e9nk a mai gyakori betegs\u00e9gek z\u00f6m\u00e9t (..), ha m\u00e1r kor\u00e1n felvenn\u00e9nek n\u00e9h\u00e1ny eg\u00e9szs\u00e9ges szok\u00e1st, \u00e9s elker\u00fcln\u00e9k azokat, amelyek betegs\u00e9ghez vezetnek.<\/p>\n<p>David B. Agus<\/p>\n<!-- index.php -->\n<div\n\tclass=\"ngg-galleryoverview ngg-ajax-pagination-none\"\n\tid=\"ngg-gallery-deefb189278b225e47fe41d87c2054ca-1\">\n\n    \t<div class=\"slideshowlink\">\n        <a href='http:\/\/szakrendelo-sarkad.hu\/efi\/2014\/06\/28\/mezogyan-xxv-fogathajto-verseny-es-falunap-2014-junius-28\/nggallery\/slideshow'>[Diavet\u00edt\u00e9s ind\u00edt\u00e1sa]<\/a>\n\t\t\n\t<\/div>\n\t\t\t<!-- Thumbnails -->\n\t\t\t\t<div id=\"ngg-image-0\" class=\"ngg-gallery-thumbnail-box\" >\n\t\t\t\t        <div class=\"ngg-gallery-thumbnail\">\n            <a href=\"http:\/\/szakrendelo-sarkad.hu\/efi\/wp-content\/gallery\/efiold\/mezogyan_falunap_2014\/035.jpg\"\n               title=\"\"\n               data-src=\"http:\/\/szakrendelo-sarkad.hu\/efi\/wp-content\/gallery\/efiold\/mezogyan_falunap_2014\/035.jpg\"\n               data-thumbnail=\"http:\/\/szakrendelo-sarkad.hu\/efi\/wp-content\/gallery\/efiold\/mezogyan_falunap_2014\/thumbs\/thumbs_035.jpg\"\n               data-image-id=\"271\"\n               data-title=\"035\"\n               data-description=\"\"\n               data-image-slug=\"035\"\n               class=\"ngg-fancybox\" rel=\"deefb189278b225e47fe41d87c2054ca\">\n                <img\n                    title=\"035\"\n                    alt=\"035\"\n                    src=\"http:\/\/szakrendelo-sarkad.hu\/efi\/wp-content\/gallery\/efiold\/mezogyan_falunap_2014\/thumbs\/thumbs_035.jpg\"\n                    width=\"100\"\n                    height=\"75\"\n                    style=\"max-width:100%;\"\n                \/>\n            <\/a>\n        <\/div>\n\t\t\t\t\t\t\t<\/div> \n\t\t\t\n        \n\t\t\t\t<div id=\"ngg-image-1\" class=\"ngg-gallery-thumbnail-box\" >\n\t\t\t\t        <div class=\"ngg-gallery-thumbnail\">\n            <a href=\"http:\/\/szakrendelo-sarkad.hu\/efi\/wp-content\/gallery\/efiold\/mezogyan_falunap_2014\/036.jpg\"\n               title=\"\"\n               data-src=\"http:\/\/szakrendelo-sarkad.hu\/efi\/wp-content\/gallery\/efiold\/mezogyan_falunap_2014\/036.jpg\"\n               data-thumbnail=\"http:\/\/szakrendelo-sarkad.hu\/efi\/wp-content\/gallery\/efiold\/mezogyan_falunap_2014\/thumbs\/thumbs_036.jpg\"\n               data-image-id=\"272\"\n               data-title=\"036\"\n               data-description=\"\"\n               data-image-slug=\"036-2\"\n               class=\"ngg-fancybox\" rel=\"deefb189278b225e47fe41d87c2054ca\">\n                <img\n                    title=\"036\"\n                    alt=\"036\"\n                    src=\"http:\/\/szakrendelo-sarkad.hu\/efi\/wp-content\/gallery\/efiold\/mezogyan_falunap_2014\/thumbs\/thumbs_036.jpg\"\n                    width=\"100\"\n                    height=\"75\"\n                    style=\"max-width:100%;\"\n                \/>\n            <\/a>\n        <\/div>\n\t\t\t\t\t\t\t<\/div> \n\t\t\t\n        \n\t\t\t\t<div id=\"ngg-image-2\" class=\"ngg-gallery-thumbnail-box\" >\n\t\t\t\t        <div class=\"ngg-gallery-thumbnail\">\n            <a href=\"http:\/\/szakrendelo-sarkad.hu\/efi\/wp-content\/gallery\/efiold\/mezogyan_falunap_2014\/043.jpg\"\n               title=\"\"\n               data-src=\"http:\/\/szakrendelo-sarkad.hu\/efi\/wp-content\/gallery\/efiold\/mezogyan_falunap_2014\/043.jpg\"\n               data-thumbnail=\"http:\/\/szakrendelo-sarkad.hu\/efi\/wp-content\/gallery\/efiold\/mezogyan_falunap_2014\/thumbs\/thumbs_043.jpg\"\n               data-image-id=\"273\"\n               data-title=\"043\"\n               data-description=\"\"\n               data-image-slug=\"043\"\n               class=\"ngg-fancybox\" rel=\"deefb189278b225e47fe41d87c2054ca\">\n                <img\n                    title=\"043\"\n                    alt=\"043\"\n                    src=\"http:\/\/szakrendelo-sarkad.hu\/efi\/wp-content\/gallery\/efiold\/mezogyan_falunap_2014\/thumbs\/thumbs_043.jpg\"\n                    width=\"100\"\n                    height=\"75\"\n                    style=\"max-width:100%;\"\n                \/>\n            <\/a>\n        <\/div>\n\t\t\t\t\t\t\t<\/div> \n\t\t\t\n        \n\t\t\t\t<div id=\"ngg-image-3\" class=\"ngg-gallery-thumbnail-box\" >\n\t\t\t\t        <div class=\"ngg-gallery-thumbnail\">\n            <a href=\"http:\/\/szakrendelo-sarkad.hu\/efi\/wp-content\/gallery\/efiold\/mezogyan_falunap_2014\/053.jpg\"\n               title=\"\"\n               data-src=\"http:\/\/szakrendelo-sarkad.hu\/efi\/wp-content\/gallery\/efiold\/mezogyan_falunap_2014\/053.jpg\"\n               data-thumbnail=\"http:\/\/szakrendelo-sarkad.hu\/efi\/wp-content\/gallery\/efiold\/mezogyan_falunap_2014\/thumbs\/thumbs_053.jpg\"\n               data-image-id=\"274\"\n               data-title=\"053\"\n               data-description=\"\"\n               data-image-slug=\"053\"\n               class=\"ngg-fancybox\" rel=\"deefb189278b225e47fe41d87c2054ca\">\n                <img\n                    title=\"053\"\n                    alt=\"053\"\n                    src=\"http:\/\/szakrendelo-sarkad.hu\/efi\/wp-content\/gallery\/efiold\/mezogyan_falunap_2014\/thumbs\/thumbs_053.jpg\"\n                    width=\"100\"\n                    height=\"75\"\n                    style=\"max-width:100%;\"\n                \/>\n            <\/a>\n        <\/div>\n\t\t\t\t\t\t\t<\/div> \n\t\t\t\n        \n\t\t\n\t\t<!-- Pagination -->\n\t<div class='ngg-clear'><\/div>\t<\/div>\n\n","protected":false},"excerpt":{"rendered":"<div class=\"entry-summary\">\n<div class=\"entry-summary\">\nMez\u0151gy\u00e1n \u00d6nkorm\u00e1nyzata szervez\u00e9s\u00e9ben 2014.06.28 -\u00e1n megrendez\u00e9sre ker\u00fcl\u0151 XXV. Fogathajt\u00f3 verseny \u00e9s Falunap sikeresen lezajlott, melyre megh\u00edvt\u00e1k a Sarkadi&hellip;\n<\/div>\n<div class=\"link-more\"><a href=\"http:\/\/szakrendelo-sarkad.hu\/efi\/2014\/06\/28\/mezogyan-xxv-fogathajto-verseny-es-falunap-2014-junius-28\/\" class=\"more-link\">Continue reading<span class=\"screen-reader-text\"> &ldquo;Mez\u0151gy\u00e1n &#8211; XXV. Fogathajt\u00f3 verseny \u00e9s Falunap | 2014. J\u00fanius 28.&rdquo;<\/span>&hellip;<\/a><\/div>\n<\/div>\n<div class=\"link-more\"><a href=\"http:\/\/szakrendelo-sarkad.hu\/efi\/2014\/06\/28\/mezogyan-xxv-fogathajto-verseny-es-falunap-2014-junius-28\/\" class=\"more-link\">Continue reading<span class=\"screen-reader-text\"> &ldquo;Mez\u0151gy\u00e1n &#8211; XXV. Fogathajt\u00f3 verseny \u00e9s Falunap | 2014. J\u00fanius 28.&rdquo;<\/span>&hellip;<\/a><\/div>\n","protected":false},"author":1,"featured_media":0,"comment_status":"closed","ping_status":"closed","sticky":false,"template":"","format":"standard","meta":{"ngg_post_thumbnail":0,"footnotes":""},"categories":[1],"tags":[],"class_list":["post-387","post","type-post","status-publish","format-standard","hentry","category-egyeb","entry"],"_links":{"self":[{"href":"http:\/\/szakrendelo-sarkad.hu\/efi\/wp-json\/wp\/v2\/posts\/387","targetHints":{"allow":["GET"]}}],"collection":[{"href":"http:\/\/szakrendelo-sarkad.hu\/efi\/wp-json\/wp\/v2\/posts"}],"about":[{"href":"http:\/\/szakrendelo-sarkad.hu\/efi\/wp-json\/wp\/v2\/types\/post"}],"author":[{"embeddable":true,"href":"http:\/\/szakrendelo-sarkad.hu\/efi\/wp-json\/wp\/v2\/users\/1"}],"replies":[{"embeddable":true,"href":"http:\/\/szakrendelo-sarkad.hu\/efi\/wp-json\/wp\/v2\/comments?post=387"}],"version-history":[{"count":0,"href":"http:\/\/szakrendelo-sarkad.hu\/efi\/wp-json\/wp\/v2\/posts\/387\/revisions"}],"wp:attachment":[{"href":"http:\/\/szakrendelo-sarkad.hu\/efi\/wp-json\/wp\/v2\/media?parent=387"}],"wp:term":[{"taxonomy":"category","embeddable":true,"href":"http:\/\/szakrendelo-sarkad.hu\/efi\/wp-json\/wp\/v2\/categories?post=387"},{"taxonomy":"post_tag","embeddable":true,"href":"http:\/\/szakrendelo-sarkad.hu\/efi\/wp-json\/wp\/v2\/tags?post=387"}],"curies":[{"name":"wp","href":"https:\/\/api.w.org\/{rel}","templated":true}]}}