{"id":391,"date":"2014-09-06T16:22:52","date_gmt":"2014-09-06T16:22:52","guid":{"rendered":"http:\/\/efi.szakrendelo-sarkad.hu\/?p=391"},"modified":"2014-09-06T16:22:52","modified_gmt":"2014-09-06T16:22:52","slug":"geszt-csaladi-es-kozossegi-nap-2014-szeptember-06","status":"publish","type":"post","link":"http:\/\/szakrendelo-sarkad.hu\/efi\/2014\/09\/06\/geszt-csaladi-es-kozossegi-nap-2014-szeptember-06\/","title":{"rendered":"Geszt &#8211; Csal\u00e1di \u00e9s K\u00f6z\u00f6ss\u00e9gi Nap | 2014. Szeptember 06."},"content":{"rendered":"<p>Geszt \u00d6nkorm\u00e1nyzata szervez\u00e9s\u00e9ben 2014. szeptember 06-\u00e1n megrendez\u00e9sre ker\u00fclt K\u00f6z\u00f6ss\u00e9gi \u00e9s Csal\u00e1di nap. Eg\u00e9szs\u00e9gfejleszt\u00e9si Irod\u00e1nkat egy\u00fcttm\u0171k\u00f6d\u00e9si meg\u00e1llapod\u00e1s keret\u00e9ben k\u00e9rt\u00e9k fel, hogy csatlakozzunk a rendezv\u00e9nyhez. A felk\u00e9r\u00e9snek \u00f6r\u00f6mmel tett\u00fcnk eleget.<\/p>\n<p>Az al\u00e1bbi szolg\u00e1ltat\u00e1st tudtuk biztos\u00edtani az \u00e9rdekl\u0151d\u0151k sz\u00e1m\u00e1ra:<\/p>\n<ul>\n<li>Tests\u00faly \u00e9s testmagass\u00e1g m\u00e9r\u00e9s<\/li>\n<li>V\u00e9rnyom\u00e1s m\u00e9r\u00e9s<\/li>\n<li>V\u00e9rcukor m\u00e9r\u00e9s<\/li>\n<li>Testt\u00f6meg index sz\u00e1m\u00edt\u00e1s<\/li>\n<li>Kil\u00e9gz\u00e9si sz\u00e9nmonoxid m\u00e9r\u00e9s<\/li>\n<li>Eg\u00e9szs\u00e9g\u00fcgyi tan\u00e1csad\u00e1s<\/li>\n<\/ul>\n<p>A program ki\u00edr\u00e1snak megfelel\u0151en val\u00f3ban k\u00f6z\u00f6ss\u00e9gi \u00e9s csal\u00e1di napi rendezv\u00e9ny volt, hisz eg\u00e9szs\u00e9gi sz\u0171r\u00e9sre egy\u00fctt \u00e9rkeztek a csal\u00e1dok. Frissen s\u00fclt ropog\u00f3s l\u00e1ngos v\u00e1rta a r\u00e9sztvev\u0151ket. A kicsi gyermekek sz\u00e1m\u00e1ra ingyenesen biztos\u00edtottak vattacukrot. Sz\u00e9les k\u00f6r\u00e9t v\u00e1laszthatt\u00e1k a kultur\u00e1lis \u00e9s sportol\u00e1si lehet\u0151s\u00e9gnek az \u00e9rdekl\u0151d\u0151k. Volt arcfest\u00e9s, b\u00e1b \u00e9s mesej\u00e1t\u00e9k a kicsiknek. \u00cdj\u00e1szat, karaoke, aerobic a nagyobbaknak. Az eg\u00e9szs\u00e9gtudatoss\u00e1g szempontj\u00e1b\u00f3l komoly sikereket lehet el\u00e9rni, ha a nem csak az egy\u00e9nt, hanem az eg\u00e9sz csal\u00e1dot is meg tudjuk sz\u00f3l\u00edtani.<\/p>\n<p>&nbsp;<\/p>\n<p>\u201e Az ember nem sokra megy egyed\u00fcl az \u00e9letben.\u00a0 Egyed\u00fcl minden nehezebb, ha egyed\u00fcl van az ember, csak annyit tehet, amire egymaga k\u00e9pes, de m\u00e1sok t\u00e1mogat\u00e1s\u00e1val sokra viheti.<\/p>\n<p>A k\u00f6z\u00f6ss\u00e9g hatalmat ad, csak legyen olyan k\u00f6z\u00f6ss\u00e9g, amely elfogad \u00e9s t\u00e1mogat.\u201d<\/p>\n<p align=\"right\">Clara S\u00e1nchez<\/p>\n<p align=\"right\"><!-- index.php -->\n<div\n\tclass=\"ngg-galleryoverview ngg-ajax-pagination-none\"\n\tid=\"ngg-gallery-2ce9af08f7c74fa25d22521f8c08b755-1\">\n\n    \t<div class=\"slideshowlink\">\n        <a href='http:\/\/szakrendelo-sarkad.hu\/efi\/2014\/09\/06\/geszt-csaladi-es-kozossegi-nap-2014-szeptember-06\/nggallery\/slideshow'>[Diavet\u00edt\u00e9s ind\u00edt\u00e1sa]<\/a>\n\t\t\n\t<\/div>\n\t\t\t<!-- Thumbnails -->\n\t\t\t\t<div id=\"ngg-image-0\" class=\"ngg-gallery-thumbnail-box\" >\n\t\t\t\t        <div class=\"ngg-gallery-thumbnail\">\n            <a href=\"http:\/\/szakrendelo-sarkad.hu\/efi\/wp-content\/gallery\/efiold\/geszt_csaladinap_2014\/019.jpg\"\n               title=\"\"\n               data-src=\"http:\/\/szakrendelo-sarkad.hu\/efi\/wp-content\/gallery\/efiold\/geszt_csaladinap_2014\/019.jpg\"\n               data-thumbnail=\"http:\/\/szakrendelo-sarkad.hu\/efi\/wp-content\/gallery\/efiold\/geszt_csaladinap_2014\/thumbs\/thumbs_019.jpg\"\n               data-image-id=\"278\"\n               data-title=\"019\"\n               data-description=\"\"\n               data-image-slug=\"019\"\n               class=\"ngg-fancybox\" rel=\"2ce9af08f7c74fa25d22521f8c08b755\">\n                <img\n                    title=\"019\"\n                    alt=\"019\"\n                    src=\"http:\/\/szakrendelo-sarkad.hu\/efi\/wp-content\/gallery\/efiold\/geszt_csaladinap_2014\/thumbs\/thumbs_019.jpg\"\n                    width=\"100\"\n                    height=\"75\"\n                    style=\"max-width:100%;\"\n                \/>\n            <\/a>\n        <\/div>\n\t\t\t\t\t\t\t<\/div> \n\t\t\t\n        \n\t\t\t\t<div id=\"ngg-image-1\" class=\"ngg-gallery-thumbnail-box\" >\n\t\t\t\t        <div class=\"ngg-gallery-thumbnail\">\n            <a href=\"http:\/\/szakrendelo-sarkad.hu\/efi\/wp-content\/gallery\/efiold\/geszt_csaladinap_2014\/p9067114.jpg\"\n               title=\"\"\n               data-src=\"http:\/\/szakrendelo-sarkad.hu\/efi\/wp-content\/gallery\/efiold\/geszt_csaladinap_2014\/p9067114.jpg\"\n               data-thumbnail=\"http:\/\/szakrendelo-sarkad.hu\/efi\/wp-content\/gallery\/efiold\/geszt_csaladinap_2014\/thumbs\/thumbs_p9067114.jpg\"\n               data-image-id=\"279\"\n               data-title=\"OLYMPUS DIGITAL CAMERA\"\n               data-description=\"\"\n               data-image-slug=\"p9067114\"\n               class=\"ngg-fancybox\" rel=\"2ce9af08f7c74fa25d22521f8c08b755\">\n                <img\n                    title=\"OLYMPUS DIGITAL CAMERA\"\n                    alt=\"OLYMPUS DIGITAL CAMERA\"\n                    src=\"http:\/\/szakrendelo-sarkad.hu\/efi\/wp-content\/gallery\/efiold\/geszt_csaladinap_2014\/thumbs\/thumbs_p9067114.jpg\"\n                    width=\"100\"\n                    height=\"75\"\n                    style=\"max-width:100%;\"\n                \/>\n            <\/a>\n        <\/div>\n\t\t\t\t\t\t\t<\/div> \n\t\t\t\n        \n\t\t\t\t<div id=\"ngg-image-2\" class=\"ngg-gallery-thumbnail-box\" >\n\t\t\t\t        <div class=\"ngg-gallery-thumbnail\">\n            <a href=\"http:\/\/szakrendelo-sarkad.hu\/efi\/wp-content\/gallery\/efiold\/geszt_csaladinap_2014\/p9067134.jpg\"\n               title=\"\"\n               data-src=\"http:\/\/szakrendelo-sarkad.hu\/efi\/wp-content\/gallery\/efiold\/geszt_csaladinap_2014\/p9067134.jpg\"\n               data-thumbnail=\"http:\/\/szakrendelo-sarkad.hu\/efi\/wp-content\/gallery\/efiold\/geszt_csaladinap_2014\/thumbs\/thumbs_p9067134.jpg\"\n               data-image-id=\"280\"\n               data-title=\"OLYMPUS DIGITAL CAMERA\"\n               data-description=\"\"\n               data-image-slug=\"p9067134\"\n               class=\"ngg-fancybox\" rel=\"2ce9af08f7c74fa25d22521f8c08b755\">\n                <img\n                    title=\"OLYMPUS DIGITAL CAMERA\"\n                    alt=\"OLYMPUS DIGITAL CAMERA\"\n                    src=\"http:\/\/szakrendelo-sarkad.hu\/efi\/wp-content\/gallery\/efiold\/geszt_csaladinap_2014\/thumbs\/thumbs_p9067134.jpg\"\n                    width=\"100\"\n                    height=\"75\"\n                    style=\"max-width:100%;\"\n                \/>\n            <\/a>\n        <\/div>\n\t\t\t\t\t\t\t<\/div> \n\t\t\t\n        \n\t\t\t\t<div id=\"ngg-image-3\" class=\"ngg-gallery-thumbnail-box\" >\n\t\t\t\t        <div class=\"ngg-gallery-thumbnail\">\n            <a href=\"http:\/\/szakrendelo-sarkad.hu\/efi\/wp-content\/gallery\/efiold\/geszt_csaladinap_2014\/p9067139.jpg\"\n               title=\"\"\n               data-src=\"http:\/\/szakrendelo-sarkad.hu\/efi\/wp-content\/gallery\/efiold\/geszt_csaladinap_2014\/p9067139.jpg\"\n               data-thumbnail=\"http:\/\/szakrendelo-sarkad.hu\/efi\/wp-content\/gallery\/efiold\/geszt_csaladinap_2014\/thumbs\/thumbs_p9067139.jpg\"\n               data-image-id=\"281\"\n               data-title=\"OLYMPUS DIGITAL CAMERA\"\n               data-description=\"\"\n               data-image-slug=\"p9067139\"\n               class=\"ngg-fancybox\" rel=\"2ce9af08f7c74fa25d22521f8c08b755\">\n                <img\n                    title=\"OLYMPUS DIGITAL CAMERA\"\n                    alt=\"OLYMPUS DIGITAL CAMERA\"\n                    src=\"http:\/\/szakrendelo-sarkad.hu\/efi\/wp-content\/gallery\/efiold\/geszt_csaladinap_2014\/thumbs\/thumbs_p9067139.jpg\"\n                    width=\"100\"\n                    height=\"75\"\n                    style=\"max-width:100%;\"\n                \/>\n            <\/a>\n        <\/div>\n\t\t\t\t\t\t\t<\/div> \n\t\t\t\n        \n\t\t\n\t\t<!-- Pagination -->\n\t<div class='ngg-clear'><\/div>\t<\/div>\n<\/p>\n","protected":false},"excerpt":{"rendered":"<div class=\"entry-summary\">\n<div class=\"entry-summary\">\nGeszt \u00d6nkorm\u00e1nyzata szervez\u00e9s\u00e9ben 2014. szeptember 06-\u00e1n megrendez\u00e9sre ker\u00fclt K\u00f6z\u00f6ss\u00e9gi \u00e9s Csal\u00e1di nap. Eg\u00e9szs\u00e9gfejleszt\u00e9si Irod\u00e1nkat egy\u00fcttm\u0171k\u00f6d\u00e9si meg\u00e1llapod\u00e1s keret\u00e9ben k\u00e9rt\u00e9k&hellip;\n<\/div>\n<div class=\"link-more\"><a href=\"http:\/\/szakrendelo-sarkad.hu\/efi\/2014\/09\/06\/geszt-csaladi-es-kozossegi-nap-2014-szeptember-06\/\" class=\"more-link\">Continue reading<span class=\"screen-reader-text\"> &ldquo;Geszt &#8211; Csal\u00e1di \u00e9s K\u00f6z\u00f6ss\u00e9gi Nap | 2014. Szeptember 06.&rdquo;<\/span>&hellip;<\/a><\/div>\n<\/div>\n<div class=\"link-more\"><a href=\"http:\/\/szakrendelo-sarkad.hu\/efi\/2014\/09\/06\/geszt-csaladi-es-kozossegi-nap-2014-szeptember-06\/\" class=\"more-link\">Continue reading<span class=\"screen-reader-text\"> &ldquo;Geszt &#8211; Csal\u00e1di \u00e9s K\u00f6z\u00f6ss\u00e9gi Nap | 2014. Szeptember 06.&rdquo;<\/span>&hellip;<\/a><\/div>\n","protected":false},"author":1,"featured_media":0,"comment_status":"closed","ping_status":"closed","sticky":false,"template":"","format":"standard","meta":{"ngg_post_thumbnail":0,"footnotes":""},"categories":[1],"tags":[],"class_list":["post-391","post","type-post","status-publish","format-standard","hentry","category-egyeb","entry"],"_links":{"self":[{"href":"http:\/\/szakrendelo-sarkad.hu\/efi\/wp-json\/wp\/v2\/posts\/391","targetHints":{"allow":["GET"]}}],"collection":[{"href":"http:\/\/szakrendelo-sarkad.hu\/efi\/wp-json\/wp\/v2\/posts"}],"about":[{"href":"http:\/\/szakrendelo-sarkad.hu\/efi\/wp-json\/wp\/v2\/types\/post"}],"author":[{"embeddable":true,"href":"http:\/\/szakrendelo-sarkad.hu\/efi\/wp-json\/wp\/v2\/users\/1"}],"replies":[{"embeddable":true,"href":"http:\/\/szakrendelo-sarkad.hu\/efi\/wp-json\/wp\/v2\/comments?post=391"}],"version-history":[{"count":0,"href":"http:\/\/szakrendelo-sarkad.hu\/efi\/wp-json\/wp\/v2\/posts\/391\/revisions"}],"wp:attachment":[{"href":"http:\/\/szakrendelo-sarkad.hu\/efi\/wp-json\/wp\/v2\/media?parent=391"}],"wp:term":[{"taxonomy":"category","embeddable":true,"href":"http:\/\/szakrendelo-sarkad.hu\/efi\/wp-json\/wp\/v2\/categories?post=391"},{"taxonomy":"post_tag","embeddable":true,"href":"http:\/\/szakrendelo-sarkad.hu\/efi\/wp-json\/wp\/v2\/tags?post=391"}],"curies":[{"name":"wp","href":"https:\/\/api.w.org\/{rel}","templated":true}]}}