{"id":407,"date":"2014-08-23T08:05:27","date_gmt":"2014-08-23T08:05:27","guid":{"rendered":"http:\/\/efi.szakrendelo-sarkad.hu\/?p=407"},"modified":"2014-08-23T08:05:27","modified_gmt":"2014-08-23T08:05:27","slug":"lovas-es-falunap-biharugra-2014-augusztus-23","status":"publish","type":"post","link":"http:\/\/szakrendelo-sarkad.hu\/efi\/2014\/08\/23\/lovas-es-falunap-biharugra-2014-augusztus-23\/","title":{"rendered":"Lovas \u00e9s Falunap &#8211; Biharugra | 2014. augusztus 23."},"content":{"rendered":"<p>Biharugra \u00d6nkorm\u00e1nyzata szervez\u00e9s\u00e9ben a 2014.08.23- \u00e1n megrendez\u00e9sre ker\u00fcl\u0151<\/p>\n<p>Lovas \u00e9s Falunapon az Eg\u00e9szs\u00e9gfejleszt\u00e9si Iroda eg\u00e9szs\u00e9gi sz\u0171r\u00e9sek \u00e9s a hozz\u00e1 kapcsol\u00f3d\u00f3 \u00e1llapotfelm\u00e9r\u00e9ssel valamint \u00e9letm\u00f3d tan\u00e1csad\u00e1s lehet\u0151s\u00e9g\u00e9vel k\u00e9sz\u00fclt az \u00e9rdekl\u0151d\u0151k sz\u00e1m\u00e1ra. A rendezv\u00e9nyen sz\u00e9les k\u00f6r\u0171 kultur\u00e1lis \u00e9s lovas sport programok szerepeltek a felk\u00edn\u00e1lt sz\u00f3rakoz\u00e1si lehet\u0151s\u00e9gek k\u00f6z\u00f6tt. Ki \u2013ki v\u00e1laszthatott mag\u00e1nak, csal\u00e1dj\u00e1nak, bar\u00e1tainak megfelel\u0151 sz\u00f3rakoz\u00e1si \u00e9s kikapcsol\u00f3d\u00e1si lehet\u0151s\u00e9get. A k\u00f6z\u00f6s programokon val\u00f3 r\u00e9szv\u00e9tel er\u0151s\u00edti a szoci\u00e1lis \u00f6sszetartoz\u00e1s \u00e9rz\u00e9s\u00e9t, egym\u00e1s seg\u00edt\u00e9s\u00e9t, egym\u00e1shoz val\u00f3 alkalmazkod\u00e1s k\u00e9pess\u00e9g\u00e9t, egy\u00fctt \u00f6r\u00fcl\u00e9s \u00e9lm\u00e9ny\u00e9nek \u00e1t\u00e9l\u00e9s\u00e9t.<\/p>\n<p>Mi is ennek lehett\u00fcnk r\u00e9szesei, amikor megtapasztalhattuk a Biharugra telep\u00fcl\u00e9s vend\u00e9gszeretet\u00e9t.<\/p>\n<!-- index.php -->\n<div\n\tclass=\"ngg-galleryoverview ngg-ajax-pagination-none\"\n\tid=\"ngg-gallery-18b80d5d0cd550217636e05823795c70-1\">\n\n    \t<div class=\"slideshowlink\">\n        <a href='http:\/\/szakrendelo-sarkad.hu\/efi\/2014\/08\/23\/lovas-es-falunap-biharugra-2014-augusztus-23\/nggallery\/slideshow'>[Diavet\u00edt\u00e9s ind\u00edt\u00e1sa]<\/a>\n\t\t\n\t<\/div>\n\t\t\t<!-- Thumbnails -->\n\t\t\t\t<div id=\"ngg-image-0\" class=\"ngg-gallery-thumbnail-box\" >\n\t\t\t\t        <div class=\"ngg-gallery-thumbnail\">\n            <a href=\"http:\/\/szakrendelo-sarkad.hu\/efi\/wp-content\/gallery\/efiold\/biharugra_140923\/002.jpg\"\n               title=\"\"\n               data-src=\"http:\/\/szakrendelo-sarkad.hu\/efi\/wp-content\/gallery\/efiold\/biharugra_140923\/002.jpg\"\n               data-thumbnail=\"http:\/\/szakrendelo-sarkad.hu\/efi\/wp-content\/gallery\/efiold\/biharugra_140923\/thumbs\/thumbs_002.jpg\"\n               data-image-id=\"282\"\n               data-title=\"002\"\n               data-description=\"\"\n               data-image-slug=\"002\"\n               class=\"ngg-fancybox\" rel=\"18b80d5d0cd550217636e05823795c70\">\n                <img\n                    title=\"002\"\n                    alt=\"002\"\n                    src=\"http:\/\/szakrendelo-sarkad.hu\/efi\/wp-content\/gallery\/efiold\/biharugra_140923\/thumbs\/thumbs_002.jpg\"\n                    width=\"100\"\n                    height=\"75\"\n                    style=\"max-width:100%;\"\n                \/>\n            <\/a>\n        <\/div>\n\t\t\t\t\t\t\t<\/div> \n\t\t\t\n        \n\t\t\t\t<div id=\"ngg-image-1\" class=\"ngg-gallery-thumbnail-box\" >\n\t\t\t\t        <div class=\"ngg-gallery-thumbnail\">\n            <a href=\"http:\/\/szakrendelo-sarkad.hu\/efi\/wp-content\/gallery\/efiold\/biharugra_140923\/004.jpg\"\n               title=\"\"\n               data-src=\"http:\/\/szakrendelo-sarkad.hu\/efi\/wp-content\/gallery\/efiold\/biharugra_140923\/004.jpg\"\n               data-thumbnail=\"http:\/\/szakrendelo-sarkad.hu\/efi\/wp-content\/gallery\/efiold\/biharugra_140923\/thumbs\/thumbs_004.jpg\"\n               data-image-id=\"283\"\n               data-title=\"004\"\n               data-description=\"\"\n               data-image-slug=\"004\"\n               class=\"ngg-fancybox\" rel=\"18b80d5d0cd550217636e05823795c70\">\n                <img\n                    title=\"004\"\n                    alt=\"004\"\n                    src=\"http:\/\/szakrendelo-sarkad.hu\/efi\/wp-content\/gallery\/efiold\/biharugra_140923\/thumbs\/thumbs_004.jpg\"\n                    width=\"100\"\n                    height=\"75\"\n                    style=\"max-width:100%;\"\n                \/>\n            <\/a>\n        <\/div>\n\t\t\t\t\t\t\t<\/div> \n\t\t\t\n        \n\t\t\t\t<div id=\"ngg-image-2\" class=\"ngg-gallery-thumbnail-box\" >\n\t\t\t\t        <div class=\"ngg-gallery-thumbnail\">\n            <a href=\"http:\/\/szakrendelo-sarkad.hu\/efi\/wp-content\/gallery\/efiold\/biharugra_140923\/008.jpg\"\n               title=\"\"\n               data-src=\"http:\/\/szakrendelo-sarkad.hu\/efi\/wp-content\/gallery\/efiold\/biharugra_140923\/008.jpg\"\n               data-thumbnail=\"http:\/\/szakrendelo-sarkad.hu\/efi\/wp-content\/gallery\/efiold\/biharugra_140923\/thumbs\/thumbs_008.jpg\"\n               data-image-id=\"284\"\n               data-title=\"008\"\n               data-description=\"\"\n               data-image-slug=\"008\"\n               class=\"ngg-fancybox\" rel=\"18b80d5d0cd550217636e05823795c70\">\n                <img\n                    title=\"008\"\n                    alt=\"008\"\n                    src=\"http:\/\/szakrendelo-sarkad.hu\/efi\/wp-content\/gallery\/efiold\/biharugra_140923\/thumbs\/thumbs_008.jpg\"\n                    width=\"100\"\n                    height=\"75\"\n                    style=\"max-width:100%;\"\n                \/>\n            <\/a>\n        <\/div>\n\t\t\t\t\t\t\t<\/div> \n\t\t\t\n        \n\t\t\t\t<div id=\"ngg-image-3\" class=\"ngg-gallery-thumbnail-box\" >\n\t\t\t\t        <div class=\"ngg-gallery-thumbnail\">\n            <a href=\"http:\/\/szakrendelo-sarkad.hu\/efi\/wp-content\/gallery\/efiold\/biharugra_140923\/020.jpg\"\n               title=\"\"\n               data-src=\"http:\/\/szakrendelo-sarkad.hu\/efi\/wp-content\/gallery\/efiold\/biharugra_140923\/020.jpg\"\n               data-thumbnail=\"http:\/\/szakrendelo-sarkad.hu\/efi\/wp-content\/gallery\/efiold\/biharugra_140923\/thumbs\/thumbs_020.jpg\"\n               data-image-id=\"285\"\n               data-title=\"020\"\n               data-description=\"\"\n               data-image-slug=\"020\"\n               class=\"ngg-fancybox\" rel=\"18b80d5d0cd550217636e05823795c70\">\n                <img\n                    title=\"020\"\n                    alt=\"020\"\n                    src=\"http:\/\/szakrendelo-sarkad.hu\/efi\/wp-content\/gallery\/efiold\/biharugra_140923\/thumbs\/thumbs_020.jpg\"\n                    width=\"100\"\n                    height=\"75\"\n                    style=\"max-width:100%;\"\n                \/>\n            <\/a>\n        <\/div>\n\t\t\t\t\t\t\t<\/div> \n\t\t\t\n        \n\t\t\t\t<div id=\"ngg-image-4\" class=\"ngg-gallery-thumbnail-box\" >\n\t\t\t\t        <div class=\"ngg-gallery-thumbnail\">\n            <a href=\"http:\/\/szakrendelo-sarkad.hu\/efi\/wp-content\/gallery\/efiold\/biharugra_140923\/024.jpg\"\n               title=\"\"\n               data-src=\"http:\/\/szakrendelo-sarkad.hu\/efi\/wp-content\/gallery\/efiold\/biharugra_140923\/024.jpg\"\n               data-thumbnail=\"http:\/\/szakrendelo-sarkad.hu\/efi\/wp-content\/gallery\/efiold\/biharugra_140923\/thumbs\/thumbs_024.jpg\"\n               data-image-id=\"286\"\n               data-title=\"024\"\n               data-description=\"\"\n               data-image-slug=\"024\"\n               class=\"ngg-fancybox\" rel=\"18b80d5d0cd550217636e05823795c70\">\n                <img\n                    title=\"024\"\n                    alt=\"024\"\n                    src=\"http:\/\/szakrendelo-sarkad.hu\/efi\/wp-content\/gallery\/efiold\/biharugra_140923\/thumbs\/thumbs_024.jpg\"\n                    width=\"100\"\n                    height=\"75\"\n                    style=\"max-width:100%;\"\n                \/>\n            <\/a>\n        <\/div>\n\t\t\t\t\t\t\t<\/div> \n\t\t\t\n        \n\t\t\t\t<div id=\"ngg-image-5\" class=\"ngg-gallery-thumbnail-box\" >\n\t\t\t\t        <div class=\"ngg-gallery-thumbnail\">\n            <a href=\"http:\/\/szakrendelo-sarkad.hu\/efi\/wp-content\/gallery\/efiold\/biharugra_140923\/032.jpg\"\n               title=\"\"\n               data-src=\"http:\/\/szakrendelo-sarkad.hu\/efi\/wp-content\/gallery\/efiold\/biharugra_140923\/032.jpg\"\n               data-thumbnail=\"http:\/\/szakrendelo-sarkad.hu\/efi\/wp-content\/gallery\/efiold\/biharugra_140923\/thumbs\/thumbs_032.jpg\"\n               data-image-id=\"287\"\n               data-title=\"032\"\n               data-description=\"\"\n               data-image-slug=\"032\"\n               class=\"ngg-fancybox\" rel=\"18b80d5d0cd550217636e05823795c70\">\n                <img\n                    title=\"032\"\n                    alt=\"032\"\n                    src=\"http:\/\/szakrendelo-sarkad.hu\/efi\/wp-content\/gallery\/efiold\/biharugra_140923\/thumbs\/thumbs_032.jpg\"\n                    width=\"100\"\n                    height=\"75\"\n                    style=\"max-width:100%;\"\n                \/>\n            <\/a>\n        <\/div>\n\t\t\t\t\t\t\t<\/div> \n\t\t\t\n        \n\t\t\n\t\t<!-- Pagination -->\n\t<div class='ngg-clear'><\/div>\t<\/div>\n\n","protected":false},"excerpt":{"rendered":"<div class=\"entry-summary\">\n<div class=\"entry-summary\">\nBiharugra \u00d6nkorm\u00e1nyzata szervez\u00e9s\u00e9ben a 2014.08.23- \u00e1n megrendez\u00e9sre ker\u00fcl\u0151 Lovas \u00e9s Falunapon az Eg\u00e9szs\u00e9gfejleszt\u00e9si Iroda eg\u00e9szs\u00e9gi sz\u0171r\u00e9sek \u00e9s a&hellip;\n<\/div>\n<div class=\"link-more\"><a href=\"http:\/\/szakrendelo-sarkad.hu\/efi\/2014\/08\/23\/lovas-es-falunap-biharugra-2014-augusztus-23\/\" class=\"more-link\">Continue reading<span class=\"screen-reader-text\"> &ldquo;Lovas \u00e9s Falunap &#8211; Biharugra | 2014. augusztus 23.&rdquo;<\/span>&hellip;<\/a><\/div>\n<\/div>\n<div class=\"link-more\"><a href=\"http:\/\/szakrendelo-sarkad.hu\/efi\/2014\/08\/23\/lovas-es-falunap-biharugra-2014-augusztus-23\/\" class=\"more-link\">Continue reading<span class=\"screen-reader-text\"> &ldquo;Lovas \u00e9s Falunap &#8211; Biharugra | 2014. augusztus 23.&rdquo;<\/span>&hellip;<\/a><\/div>\n","protected":false},"author":1,"featured_media":0,"comment_status":"closed","ping_status":"closed","sticky":false,"template":"","format":"standard","meta":{"ngg_post_thumbnail":0,"footnotes":""},"categories":[1],"tags":[],"class_list":["post-407","post","type-post","status-publish","format-standard","hentry","category-egyeb","entry"],"_links":{"self":[{"href":"http:\/\/szakrendelo-sarkad.hu\/efi\/wp-json\/wp\/v2\/posts\/407","targetHints":{"allow":["GET"]}}],"collection":[{"href":"http:\/\/szakrendelo-sarkad.hu\/efi\/wp-json\/wp\/v2\/posts"}],"about":[{"href":"http:\/\/szakrendelo-sarkad.hu\/efi\/wp-json\/wp\/v2\/types\/post"}],"author":[{"embeddable":true,"href":"http:\/\/szakrendelo-sarkad.hu\/efi\/wp-json\/wp\/v2\/users\/1"}],"replies":[{"embeddable":true,"href":"http:\/\/szakrendelo-sarkad.hu\/efi\/wp-json\/wp\/v2\/comments?post=407"}],"version-history":[{"count":0,"href":"http:\/\/szakrendelo-sarkad.hu\/efi\/wp-json\/wp\/v2\/posts\/407\/revisions"}],"wp:attachment":[{"href":"http:\/\/szakrendelo-sarkad.hu\/efi\/wp-json\/wp\/v2\/media?parent=407"}],"wp:term":[{"taxonomy":"category","embeddable":true,"href":"http:\/\/szakrendelo-sarkad.hu\/efi\/wp-json\/wp\/v2\/categories?post=407"},{"taxonomy":"post_tag","embeddable":true,"href":"http:\/\/szakrendelo-sarkad.hu\/efi\/wp-json\/wp\/v2\/tags?post=407"}],"curies":[{"name":"wp","href":"https:\/\/api.w.org\/{rel}","templated":true}]}}