{"id":431,"date":"2014-10-18T09:28:25","date_gmt":"2014-10-18T09:28:25","guid":{"rendered":"http:\/\/efi.szakrendelo-sarkad.hu\/?p=431"},"modified":"2014-10-18T09:28:25","modified_gmt":"2014-10-18T09:28:25","slug":"zsadany-biharugra-korosnagyharsany-telepuleskozi-sportnap-2014-oktober-4-2","status":"publish","type":"post","link":"http:\/\/szakrendelo-sarkad.hu\/efi\/2014\/10\/18\/zsadany-biharugra-korosnagyharsany-telepuleskozi-sportnap-2014-oktober-4-2\/","title":{"rendered":"Zsad\u00e1ny &#8211; Biharugra &#8211; K\u00f6r\u00f6snagyhars\u00e1ny Telep\u00fcl\u00e9sk\u00f6zi Sportnap | 2014. okt\u00f3ber 4."},"content":{"rendered":"<p>A <b>T\u00c1MOP-6.1.2\/LHH-11-B\/2012-0006<\/b> k\u00f3dsz\u00e1m\u00fa p\u00e1ly\u00e1zat kapcs\u00e1n l\u00e9trej\u00f6tt <b>Sarkadi Eg\u00e9szs\u00e9gfejleszt\u00e9si Iroda<\/b> szervez\u00e9s\u00e9nek keret\u00e9ben <b>2014. okt\u00f3ber 04-\u00e9n<\/b> (szombaton) ker\u00fclt megrendez\u00e9sre a <b>Zsad\u00e1ny-Biharugra-K\u00f6r\u00f6snagyhars\u00e1ny<\/b> telep\u00fcl\u00e9sek k\u00f6z\u00f6tti sportnap, melynek helysz\u00edn\u00e9\u00fcl a Reform\u00e1tus Zsad\u00e1nyi \u00c1ltal\u00e1nos Iskola ig\u00e9nyesen fel\u00faj\u00edtott, t\u00f6bbf\u00e9le sportol\u00e1si lehet\u0151s\u00e9get biztos\u00edt\u00f3 sportp\u00e1ly\u00e1ja szolg\u00e1lt.<\/p>\n<p>Rendezv\u00e9ny\u00fcnket <b>Botlik Tibor<\/b>, Zsad\u00e1ny K\u00f6zs\u00e9g k\u00e9pvisel\u0151je nyitotta meg, aki ismertette a nap programjait \u00e9s kiemelte, hogy a mai napon r\u00e9sztvev\u0151k <b>csatlakoznak ahhoz a kezdem\u00e9nyez\u00e9shez, mely a <\/b>mellr\u00e1k elleni k\u00fczdelemre<b>, a betegs\u00e9g megel\u0151z\u00e9s\u00e9nek fontoss\u00e1g\u00e1ra igyekszik r\u00e1ir\u00e1ny\u00edtani a lakoss\u00e1g figyelm\u00e9t. Ennek jelk\u00e9pek\u00e9nt minden r\u00e9sztvev\u0151 \u00f6lt\u00f6zet\u00e9re kit\u0171z\u00e9sre kert\u00fclt egy-egy r\u00f3zsasz\u00edn szalag is.<\/b><\/p>\n<p><b>A megnyit\u00f3t k\u00f6vet\u0151en bemeleg\u00edt\u00e9ssel kezd\u0151d\u00f6tt a nap, majd d\u00e9lel\u0151tt <\/b>Bonyh\u00e1di Olga<b> k\u00f6zrem\u0171k\u00f6d\u00e9s\u00e9vel az id\u0151sebb koroszt\u00e1ly sz\u00e1m\u00e1ra gy\u00f3gytorna, ezt k\u00f6vet\u0151en pedig <\/b>Kelemen M\u00e1ria <b>aerobic tr\u00e9nerrel a fiatalabbak r\u00e9sz\u00e9re k\u00f6zkedvelt ZUMBA edz\u00e9s ker\u00fclt megtart\u00e1sra.<\/b><\/p>\n<p><b>A d\u00e9lut\u00e1n folyam\u00e1n az id\u0151j\u00e1r\u00e1s kegyes volt hozz\u00e1nk, \u00edgy a szabadban \u00edj\u00e1szversenyekre, a m\u0171f\u00fcves p\u00e1ly\u00e1n futballm\u00e9rk\u0151z\u00e9sekre ker\u00fclt sor. A tenisz kedvel\u0151i birtokba vehett\u00e9k a p\u00e1ly\u00e1t valamint az asztalitenisz m\u00e9rk\u0151z\u00e9sek is folyamatosan zajlottak n\u0151i-f\u00e9rfi bont\u00e1sban.<\/b><\/p>\n<p><b>A programokat eredm\u00e9nyhirdet\u00e9s \u00e9s d\u00edj\u00e1tad\u00f3 z\u00e1rta, ahol <\/b>Dud\u00e1s \u00c1rp\u00e1d<b> <\/b>Zsad\u00e1ny K\u00f6zs\u00e9g polg\u00e1rmestere<b> mondott k\u00f6sz\u00f6netet a r\u00e9sztvev\u0151ken, aki csal\u00e1dj\u00e1val egy\u00fctt maga is p\u00e9ldamutat\u00f3an r\u00e9szt vett a nap folyam\u00e1n megrendez\u00e9sre ker\u00fcl\u0151 programokban.<\/b><\/p>\n<p>A Sarkadi Eg\u00e9szs\u00e9gfejleszt\u00e9si Iroda nev\u00e9ben ez\u00faton k\u00f6sz\u00f6nj\u00fck az e napon t\u00f6rt\u00e9n\u0151 egy\u00fcttm\u0171k\u00f6d\u00e9st \u00e9s akt\u00edv r\u00e9szv\u00e9telt a kist\u00e9rs\u00e9g \u00e9rintett \u00f6nkorm\u00e1nyzatainak, \u00e9s az \u00f6sszes k\u00f6zrem\u0171k\u00f6d\u0151 civil szervezetnek, de legf\u0151k\u00e9ppen a megjelent lakosoknak.<\/p>\n","protected":false},"excerpt":{"rendered":"<div class=\"entry-summary\">\n<div class=\"entry-summary\">\nA T\u00c1MOP-6.1.2\/LHH-11-B\/2012-0006 k\u00f3dsz\u00e1m\u00fa p\u00e1ly\u00e1zat kapcs\u00e1n l\u00e9trej\u00f6tt Sarkadi Eg\u00e9szs\u00e9gfejleszt\u00e9si Iroda szervez\u00e9s\u00e9nek keret\u00e9ben 2014. okt\u00f3ber 04-\u00e9n (szombaton) ker\u00fclt megrendez\u00e9sre a&hellip;\n<\/div>\n<div class=\"link-more\"><a href=\"http:\/\/szakrendelo-sarkad.hu\/efi\/2014\/10\/18\/zsadany-biharugra-korosnagyharsany-telepuleskozi-sportnap-2014-oktober-4-2\/\" class=\"more-link\">Continue reading<span class=\"screen-reader-text\"> &ldquo;Zsad\u00e1ny &#8211; Biharugra &#8211; K\u00f6r\u00f6snagyhars\u00e1ny Telep\u00fcl\u00e9sk\u00f6zi Sportnap | 2014. okt\u00f3ber 4.&rdquo;<\/span>&hellip;<\/a><\/div>\n<\/div>\n<div class=\"link-more\"><a href=\"http:\/\/szakrendelo-sarkad.hu\/efi\/2014\/10\/18\/zsadany-biharugra-korosnagyharsany-telepuleskozi-sportnap-2014-oktober-4-2\/\" class=\"more-link\">Continue reading<span class=\"screen-reader-text\"> &ldquo;Zsad\u00e1ny &#8211; Biharugra &#8211; K\u00f6r\u00f6snagyhars\u00e1ny Telep\u00fcl\u00e9sk\u00f6zi Sportnap | 2014. okt\u00f3ber 4.&rdquo;<\/span>&hellip;<\/a><\/div>\n","protected":false},"author":1,"featured_media":0,"comment_status":"closed","ping_status":"closed","sticky":false,"template":"","format":"standard","meta":{"ngg_post_thumbnail":0,"footnotes":""},"categories":[1],"tags":[],"class_list":["post-431","post","type-post","status-publish","format-standard","hentry","category-egyeb","entry"],"_links":{"self":[{"href":"http:\/\/szakrendelo-sarkad.hu\/efi\/wp-json\/wp\/v2\/posts\/431","targetHints":{"allow":["GET"]}}],"collection":[{"href":"http:\/\/szakrendelo-sarkad.hu\/efi\/wp-json\/wp\/v2\/posts"}],"about":[{"href":"http:\/\/szakrendelo-sarkad.hu\/efi\/wp-json\/wp\/v2\/types\/post"}],"author":[{"embeddable":true,"href":"http:\/\/szakrendelo-sarkad.hu\/efi\/wp-json\/wp\/v2\/users\/1"}],"replies":[{"embeddable":true,"href":"http:\/\/szakrendelo-sarkad.hu\/efi\/wp-json\/wp\/v2\/comments?post=431"}],"version-history":[{"count":0,"href":"http:\/\/szakrendelo-sarkad.hu\/efi\/wp-json\/wp\/v2\/posts\/431\/revisions"}],"wp:attachment":[{"href":"http:\/\/szakrendelo-sarkad.hu\/efi\/wp-json\/wp\/v2\/media?parent=431"}],"wp:term":[{"taxonomy":"category","embeddable":true,"href":"http:\/\/szakrendelo-sarkad.hu\/efi\/wp-json\/wp\/v2\/categories?post=431"},{"taxonomy":"post_tag","embeddable":true,"href":"http:\/\/szakrendelo-sarkad.hu\/efi\/wp-json\/wp\/v2\/tags?post=431"}],"curies":[{"name":"wp","href":"https:\/\/api.w.org\/{rel}","templated":true}]}}