{"id":461,"date":"2014-11-30T19:03:04","date_gmt":"2014-11-30T19:03:04","guid":{"rendered":"http:\/\/efi.szakrendelo-sarkad.hu\/?p=461"},"modified":"2014-11-30T19:03:04","modified_gmt":"2014-11-30T19:03:04","slug":"az-egeszseges-test-a-lelek-egyensulya-decemberi-csoportfoglalkozasok","status":"publish","type":"post","link":"http:\/\/szakrendelo-sarkad.hu\/efi\/2014\/11\/30\/az-egeszseges-test-a-lelek-egyensulya-decemberi-csoportfoglalkozasok\/","title":{"rendered":"\u201eAZ EG\u00c9SZS\u00c9GES TEST A L\u00c9LEK EGYENS\u00daLYA\u201d | Decemberi csoportfoglalkoz\u00e1sok"},"content":{"rendered":"<p align=\"center\"><b>KEDVES SARKADI KIST\u00c9RS\u00c9GI LAKOSOK!<\/b><\/p>\n<p><b>\u00a0<\/b><\/p>\n<p><b>A Sarkadi Eg\u00e9szs\u00e9gfejleszt\u00e9si Iroda december h\u00f3napban az al\u00e1bbi csoportfoglalkoz\u00e1sokra v\u00e1rja az \u00e9rdekl\u0151d\u0151ket:<\/b><\/p>\n<p><b><i><span style=\"text-decoration: underline\">2014. december 02. 14.00-16.00<\/span><\/i><\/b><\/p>\n<p><b>Eg\u00e9szs\u00e9ges t\u00e1pl\u00e1lkoz\u00e1s csoportfoglalkoz\u00e1s \u2013 Az \u00e9tkez\u00e9s \u00e9s a mindennapi stressz \u00f6sszef\u00fcgg\u00e9sei<\/b><\/p>\n<p>Javasoljuk: elh\u00edzott\/t\u00fals\u00falyos, cukorbetegs\u00e9ggel, em\u00e9szt\u00e9si probl\u00e9m\u00e1kkal k\u00fczd\u0151, vagy eg\u00e9szs\u00e9ges t\u00e1pl\u00e1lkoz\u00e1s ir\u00e1nt \u00e9rdekl\u0151d\u0151k sz\u00e1m\u00e1ra.<\/p>\n<p>Szak\u00e9rt\u0151: Szelezs\u00e1nn\u00e9 Erdei L\u00edvia diplom\u00e1s \u00e1pol\u00f3\/csoportvezet\u0151<\/p>\n<p>Fej\u00e9rv\u00e1ry Katalin ment\u00e1lhigi\u00e9nikus<\/p>\n<p>Helysz\u00edn: Sarkadi Kist\u00e9rs\u00e9gi J\u00e1r\u00f3beteg- Szakell\u00e1t\u00f3 K\u00f6zpont<\/p>\n<p>5720 Sarkad, B\u00e9ke s\u00e9t\u00e1ny 6. II. emelet Konferencia terem<\/p>\n<p>&nbsp;<\/p>\n<p><b><i><span style=\"text-decoration: underline\">2014. december 12. 14.00-16.00<\/span><\/i><\/b><\/p>\n<p><b>Eg\u00e9szs\u00e9gtudatos magatart\u00e1s csoportfoglalkoz\u00e1s \u2013Kr\u00f3nikus betegek \u00e9letm\u00f3dja- gyakorlati tan\u00e1csad\u00e1s<\/b><\/p>\n<p>Javasoljuk: a t\u00e9ma ir\u00e1nt \u00e9rdekl\u0151d\u0151k, valamint azok sz\u00e1m\u00e1ra, akik hozz\u00e1tartoz\u00f3juk \u00e1pol\u00e1sban-gondoz\u00e1s\u00e1ban vesznek r\u00e9szt.<\/p>\n<p>Szak\u00e9rt\u0151: T\u00f3th Gy\u00f6ngyi diplom\u00e1s \u00e1pol\u00f3\/csoportvezet\u0151<\/p>\n<p>Helysz\u00edn: Sarkadi Kist\u00e9rs\u00e9gi J\u00e1r\u00f3beteg- Szakell\u00e1t\u00f3 K\u00f6zpont<\/p>\n<p>5720 Sarkad, B\u00e9ke s\u00e9t\u00e1ny 6. II. emelt konferencia terem<\/p>\n<p>&nbsp;<\/p>\n<p><b><i><span style=\"text-decoration: underline\">2014. december h\u00f3napban minden h\u00e9ten szerdai \u00e9s p\u00e9nteki napokon 13.00-14.00<\/span><\/i><\/b><\/p>\n<p><b><i><span style=\"text-decoration: underline\">\u00e9s\u00a0 14.00-15.00<\/span><\/i><\/b><\/p>\n<p><b>Gerinctorna csoportfoglalkoz\u00e1s<\/b><\/p>\n<p>Javasoljuk: aki tenni szeretne eg\u00e9szs\u00e9ge \u00e9rdek\u00e9ben, mozg\u00e1sszeg\u00e9ny, \u00fcl\u0151 \u00e9letm\u00f3dot folytat, szeretne testtart\u00e1s\u00e1n jav\u00edtani.<\/p>\n<p>Szak\u00e9rt\u0151: Bonyh\u00e1di Olga gy\u00f3gytorn\u00e1sz<\/p>\n<p>Helysz\u00edn: Sarkadi Kist\u00e9rs\u00e9gi J\u00e1r\u00f3beteg- Szakell\u00e1t\u00f3 K\u00f6zpont<\/p>\n<p>5720 Sarkad, B\u00e9ke s\u00e9t\u00e1ny 6. I. emelet tornaterem<\/p>\n<p>&nbsp;<\/p>\n<p>Az Eg\u00e9szs\u00e9gfejleszt\u00e9si Iroda a programokkal kapcsolatosan a v\u00e1ltoztat\u00e1s jog\u00e1t fenntartja.<\/p>\n","protected":false},"excerpt":{"rendered":"<div class=\"entry-summary\">\n<div class=\"entry-summary\">\nKEDVES SARKADI KIST\u00c9RS\u00c9GI LAKOSOK! \u00a0 A Sarkadi Eg\u00e9szs\u00e9gfejleszt\u00e9si Iroda december h\u00f3napban az al\u00e1bbi csoportfoglalkoz\u00e1sokra v\u00e1rja az \u00e9rdekl\u0151d\u0151ket: 2014.&hellip;\n<\/div>\n<div class=\"link-more\"><a href=\"http:\/\/szakrendelo-sarkad.hu\/efi\/2014\/11\/30\/az-egeszseges-test-a-lelek-egyensulya-decemberi-csoportfoglalkozasok\/\" class=\"more-link\">Continue reading<span class=\"screen-reader-text\"> &ldquo;\u201eAZ EG\u00c9SZS\u00c9GES TEST A L\u00c9LEK EGYENS\u00daLYA\u201d | Decemberi csoportfoglalkoz\u00e1sok&rdquo;<\/span>&hellip;<\/a><\/div>\n<\/div>\n<div class=\"link-more\"><a href=\"http:\/\/szakrendelo-sarkad.hu\/efi\/2014\/11\/30\/az-egeszseges-test-a-lelek-egyensulya-decemberi-csoportfoglalkozasok\/\" class=\"more-link\">Continue reading<span class=\"screen-reader-text\"> &ldquo;\u201eAZ EG\u00c9SZS\u00c9GES TEST A L\u00c9LEK EGYENS\u00daLYA\u201d | Decemberi csoportfoglalkoz\u00e1sok&rdquo;<\/span>&hellip;<\/a><\/div>\n","protected":false},"author":1,"featured_media":0,"comment_status":"closed","ping_status":"closed","sticky":false,"template":"","format":"standard","meta":{"ngg_post_thumbnail":0,"footnotes":""},"categories":[1],"tags":[],"class_list":["post-461","post","type-post","status-publish","format-standard","hentry","category-egyeb","entry"],"_links":{"self":[{"href":"http:\/\/szakrendelo-sarkad.hu\/efi\/wp-json\/wp\/v2\/posts\/461","targetHints":{"allow":["GET"]}}],"collection":[{"href":"http:\/\/szakrendelo-sarkad.hu\/efi\/wp-json\/wp\/v2\/posts"}],"about":[{"href":"http:\/\/szakrendelo-sarkad.hu\/efi\/wp-json\/wp\/v2\/types\/post"}],"author":[{"embeddable":true,"href":"http:\/\/szakrendelo-sarkad.hu\/efi\/wp-json\/wp\/v2\/users\/1"}],"replies":[{"embeddable":true,"href":"http:\/\/szakrendelo-sarkad.hu\/efi\/wp-json\/wp\/v2\/comments?post=461"}],"version-history":[{"count":0,"href":"http:\/\/szakrendelo-sarkad.hu\/efi\/wp-json\/wp\/v2\/posts\/461\/revisions"}],"wp:attachment":[{"href":"http:\/\/szakrendelo-sarkad.hu\/efi\/wp-json\/wp\/v2\/media?parent=461"}],"wp:term":[{"taxonomy":"category","embeddable":true,"href":"http:\/\/szakrendelo-sarkad.hu\/efi\/wp-json\/wp\/v2\/categories?post=461"},{"taxonomy":"post_tag","embeddable":true,"href":"http:\/\/szakrendelo-sarkad.hu\/efi\/wp-json\/wp\/v2\/tags?post=461"}],"curies":[{"name":"wp","href":"https:\/\/api.w.org\/{rel}","templated":true}]}}