{"id":4659,"date":"2018-07-04T15:46:09","date_gmt":"2018-07-04T15:46:09","guid":{"rendered":"http:\/\/efi.szakrendelo-sarkad.hu\/?p=4659"},"modified":"2018-07-04T15:46:09","modified_gmt":"2018-07-04T15:46:09","slug":"eletmod-tabor-a-gyulai-uti-altalanos-iskolaban-2018-junius-18-22","status":"publish","type":"post","link":"http:\/\/szakrendelo-sarkad.hu\/efi\/2018\/07\/04\/eletmod-tabor-a-gyulai-uti-altalanos-iskolaban-2018-junius-18-22\/","title":{"rendered":"\u00c9LETM\u00d3D T\u00c1BOR A GYULAI \u00daTI \u00c1LTAL\u00c1NOS ISKOL\u00c1BAN  | 2018. J\u00fanius 18-22"},"content":{"rendered":"<p>A Sarkadi \u00c1ltal\u00e1nos Iskola Gyulai \u00fati Tagint\u00e9zm\u00e9nye 2018. j\u00fanius 18- j\u00fanius 22 k\u00f6z\u00f6tt szervezete meg az ifj\u00fas\u00e1gi, \u00e9letm\u00f3d t\u00e1bor\u00e1t. Az egy hetes t\u00e1bor sz\u00ednes programokkal v\u00e1rta a fiatalokat.<\/p>\n<p>2018. j\u00fanius 19-\u00e9n d\u00e9lut\u00e1n a Sarkadi Eg\u00e9szs\u00e9gfejleszt\u00e9si Iroda munkat\u00e1rsai voltak a t\u00e1bor vend\u00e9gei. A szervez\u0151k \u00e1ltal a felk\u00e9r\u00e9s a k\u00e1ros szenved\u00e9lyek t\u00e9mak\u00f6re \u00e9s azok szervezet\u00fcnkre gyakorolt k\u00e1ros hat\u00e1sainak ismertet\u00e9se volt. A programot kieg\u00e9sz\u00edtette a demonstr\u00e1ci\u00f3s, eszk\u00f6z\u00f6s bemutat\u00f3, mint az eg\u00e9szs\u00e9ges \u00e9s beteg t\u00fcd\u0151 modell bemutat\u00e1sa, \u201er\u00e9szeg\u201d \u00e9s \u201edrogos\u201d szem\u00fcvegek kipr\u00f3b\u00e1l\u00e1si lehet\u0151s\u00e9gei.<\/p>\n<p>Tartalmas, tanuls\u00e1gos \u00e9s mindenk\u00e9ppen hasznos inform\u00e1ci\u00f3khoz juthattak a d\u00e9lut\u00e1n sor\u00e1n a fiatalok.<\/p>\n<!-- index.php -->\n<div\n\tclass=\"ngg-galleryoverview ngg-ajax-pagination-none\"\n\tid=\"ngg-gallery-17147b29f08f727fb3699bc379bb72ac-1\">\n\n    \t<div class=\"slideshowlink\">\n        <a href='http:\/\/szakrendelo-sarkad.hu\/efi\/2018\/07\/04\/eletmod-tabor-a-gyulai-uti-altalanos-iskolaban-2018-junius-18-22\/nggallery\/slideshow'>[Diavet\u00edt\u00e9s ind\u00edt\u00e1sa]<\/a>\n\t\t\n\t<\/div>\n\t\t\t<!-- Thumbnails -->\n\t\t\t\t<div id=\"ngg-image-0\" class=\"ngg-gallery-thumbnail-box\" >\n\t\t\t\t        <div class=\"ngg-gallery-thumbnail\">\n            <a href=\"http:\/\/szakrendelo-sarkad.hu\/efi\/wp-content\/gallery\/efiold\/eletmod_tabor_1807\/WP_20180619_13_47_15_Pro.jpg\"\n               title=\"\"\n               data-src=\"http:\/\/szakrendelo-sarkad.hu\/efi\/wp-content\/gallery\/efiold\/eletmod_tabor_1807\/WP_20180619_13_47_15_Pro.jpg\"\n               data-thumbnail=\"http:\/\/szakrendelo-sarkad.hu\/efi\/wp-content\/gallery\/efiold\/eletmod_tabor_1807\/thumbs\/thumbs_WP_20180619_13_47_15_Pro.jpg\"\n               data-image-id=\"1559\"\n               data-title=\"WP_20180619_13_47_15_Pro.jpg\"\n               data-description=\"\"\n               data-image-slug=\"wp_20180619_13_47_15_pro-jpg\"\n               class=\"ngg-fancybox\" rel=\"17147b29f08f727fb3699bc379bb72ac\">\n                <img\n                    title=\"WP_20180619_13_47_15_Pro.jpg\"\n                    alt=\"WP_20180619_13_47_15_Pro.jpg\"\n                    src=\"http:\/\/szakrendelo-sarkad.hu\/efi\/wp-content\/gallery\/efiold\/eletmod_tabor_1807\/thumbs\/thumbs_WP_20180619_13_47_15_Pro.jpg\"\n                    width=\"100\"\n                    height=\"75\"\n                    style=\"max-width:100%;\"\n                \/>\n            <\/a>\n        <\/div>\n\t\t\t\t\t\t\t<\/div> \n\t\t\t\n        \n\t\t\t\t<div id=\"ngg-image-1\" class=\"ngg-gallery-thumbnail-box\" >\n\t\t\t\t        <div class=\"ngg-gallery-thumbnail\">\n            <a href=\"http:\/\/szakrendelo-sarkad.hu\/efi\/wp-content\/gallery\/efiold\/eletmod_tabor_1807\/WP_20180619_13_52_21_Pro.jpg\"\n               title=\"\"\n               data-src=\"http:\/\/szakrendelo-sarkad.hu\/efi\/wp-content\/gallery\/efiold\/eletmod_tabor_1807\/WP_20180619_13_52_21_Pro.jpg\"\n               data-thumbnail=\"http:\/\/szakrendelo-sarkad.hu\/efi\/wp-content\/gallery\/efiold\/eletmod_tabor_1807\/thumbs\/thumbs_WP_20180619_13_52_21_Pro.jpg\"\n               data-image-id=\"1560\"\n               data-title=\"WP_20180619_13_52_21_Pro.jpg\"\n               data-description=\"\"\n               data-image-slug=\"wp_20180619_13_52_21_pro-jpg\"\n               class=\"ngg-fancybox\" rel=\"17147b29f08f727fb3699bc379bb72ac\">\n                <img\n                    title=\"WP_20180619_13_52_21_Pro.jpg\"\n                    alt=\"WP_20180619_13_52_21_Pro.jpg\"\n                    src=\"http:\/\/szakrendelo-sarkad.hu\/efi\/wp-content\/gallery\/efiold\/eletmod_tabor_1807\/thumbs\/thumbs_WP_20180619_13_52_21_Pro.jpg\"\n                    width=\"100\"\n                    height=\"75\"\n                    style=\"max-width:100%;\"\n                \/>\n            <\/a>\n        <\/div>\n\t\t\t\t\t\t\t<\/div> \n\t\t\t\n        \n\t\t\t\t<div id=\"ngg-image-2\" class=\"ngg-gallery-thumbnail-box\" >\n\t\t\t\t        <div class=\"ngg-gallery-thumbnail\">\n            <a href=\"http:\/\/szakrendelo-sarkad.hu\/efi\/wp-content\/gallery\/efiold\/eletmod_tabor_1807\/WP_20180619_13_55_15_Pro.jpg\"\n               title=\"\"\n               data-src=\"http:\/\/szakrendelo-sarkad.hu\/efi\/wp-content\/gallery\/efiold\/eletmod_tabor_1807\/WP_20180619_13_55_15_Pro.jpg\"\n               data-thumbnail=\"http:\/\/szakrendelo-sarkad.hu\/efi\/wp-content\/gallery\/efiold\/eletmod_tabor_1807\/thumbs\/thumbs_WP_20180619_13_55_15_Pro.jpg\"\n               data-image-id=\"1561\"\n               data-title=\"WP_20180619_13_55_15_Pro.jpg\"\n               data-description=\"\"\n               data-image-slug=\"wp_20180619_13_55_15_pro-jpg\"\n               class=\"ngg-fancybox\" rel=\"17147b29f08f727fb3699bc379bb72ac\">\n                <img\n                    title=\"WP_20180619_13_55_15_Pro.jpg\"\n                    alt=\"WP_20180619_13_55_15_Pro.jpg\"\n                    src=\"http:\/\/szakrendelo-sarkad.hu\/efi\/wp-content\/gallery\/efiold\/eletmod_tabor_1807\/thumbs\/thumbs_WP_20180619_13_55_15_Pro.jpg\"\n                    width=\"100\"\n                    height=\"75\"\n                    style=\"max-width:100%;\"\n                \/>\n            <\/a>\n        <\/div>\n\t\t\t\t\t\t\t<\/div> \n\t\t\t\n        \n\t\t\t\t<div id=\"ngg-image-3\" class=\"ngg-gallery-thumbnail-box\" >\n\t\t\t\t        <div class=\"ngg-gallery-thumbnail\">\n            <a href=\"http:\/\/szakrendelo-sarkad.hu\/efi\/wp-content\/gallery\/efiold\/eletmod_tabor_1807\/WP_20180619_14_19_44_Pro.jpg\"\n               title=\"\"\n               data-src=\"http:\/\/szakrendelo-sarkad.hu\/efi\/wp-content\/gallery\/efiold\/eletmod_tabor_1807\/WP_20180619_14_19_44_Pro.jpg\"\n               data-thumbnail=\"http:\/\/szakrendelo-sarkad.hu\/efi\/wp-content\/gallery\/efiold\/eletmod_tabor_1807\/thumbs\/thumbs_WP_20180619_14_19_44_Pro.jpg\"\n               data-image-id=\"1562\"\n               data-title=\"WP_20180619_14_19_44_Pro.jpg\"\n               data-description=\"\"\n               data-image-slug=\"wp_20180619_14_19_44_pro-jpg\"\n               class=\"ngg-fancybox\" rel=\"17147b29f08f727fb3699bc379bb72ac\">\n                <img\n                    title=\"WP_20180619_14_19_44_Pro.jpg\"\n                    alt=\"WP_20180619_14_19_44_Pro.jpg\"\n                    src=\"http:\/\/szakrendelo-sarkad.hu\/efi\/wp-content\/gallery\/efiold\/eletmod_tabor_1807\/thumbs\/thumbs_WP_20180619_14_19_44_Pro.jpg\"\n                    width=\"100\"\n                    height=\"75\"\n                    style=\"max-width:100%;\"\n                \/>\n            <\/a>\n        <\/div>\n\t\t\t\t\t\t\t<\/div> \n\t\t\t\n        \n\t\t\n\t\t<!-- Pagination -->\n\t<div class='ngg-clear'><\/div>\t<\/div>\n\n","protected":false},"excerpt":{"rendered":"<div class=\"entry-summary\">\n<div class=\"entry-summary\">\nA Sarkadi \u00c1ltal\u00e1nos Iskola Gyulai \u00fati Tagint\u00e9zm\u00e9nye 2018. j\u00fanius 18- j\u00fanius 22 k\u00f6z\u00f6tt szervezete meg az ifj\u00fas\u00e1gi, \u00e9letm\u00f3d&hellip;\n<\/div>\n<div class=\"link-more\"><a href=\"http:\/\/szakrendelo-sarkad.hu\/efi\/2018\/07\/04\/eletmod-tabor-a-gyulai-uti-altalanos-iskolaban-2018-junius-18-22\/\" class=\"more-link\">Continue reading<span class=\"screen-reader-text\"> &ldquo;\u00c9LETM\u00d3D T\u00c1BOR A GYULAI \u00daTI \u00c1LTAL\u00c1NOS ISKOL\u00c1BAN  | 2018. J\u00fanius 18-22&rdquo;<\/span>&hellip;<\/a><\/div>\n<\/div>\n<div class=\"link-more\"><a href=\"http:\/\/szakrendelo-sarkad.hu\/efi\/2018\/07\/04\/eletmod-tabor-a-gyulai-uti-altalanos-iskolaban-2018-junius-18-22\/\" class=\"more-link\">Continue reading<span class=\"screen-reader-text\"> &ldquo;\u00c9LETM\u00d3D T\u00c1BOR A GYULAI \u00daTI \u00c1LTAL\u00c1NOS ISKOL\u00c1BAN  | 2018. J\u00fanius 18-22&rdquo;<\/span>&hellip;<\/a><\/div>\n","protected":false},"author":1,"featured_media":0,"comment_status":"closed","ping_status":"closed","sticky":false,"template":"","format":"standard","meta":{"ngg_post_thumbnail":0,"footnotes":""},"categories":[1],"tags":[],"class_list":["post-4659","post","type-post","status-publish","format-standard","hentry","category-egyeb","entry"],"_links":{"self":[{"href":"http:\/\/szakrendelo-sarkad.hu\/efi\/wp-json\/wp\/v2\/posts\/4659","targetHints":{"allow":["GET"]}}],"collection":[{"href":"http:\/\/szakrendelo-sarkad.hu\/efi\/wp-json\/wp\/v2\/posts"}],"about":[{"href":"http:\/\/szakrendelo-sarkad.hu\/efi\/wp-json\/wp\/v2\/types\/post"}],"author":[{"embeddable":true,"href":"http:\/\/szakrendelo-sarkad.hu\/efi\/wp-json\/wp\/v2\/users\/1"}],"replies":[{"embeddable":true,"href":"http:\/\/szakrendelo-sarkad.hu\/efi\/wp-json\/wp\/v2\/comments?post=4659"}],"version-history":[{"count":0,"href":"http:\/\/szakrendelo-sarkad.hu\/efi\/wp-json\/wp\/v2\/posts\/4659\/revisions"}],"wp:attachment":[{"href":"http:\/\/szakrendelo-sarkad.hu\/efi\/wp-json\/wp\/v2\/media?parent=4659"}],"wp:term":[{"taxonomy":"category","embeddable":true,"href":"http:\/\/szakrendelo-sarkad.hu\/efi\/wp-json\/wp\/v2\/categories?post=4659"},{"taxonomy":"post_tag","embeddable":true,"href":"http:\/\/szakrendelo-sarkad.hu\/efi\/wp-json\/wp\/v2\/tags?post=4659"}],"curies":[{"name":"wp","href":"https:\/\/api.w.org\/{rel}","templated":true}]}}