{"id":4680,"date":"2018-07-12T09:09:10","date_gmt":"2018-07-12T09:09:10","guid":{"rendered":"http:\/\/efi.szakrendelo-sarkad.hu\/?p=4680"},"modified":"2018-07-12T09:09:10","modified_gmt":"2018-07-12T09:09:10","slug":"a-mentalis-egeszseg-helyi-kapacitasfejlesztese-a-sarkadi-jarasban-2018-junius-22","status":"publish","type":"post","link":"http:\/\/szakrendelo-sarkad.hu\/efi\/2018\/07\/12\/a-mentalis-egeszseg-helyi-kapacitasfejlesztese-a-sarkadi-jarasban-2018-junius-22\/","title":{"rendered":"A ment\u00e1lis eg\u00e9szs\u00e9g helyi kapacit\u00e1sfejleszt\u00e9se a Sarkadi j\u00e1r\u00e1sban | 2018. J\u00fanius 22."},"content":{"rendered":"<p>2018. j\u00fanius 22-\u00e9n megrendez\u00e9sre ker\u00fclt a Sarkadi Kist\u00e9rs\u00e9gi J\u00e1r\u00f3beteg Szakell\u00e1t\u00f3 EFOP-1.8.20-17-2017-00031 <img loading=\"lazy\" decoding=\"async\" class=\"alignright size-full wp-image-4681\" src=\"http:\/\/kjcuj.fazekas.wdsite.hu\/efi\/wp-content\/uploads\/sites\/2\/2018\/07\/DSC_0015.jpg\" alt=\"\" width=\"400\" height=\"268\" srcset=\"http:\/\/szakrendelo-sarkad.hu\/efi\/wp-content\/uploads\/sites\/2\/2018\/07\/DSC_0015.jpg 400w, http:\/\/szakrendelo-sarkad.hu\/efi\/wp-content\/uploads\/sites\/2\/2018\/07\/DSC_0015-300x201.jpg 300w\" sizes=\"auto, (max-width: 400px) 100vw, 400px\" \/>azonos\u00edt\u00f3sz\u00e1m\u00fa &#8221; A ment\u00e1lis eg\u00e9szs\u00e9g helyi kapacit\u00e1sfejleszt\u00e9se a Sarkadi j\u00e1r\u00e1sban&#8221; elnevez\u00e9s\u0171 p\u00e1ly\u00e1zat sajt\u00f3t\u00e1j\u00e9koztat\u00f3ja.<\/p>\n<p>A t\u00e1j\u00e9koztat\u00f3n dr. Kov\u00e1cs J\u00f3zsef orsz\u00e1ggy\u0171l\u00e9si k\u00e9pvisel\u0151, Dr. Mok\u00e1n Istv\u00e1n Sarkad v\u00e1ros polg\u00e1rmestere \u00e9s a j\u00e1r\u00f3beteg szakell\u00e1t\u00f3 \u00fcgyvezet\u0151je Debreczeni Lajos nyilatkozott a p\u00e1ly\u00e1zat r\u00e9szletes tartalm\u00e1r\u00f3l.<\/p>\n<p>A projektgazda a Sarkadi Kist\u00e9rs\u00e9gi Eg\u00e9szs\u00e9g\u00fcgyi Fejleszt\u0151 Nonprofit Kft, mely szervezet keretein bel\u00fcl m\u00e1r m\u0171k\u00f6dik Eg\u00e9szs\u00e9gfejleszt\u00e9si Iroda (a tov\u00e1bbiakban: EFI). Projekt\u00fcnkkel az EFI tev\u00e9kenys\u00e9g\u00e9t a ment\u00e1lhigi\u00e9n\u00e9s ter\u00fclettel k\u00edv\u00e1njuk b\u0151v\u00edteni. A feladatb\u0151v\u00edt\u00e9st a lakoss\u00e1g kedvez\u0151tlen eg\u00e9szs\u00e9gi \u00e1llapota, a ment\u00e1lhigi\u00e9n\u00e9s ter\u00fcleten jelentkez\u0151 halmozott probl\u00e9m\u00e1k indokolj\u00e1k. Programunkkal hozz\u00e1 k\u00edv\u00e1nunk j\u00e1rulni a sz\u00fclet\u00e9skor v\u00e1rhat\u00f3 \u00e9lettartam \u00e9s az eg\u00e9szs\u00e9gben elt\u00f6lt\u00f6tt \u00e9vek sz\u00e1m\u00e1nak n\u00f6veked\u00e9s\u00e9hez, a ter\u00fcleti egyenl\u0151tlens\u00e9gek cs\u00f6kkent\u00e9s\u00e9hez.<\/p>\n<p>A projekt k\u00f6zvetlen c\u00e9lcsoportj\u00e1hoz tartoznak azok, akik a fejleszt\u00e9s sor\u00e1n kialak\u00edtott szolg\u00e1ltat\u00e1sokat ig\u00e9nybe veszik, k\u00f6zvetlen\u00fcl haszn\u00e1lj\u00e1k. Ennek f\u00fcggv\u00e9ny\u00e9ben az egyes sz\u00ednt\u00e9r programokkal, a k\u00f6z\u00f6ss\u00e9gi rendezv\u00e9nyekkel, a primer, secunder \u00e9s tercier prevenci\u00f3s programokkal a j\u00e1r\u00e1s lakoss\u00e1g\u00e1t k\u00edv\u00e1njuk el\u00e9rni. Kiemelten kezelj\u00fck a ment\u00e1lis eg\u00e9szs\u00e9g szempontj\u00e1b\u00f3l s\u00e9r\u00fcl\u00e9keny csoportokat, \u00e9s a ment\u00e1lis betegs\u00e9gek tekintet\u00e9ben kock\u00e1zati csoportba sorolhat\u00f3 szem\u00e9lyeket, a h\u00e1tr\u00e1nyos helyzet\u0171eket.<\/p>\n<p>Terveink szerint a projekt keret\u00e9ben az EFI-n bel\u00fcl kialak\u00edtunk egy ment\u00e1lhigi\u00e9n\u00e9s teamet, amelynek tagjai az Iroda munkat\u00e1rsaival \u00e9s a projektgazd\u00e1val \u00f6sszehangoltan v\u00e9gzik tev\u00e9kenys\u00e9g\u00fcket.<\/p>\n<p>A projekt megval\u00f3sul\u00e1st az \u00e9rdekl\u0151d\u0151k folyamatosan nyomon k\u00f6vethetik az int\u00e9zm\u00e9ny honlapj\u00e1n a <a href=\"http:\/\/www.szakrendelo-sarkad.hu\/efi\">www.szakrendelo-sarkad.hu\/efi<\/a>.<\/p>\n<p>&nbsp;<\/p>\n","protected":false},"excerpt":{"rendered":"<div class=\"entry-summary\">\n<div class=\"entry-summary\">\n2018. j\u00fanius 22-\u00e9n megrendez\u00e9sre ker\u00fclt a Sarkadi Kist\u00e9rs\u00e9gi J\u00e1r\u00f3beteg Szakell\u00e1t\u00f3 EFOP-1.8.20-17-2017-00031 azonos\u00edt\u00f3sz\u00e1m\u00fa &#8221; A ment\u00e1lis eg\u00e9szs\u00e9g helyi kapacit\u00e1sfejleszt\u00e9se&hellip;\n<\/div>\n<div class=\"link-more\"><a href=\"http:\/\/szakrendelo-sarkad.hu\/efi\/2018\/07\/12\/a-mentalis-egeszseg-helyi-kapacitasfejlesztese-a-sarkadi-jarasban-2018-junius-22\/\" class=\"more-link\">Continue reading<span class=\"screen-reader-text\"> &ldquo;A ment\u00e1lis eg\u00e9szs\u00e9g helyi kapacit\u00e1sfejleszt\u00e9se a Sarkadi j\u00e1r\u00e1sban | 2018. J\u00fanius 22.&rdquo;<\/span>&hellip;<\/a><\/div>\n<\/div>\n<div class=\"link-more\"><a href=\"http:\/\/szakrendelo-sarkad.hu\/efi\/2018\/07\/12\/a-mentalis-egeszseg-helyi-kapacitasfejlesztese-a-sarkadi-jarasban-2018-junius-22\/\" class=\"more-link\">Continue reading<span class=\"screen-reader-text\"> &ldquo;A ment\u00e1lis eg\u00e9szs\u00e9g helyi kapacit\u00e1sfejleszt\u00e9se a Sarkadi j\u00e1r\u00e1sban | 2018. J\u00fanius 22.&rdquo;<\/span>&hellip;<\/a><\/div>\n","protected":false},"author":1,"featured_media":0,"comment_status":"closed","ping_status":"closed","sticky":false,"template":"","format":"standard","meta":{"ngg_post_thumbnail":0,"footnotes":""},"categories":[1],"tags":[],"class_list":["post-4680","post","type-post","status-publish","format-standard","hentry","category-egyeb","entry"],"_links":{"self":[{"href":"http:\/\/szakrendelo-sarkad.hu\/efi\/wp-json\/wp\/v2\/posts\/4680","targetHints":{"allow":["GET"]}}],"collection":[{"href":"http:\/\/szakrendelo-sarkad.hu\/efi\/wp-json\/wp\/v2\/posts"}],"about":[{"href":"http:\/\/szakrendelo-sarkad.hu\/efi\/wp-json\/wp\/v2\/types\/post"}],"author":[{"embeddable":true,"href":"http:\/\/szakrendelo-sarkad.hu\/efi\/wp-json\/wp\/v2\/users\/1"}],"replies":[{"embeddable":true,"href":"http:\/\/szakrendelo-sarkad.hu\/efi\/wp-json\/wp\/v2\/comments?post=4680"}],"version-history":[{"count":0,"href":"http:\/\/szakrendelo-sarkad.hu\/efi\/wp-json\/wp\/v2\/posts\/4680\/revisions"}],"wp:attachment":[{"href":"http:\/\/szakrendelo-sarkad.hu\/efi\/wp-json\/wp\/v2\/media?parent=4680"}],"wp:term":[{"taxonomy":"category","embeddable":true,"href":"http:\/\/szakrendelo-sarkad.hu\/efi\/wp-json\/wp\/v2\/categories?post=4680"},{"taxonomy":"post_tag","embeddable":true,"href":"http:\/\/szakrendelo-sarkad.hu\/efi\/wp-json\/wp\/v2\/tags?post=4680"}],"curies":[{"name":"wp","href":"https:\/\/api.w.org\/{rel}","templated":true}]}}