{"id":5037,"date":"2019-01-20T09:11:01","date_gmt":"2019-01-20T09:11:01","guid":{"rendered":"http:\/\/efi.szakrendelo-sarkad.hu\/?p=5037"},"modified":"2019-01-20T09:11:01","modified_gmt":"2019-01-20T09:11:01","slug":"vigyazz-kesz-fuzz","status":"publish","type":"post","link":"http:\/\/szakrendelo-sarkad.hu\/efi\/2019\/01\/20\/vigyazz-kesz-fuzz\/","title":{"rendered":"VIGY\u00c1ZZ! K\u00c9SZ! F\u0170ZZ!"},"content":{"rendered":"<p><strong><span style=\"color: #ff99cc\">\u201e Egy pihe nem rep\u00edt az \u00e9gig, de sok toll sz\u00e1rnyat ad!\u201d<\/span><\/strong><\/p>\n<p><strong><span style=\"color: #ff99cc\">\u00a0\u00a0\u00a0\u00a0\u00a0\u00a0\u00a0\u00a0\u00a0\u00a0\u00a0\u00a0\u00a0\u00a0\u00a0\u00a0\u00a0\u00a0\u00a0\u00a0\u00a0\u00a0\u00a0\u00a0\u00a0\u00a0\u00a0\u00a0\u00a0\u00a0\u00a0\u00a0\u00a0\u00a0\u00a0\u00a0\u00a0\u00a0\u00a0\u00a0\u00a0\u00a0\u00a0\u00a0\u00a0\u00a0 \/www.malyvavirag.hu\/<\/span><\/strong><\/p>\n<p><img loading=\"lazy\" decoding=\"async\" class=\"size-full wp-image-5038 alignright\" src=\"http:\/\/kjcuj.fazekas.wdsite.hu\/efi\/wp-content\/uploads\/sites\/2\/2019\/01\/thumb.jpg\" alt=\"\" width=\"237\" height=\"163\" \/><\/p>\n<p>A XIII. Eur\u00f3pai M\u00e9hnyakr\u00e1k Megel\u0151z\u00e9si H\u00e9t id\u00e9n 2019. janu\u00e1r 21- janu\u00e1r 27. k\u00f6z\u00e9 esik. Ez a betegs\u00e9g megel\u0151zhet\u0151, ha m\u00e9gsem el\u0151zz\u00fck meg vagy ismerj\u00fck fel id\u0151ben ak\u00e1r hal\u00e1los kimenetel\u0171 is lehet.<\/p>\n<p>Az Eur\u00f3pai M\u00e9hnyakr\u00e1k Megel\u0151z\u00e9si Egyes\u00fclet id\u00e9n is felh\u00edvja a figyelmet a nemzeti sz\u0171r\u0151-, \u00e9s olt\u00e1si programokra.<\/p>\n<p>A Sarkadi Kist\u00e9rs\u00e9gi J\u00e1r\u00f3beteg-Szakell\u00e1t\u00f3 K\u00f6zpont eg\u00e9szs\u00e9g\u00fcgyi dolgoz\u00f3i, valamint a Sarkadi Eg\u00e9szs\u00e9gfejleszt\u00e9si Iroda munkat\u00e1rsai t\u00e1j\u00e9koztat\u00f3 lev\u00e9lben sz\u00f3lnak a h\u00f6lgyekhez azzal a c\u00e9llal, hogy minden n\u0151 legyen tiszt\u00e1ba a m\u00e9hnyakr\u00e1k vesz\u00e9lyeivel \u00e9s a megel\u0151z\u00e9s lehet\u0151s\u00e9geivel.<\/p>\n<p><strong><em>A m\u00e9hnyakr\u00e1k<\/em><\/strong><\/p>\n<p>Ez a betegs\u00e9g sajnos a fiatalokat is vesz\u00e9lyezteti, a 45 \u00e9ven aluli n\u0151k k\u00f6r\u00e9ben ez a m\u00e1sodik leggyakoribb r\u00e1k. Magyarorsz\u00e1gon minden \u00e9vben t\u00f6bb, mint 1000 n\u0151n\u00e9l diagnosztiz\u00e1lnak m\u00e9hnyakr\u00e1kot, \u00e9s k\u00f6zel 400 \u00c9desany\u00e1t, Feles\u00e9get, N\u0151t vesz\u00edt\u00fcnk el miatta. \u0150k t\u00f6bbnyire 35-65 \u00e9v k\u00f6z\u00f6ttiek, akiket a csal\u00e1djuk k\u00f6r\u00e9b\u0151l szak\u00edt ki a betegs\u00e9g.<\/p>\n<p>A m\u00e9hnyakr\u00e1kot a Hum\u00e1n Papillomav\u00edrusnak, azaz a HPV-nek a magas kock\u00e1zat\u00fa t\u00edpusai okozz\u00e1k. A n\u0151k 80%-a megfert\u0151z\u0151dik HPV-vel legal\u00e1bb egyszer \u00e9lete sor\u00e1n.<\/p>\n<p>A m\u00e9hnyakr\u00e1k egy ma m\u00e1r megel\u0151zhet\u0151 r\u00e1kos megbeteged\u00e9s, v\u00e9d\u0151olt\u00e1ssal \u00e9s rendszeres sz\u0171r\u00e9ssel. Az id\u0151ben diagnosztiz\u00e1lt m\u00e9hnyakr\u00e1k j\u00f3 es\u00e9llyel gy\u00f3gy\u00edthat\u00f3, \u00e9s a betegs\u00e9g k\u00e9s\u0151i st\u00e1dium\u00e1ban, ki\u00fajul\u00e1s\u00e1ban is van kezel\u00e9si lehet\u0151s\u00e9g.<\/p>\n<p><strong><em>Sz\u0171r\u00e9ssel a m\u00e9hnyakr\u00e1k megel\u0151z\u00e9s\u00e9\u00e9rt<\/em><\/strong><\/p>\n<p>Az id\u0151ben elv\u00e9gzett n\u0151gy\u00f3gy\u00e1szati vizsg\u00e1lat sok tov\u00e1bbi kellemetlens\u00e9get el\u0151zhet meg. A megfelel\u0151en, kor\u00e1n elkezdett kezel\u00e9s eredm\u00e9nyezhet sikeres gy\u00f3gyul\u00e1st, \u00e9s a vizsg\u00e1lat olyan elv\u00e1ltoz\u00e1st is felfedhet, ami csak a k\u00e9s\u0151bbiekben okozna probl\u00e9m\u00e1t.<\/p>\n<p>A 25-65 \u00e9ves koroszt\u00e1ly h\u00e1rom\u00e9vente megh\u00edv\u00f3levelet kap az Orsz\u00e1gos Tisztiorvosi Hivatalt\u00f3l. A n\u0151gy\u00f3gy\u00e1szati vizsg\u00e1lat f\u00e1jdalommentes \u00e9s mind\u00f6ssze 5-10 perces vizsg\u00e1lat, mely t\u00e9r\u00edt\u00e9smentesen vehet\u0151 ig\u00e9nybe a szakrendel\u0151kben.<\/p>\n<p>A kistelep\u00fcl\u00e9seken a helyi v\u00e9d\u0151n\u0151k is v\u00e9geznek m\u00e9hnyakr\u00e1ksz\u0171r\u00e9st.<\/p>\n<p><strong><em>V\u00e9d\u0151olt\u00e1s szerepe a m\u00e9hnyakr\u00e1k megel\u0151z\u00e9s\u00e9ben<\/em><\/strong><\/p>\n<p>A HPV elleni v\u00e9d\u0151olt\u00e1s volt az els\u0151, amit kifejezetten a r\u00e1k megel\u0151z\u00e9s\u00e9re fejlesztettek ki. Ez az olt\u00f3anyag nagy m\u00e9rf\u00f6ldk\u0151 az orvostudom\u00e1nyban. Nincs m\u00e9g egy rosszindulat\u00fa daganat, amit ilyen nagy biztons\u00e1ggal meg lehet el\u0151zni, mint a m\u00e9hnyakr\u00e1kot.<\/p>\n<p>A HPV elleni v\u00e9d\u0151olt\u00e1s nem kifejezetten mag\u00e1t a betegs\u00e9g kialakul\u00e1s\u00e1t akad\u00e1lyozza meg, hanem azt, hogy a m\u00e9hnyakr\u00e1kot okoz\u00f3 HPV bejuthasson a szervezetbe, \u00e9s ott fert\u0151z\u00e9st okozhasson. Ennek k\u00f6sz\u00f6nhet\u0151en pedig a r\u00e1kmegel\u0151z\u0151 \u00e1llapot \u00e9s a m\u00e9hnyakr\u00e1k sem alakul ki.<\/p>\n<p>Az ingyenes v\u00e9d\u0151olt\u00e1s minden 7. oszt\u00e1lyos l\u00e1ny sz\u00e1m\u00e1ra biztos\u00edtott az id\u00e9n is. <em>(B\u0151vebb t\u00e1j\u00e9koztat\u00e1s\u00e9rt forduljon az iskolai v\u00e9d\u0151n\u0151kh\u00f6z)<\/em><\/p>\n<p>Fontos szem el\u0151tt tartani, hogy a v\u00e9d\u0151olt\u00e1s \u00e9s a rendszeres sz\u0171r\u00e9s egy\u00fctt a legbiztosabb megold\u00e1s a m\u00e9hnyakr\u00e1k ellen!<\/p>\n<p><strong>A T\u00c9MA FONTOSS\u00c1G\u00c1RA VAL\u00d3 TEKINTETTEL, K\u00c9RJ\u00dcK HOZZA MAG\u00c1VAL \u00c9DESANYJ\u00c1T, ANY\u00d3S\u00c1T, N\u0150V\u00c9R\u00c9T, BAR\u00c1TN\u0150J\u00c9T A SZ\u0170R\u00c9SRE!<\/strong><\/p>\n<p><strong>TEGY\u00dcNK EGY\u00dcTT EG\u00c9SZS\u00c9G\u00dcNK\u00c9RT!<\/strong><\/p>\n<p><strong>\u00a0<\/strong><\/p>\n<p>Felhaszn\u00e1lt forr\u00e1sok:<\/p>\n<ol>\n<li><a href=\"http:\/\/www.egeszseg.hu\">egeszseg.hu<\/a><\/li>\n<li><a href=\"http:\/\/www.malyvavirag.hu\">malyvavirag.hu<\/a><\/li>\n<\/ol>\n","protected":false},"excerpt":{"rendered":"<div class=\"entry-summary\">\n<div class=\"entry-summary\">\n\u201e Egy pihe nem rep\u00edt az \u00e9gig, de sok toll sz\u00e1rnyat ad!\u201d \u00a0\u00a0\u00a0\u00a0\u00a0\u00a0\u00a0\u00a0\u00a0\u00a0\u00a0\u00a0\u00a0\u00a0\u00a0\u00a0\u00a0\u00a0\u00a0\u00a0\u00a0\u00a0\u00a0\u00a0\u00a0\u00a0\u00a0\u00a0\u00a0\u00a0\u00a0\u00a0\u00a0\u00a0\u00a0\u00a0\u00a0\u00a0\u00a0\u00a0\u00a0\u00a0\u00a0\u00a0\u00a0\u00a0 \/www.malyvavirag.hu\/ A XIII. Eur\u00f3pai M\u00e9hnyakr\u00e1k&hellip;\n<\/div>\n<div class=\"link-more\"><a href=\"http:\/\/szakrendelo-sarkad.hu\/efi\/2019\/01\/20\/vigyazz-kesz-fuzz\/\" class=\"more-link\">Continue reading<span class=\"screen-reader-text\"> &ldquo;VIGY\u00c1ZZ! K\u00c9SZ! F\u0170ZZ!&rdquo;<\/span>&hellip;<\/a><\/div>\n<\/div>\n<div class=\"link-more\"><a href=\"http:\/\/szakrendelo-sarkad.hu\/efi\/2019\/01\/20\/vigyazz-kesz-fuzz\/\" class=\"more-link\">Continue reading<span class=\"screen-reader-text\"> &ldquo;VIGY\u00c1ZZ! K\u00c9SZ! F\u0170ZZ!&rdquo;<\/span>&hellip;<\/a><\/div>\n","protected":false},"author":1,"featured_media":0,"comment_status":"closed","ping_status":"closed","sticky":false,"template":"","format":"standard","meta":{"ngg_post_thumbnail":0,"footnotes":""},"categories":[1],"tags":[],"class_list":["post-5037","post","type-post","status-publish","format-standard","hentry","category-egyeb","entry"],"_links":{"self":[{"href":"http:\/\/szakrendelo-sarkad.hu\/efi\/wp-json\/wp\/v2\/posts\/5037","targetHints":{"allow":["GET"]}}],"collection":[{"href":"http:\/\/szakrendelo-sarkad.hu\/efi\/wp-json\/wp\/v2\/posts"}],"about":[{"href":"http:\/\/szakrendelo-sarkad.hu\/efi\/wp-json\/wp\/v2\/types\/post"}],"author":[{"embeddable":true,"href":"http:\/\/szakrendelo-sarkad.hu\/efi\/wp-json\/wp\/v2\/users\/1"}],"replies":[{"embeddable":true,"href":"http:\/\/szakrendelo-sarkad.hu\/efi\/wp-json\/wp\/v2\/comments?post=5037"}],"version-history":[{"count":0,"href":"http:\/\/szakrendelo-sarkad.hu\/efi\/wp-json\/wp\/v2\/posts\/5037\/revisions"}],"wp:attachment":[{"href":"http:\/\/szakrendelo-sarkad.hu\/efi\/wp-json\/wp\/v2\/media?parent=5037"}],"wp:term":[{"taxonomy":"category","embeddable":true,"href":"http:\/\/szakrendelo-sarkad.hu\/efi\/wp-json\/wp\/v2\/categories?post=5037"},{"taxonomy":"post_tag","embeddable":true,"href":"http:\/\/szakrendelo-sarkad.hu\/efi\/wp-json\/wp\/v2\/tags?post=5037"}],"curies":[{"name":"wp","href":"https:\/\/api.w.org\/{rel}","templated":true}]}}