{"id":5114,"date":"2019-03-07T18:27:07","date_gmt":"2019-03-07T18:27:07","guid":{"rendered":"http:\/\/efi.szakrendelo-sarkad.hu\/?p=5114"},"modified":"2019-03-07T18:27:07","modified_gmt":"2019-03-07T18:27:07","slug":"marcius-a-vastag-es-vegbelrak-megelozes-honapja","status":"publish","type":"post","link":"http:\/\/szakrendelo-sarkad.hu\/efi\/2019\/03\/07\/marcius-a-vastag-es-vegbelrak-megelozes-honapja\/","title":{"rendered":"M\u00c1RCIUS A VASTAG- \u00c9S V\u00c9GB\u00c9LR\u00c1K MEGEL\u0150Z\u00c9S H\u00d3NAPJA!"},"content":{"rendered":"<div align=\"center\"><img loading=\"lazy\" decoding=\"async\" class=\"size-full wp-image-5116 aligncenter\" src=\"http:\/\/kjcuj.fazekas.wdsite.hu\/efi\/wp-content\/uploads\/sites\/2\/2019\/03\/cancer.jpg\" alt=\"\" width=\"253\" height=\"180\" \/><\/div>\n<p>A Sarkadi Kist\u00e9rs\u00e9gi J\u00e1r\u00f3beteg- Szakell\u00e1t\u00f3 K\u00f6zpont eg\u00e9szs\u00e9g\u00fcgyi dolgoz\u00f3i, valamint a Sarkadi Eg\u00e9szs\u00e9gfejleszt\u00e9si Iroda munkat\u00e1rsai t\u00e1j\u00e9koztat\u00f3 lev\u00e9lben sz\u00f3lnak a kist\u00e9rs\u00e9g lakosaihoz, azzal a c\u00e9llal, hogy minden lakos legyen tiszt\u00e1ba a vastag- \u00e9s v\u00e9gb\u00e9lr\u00e1k vesz\u00e9lyeivel \u00e9s a megel\u0151z\u00e9s lehet\u0151s\u00e9geivel.<\/p>\n<p>A figyelemfelh\u00edv\u00e1ssal szeretn\u00e9nk el\u00e9rni, hogy ha csak egy mondatra is, de sz\u00f3ba essen a betegs\u00e9g \u00e9s a sz\u0171r\u00e9s lehet\u0151s\u00e9ge. Ezzel a megmozdul\u00e1ssal szeretn\u00e9nk el\u00e9rni, hogy a betegs\u00e9g kil\u00e9pjen a tabu t\u00e9m\u00e1k k\u00f6r\u00e9b\u0151l, t\u00f6bb\u00e9 ne forduljunk el, ha valakir\u0151l megtudjuk, hogy beteg, \u00e9s ne f\u00e9lj\u00fcnk a sz\u0171r\u0151vizsg\u00e1latokt\u00f3l, att\u00f3l, hogy minket is \u00e9rinthet.<\/p>\n<p>&nbsp;<\/p>\n<p><em>A vastagb\u00e9lr\u00e1knak, v\u00e9gb\u00e9lr\u00e1knak nincsenek teljesen egy\u00e9rtelm\u0171 t\u00fcnetei, \u00e1ltal\u00e1noss\u00e1gban azonban besz\u00e9lhet\u00fcnk jellemz\u0151 panaszokr\u00f3l. A legink\u00e1bb figyelemfelkelt\u0151 t\u00fcnet a v\u00e9res sz\u00e9klet, amivel azonnal \u00e9rdemes orvoshoz fordulni. <\/em><\/p>\n<p>Korai st\u00e1diumban, amikor a vastagb\u00e9lr\u00e1k m\u00e9g \u00e9pp csak elkezdett kialakulni, a daganat rendszerint m\u00e9g semmilyen t\u00fcnetet nem okoz.<\/p>\n<p>K\u00e9s\u0151bb azt\u00e1n, ahogy a vastagb\u00e9lr\u00e1k n\u00f6veked\u00e9snek \u00e9s terjed\u00e9snek indul, sz\u00e1mos k\u00fcl\u00f6nf\u00e9le t\u00fcnet jelenhet meg.\u00a0A t\u00fcnetek t\u00edpusa d\u00f6nt\u0151en att\u00f3l f\u00fcgg, hogy a vastagb\u00e9lr\u00e1k a b\u00e9l mely pontj\u00e1n alakult ki.<\/p>\n<p>&nbsp;<\/p>\n<p><strong>A vastagb\u00e9lr\u00e1k korai t\u00fcnetei<\/strong><\/p>\n<p>A vastagb\u00e9lr\u00e1k leggyakoribb, \u00e1ltal\u00e1ban kor\u00e1n jelentkez\u0151 t\u00fcnetei az al\u00e1bbiak:<\/p>\n<ul>\n<li><strong>V\u00e9res sz\u00e9klet<\/strong><\/li>\n<li><strong>Ny\u00e1lk\u00e1s sz\u00e9klet<\/strong><\/li>\n<li><strong>A sz\u00e9klet\u00fcr\u00edt\u00e9si szok\u00e1saink tart\u00f3s megv\u00e1ltoz\u00e1sa<\/strong><\/li>\n<li><strong>Egy\u00e9b t\u00fcnetek (hasi f\u00e1jdalom, telts\u00e9g\u00e9rzet)<\/strong><\/li>\n<\/ul>\n<p><strong>Az el\u0151rehaladottabb vastagb\u00e9lr\u00e1k t\u00fcnetei<\/strong><\/p>\n<p>A vastagb\u00e9lr\u00e1k el\u0151rehalad\u00e1s\u00e1val p\u00e1rhuzamosan a t\u00fcnetek rosszabbodhatnak \u00e9s az al\u00e1bbi panaszok jelentkezhetnek:<\/p>\n<ul>\n<li>a tumor fokoz\u00f3d\u00f3 v\u00e9rz\u00e9se miatt egyre v\u00e9resebb, illetve egyre ny\u00e1lk\u00e1sabb lesz a sz\u00e9klet<\/li>\n<li>gyakoribb\u00e1 \u00e9s s\u00falyosabb\u00e1 v\u00e1lhat a hasmen\u00e9s, \u00e1lland\u00f3sulhat a sz\u00e9kreked\u00e9s<\/li>\n<li>fokoz\u00f3d\u00f3 hasi f\u00e1jdalmak, \u00e1lland\u00f3sult telts\u00e9g\u00e9rzet sz\u00e9klet\u00fcr\u00edt\u00e9st k\u00f6vet\u0151en<\/li>\n<li>\u00e1ltal\u00e1nos rossz k\u00f6z\u00e9rzet, f\u00e1radts\u00e1g, tests\u00falycs\u00f6kken\u00e9s<\/li>\n<\/ul>\n<p>Ha a vastagb\u00e9lr\u00e1k imm\u00e1r fokozott n\u00f6veked\u00e9snek indult \u00e9s nagy kiterjed\u00e9st \u00e9rt el, el is z\u00e1rhatja a b\u00e9l egy szakasz\u00e1t. A vastagb\u00e9lr\u00e1k t\u00fcnetek\u00e9nt ilyenkor er\u0151s hasf\u00e1j\u00e1s l\u00e9phet fel, m\u00e1s panaszokkal, p\u00e9ld\u00e1ul h\u00e1ny\u00e1ssal egy\u00fctt.<\/p>\n<p><strong>A v\u00e9gb\u00e9lr\u00e1k t\u00fcnetei<\/strong><\/p>\n<p>V\u00e9gb\u00e9l alatt a v\u00e9gb\u00e9lny\u00edl\u00e1st\u00f3l sz\u00e1m\u00edtott 15-20 centim\u00e9teres szakaszt, v\u00e9gb\u00e9lr\u00e1k alatt pedig az itt megjelen\u0151 rosszindulat\u00fa daganatot \u00e9rtj\u00fck. B\u00e1r a v\u00e9gb\u00e9lr\u00e1k t\u00fcnetei alapvet\u0151en hasonl\u00f3ak a vastagb\u00e9lr\u00e1k t\u00fcneteihez, ad\u00f3dhat n\u00e9h\u00e1ny k\u00fcl\u00f6nbs\u00e9g.<\/p>\n<p>A v\u00e9gb\u00e9lr\u00e1k &#8222;idegentest-\u00e9rz\u00e9st&#8221;, illetve folyamatosan jelenl\u00e9v\u0151 sz\u00e9kel\u00e9si ingert v\u00e1lthat ki. Ennek k\u00f6vetkezt\u00e9ben azonban \u00e1ltal\u00e1ban kor\u00e1bban fel is ismerik, mint a vastagb\u00e9lr\u00e1kot.<\/p>\n<p>A v\u00e9rz\u00e9s itt is jellemz\u0151 t\u00fcnet, de a vastagb\u00e9lr\u00e1kkal szemben &#8211; ahol a sz\u00e9kletv\u00e9r s\u00f6t\u00e9t, illetve feket\u00e9s sz\u00edn\u0171 &#8211; a v\u00e9gb\u00e9lr\u00e1kn\u00e1l ink\u00e1bb \u00e9l\u00e9nkpiros a v\u00e9r sz\u00edne.<\/p>\n<p>(Forr\u00e1s:daganatok.hu)<\/p>\n<p>&nbsp;<\/p>\n<p><strong><em>Sz\u0171r\u00e9ssel a vastag- \u00e9s v\u00e9gb\u00e9lr\u00e1k megel\u0151z\u00e9s\u00e9\u00e9rt<\/em><\/strong><\/p>\n<p>Az id\u0151ben elv\u00e9gzett vizsg\u00e1lat sok tov\u00e1bbi kellemetlens\u00e9get el\u0151zhet meg. A megfelel\u0151en, kor\u00e1n elkezdett kezel\u00e9s eredm\u00e9nyezhet sikeres gy\u00f3gyul\u00e1st, \u00e9s a vizsg\u00e1lat olyan elv\u00e1ltoz\u00e1st is felfedhet, ami csak a k\u00e9s\u0151bbiekben okozna probl\u00e9m\u00e1t.<\/p>\n<p>Az 50-70 \u00e9ves f\u00e9rfiak \u00e9s n\u0151k megh\u00edv\u00f3levelet kapnak az Orsz\u00e1gos Tisztiorvosi Hivatalt\u00f3l. A vizsg\u00e1lat f\u00e1jdalommentes \u00e9s t\u00e9r\u00edt\u00e9smentes.<\/p>\n<p>&nbsp;<\/p>\n<p><strong>A SARKADI KIST\u00c9RS\u00c9GI J\u00c1R\u00d3BETEG-SZAKELL\u00c1T\u00d3 MUNKAT\u00c1RSAINAK <em>\u00dcZENETE AZ \u00d6N SZ\u00c1M\u00c1RA:<\/em><\/strong><\/p>\n<p><strong><em>Ha h\u00edvj\u00e1k, menjen el sz\u0171r\u00e9sre!<\/em><\/strong><\/p>\n<p>&nbsp;<\/p>\n","protected":false},"excerpt":{"rendered":"<div class=\"entry-summary\">\n<div class=\"entry-summary\">\nA Sarkadi Kist\u00e9rs\u00e9gi J\u00e1r\u00f3beteg- Szakell\u00e1t\u00f3 K\u00f6zpont eg\u00e9szs\u00e9g\u00fcgyi dolgoz\u00f3i, valamint a Sarkadi Eg\u00e9szs\u00e9gfejleszt\u00e9si Iroda munkat\u00e1rsai t\u00e1j\u00e9koztat\u00f3 lev\u00e9lben sz\u00f3lnak a&hellip;\n<\/div>\n<div class=\"link-more\"><a href=\"http:\/\/szakrendelo-sarkad.hu\/efi\/2019\/03\/07\/marcius-a-vastag-es-vegbelrak-megelozes-honapja\/\" class=\"more-link\">Continue reading<span class=\"screen-reader-text\"> &ldquo;M\u00c1RCIUS A VASTAG- \u00c9S V\u00c9GB\u00c9LR\u00c1K MEGEL\u0150Z\u00c9S H\u00d3NAPJA!&rdquo;<\/span>&hellip;<\/a><\/div>\n<\/div>\n<div class=\"link-more\"><a href=\"http:\/\/szakrendelo-sarkad.hu\/efi\/2019\/03\/07\/marcius-a-vastag-es-vegbelrak-megelozes-honapja\/\" class=\"more-link\">Continue reading<span class=\"screen-reader-text\"> &ldquo;M\u00c1RCIUS A VASTAG- \u00c9S V\u00c9GB\u00c9LR\u00c1K MEGEL\u0150Z\u00c9S H\u00d3NAPJA!&rdquo;<\/span>&hellip;<\/a><\/div>\n","protected":false},"author":1,"featured_media":0,"comment_status":"closed","ping_status":"closed","sticky":false,"template":"","format":"standard","meta":{"ngg_post_thumbnail":0,"footnotes":""},"categories":[1],"tags":[],"class_list":["post-5114","post","type-post","status-publish","format-standard","hentry","category-egyeb","entry"],"_links":{"self":[{"href":"http:\/\/szakrendelo-sarkad.hu\/efi\/wp-json\/wp\/v2\/posts\/5114","targetHints":{"allow":["GET"]}}],"collection":[{"href":"http:\/\/szakrendelo-sarkad.hu\/efi\/wp-json\/wp\/v2\/posts"}],"about":[{"href":"http:\/\/szakrendelo-sarkad.hu\/efi\/wp-json\/wp\/v2\/types\/post"}],"author":[{"embeddable":true,"href":"http:\/\/szakrendelo-sarkad.hu\/efi\/wp-json\/wp\/v2\/users\/1"}],"replies":[{"embeddable":true,"href":"http:\/\/szakrendelo-sarkad.hu\/efi\/wp-json\/wp\/v2\/comments?post=5114"}],"version-history":[{"count":0,"href":"http:\/\/szakrendelo-sarkad.hu\/efi\/wp-json\/wp\/v2\/posts\/5114\/revisions"}],"wp:attachment":[{"href":"http:\/\/szakrendelo-sarkad.hu\/efi\/wp-json\/wp\/v2\/media?parent=5114"}],"wp:term":[{"taxonomy":"category","embeddable":true,"href":"http:\/\/szakrendelo-sarkad.hu\/efi\/wp-json\/wp\/v2\/categories?post=5114"},{"taxonomy":"post_tag","embeddable":true,"href":"http:\/\/szakrendelo-sarkad.hu\/efi\/wp-json\/wp\/v2\/tags?post=5114"}],"curies":[{"name":"wp","href":"https:\/\/api.w.org\/{rel}","templated":true}]}}