{"id":6356,"date":"2019-10-01T14:57:50","date_gmt":"2019-10-01T14:57:50","guid":{"rendered":"http:\/\/szakrendelo-sarkad.hu\/efi\/?p=6356"},"modified":"2019-10-01T14:58:27","modified_gmt":"2019-10-01T14:58:27","slug":"rozsaszin-oktober","status":"publish","type":"post","link":"http:\/\/szakrendelo-sarkad.hu\/efi\/2019\/10\/01\/rozsaszin-oktober\/","title":{"rendered":"R\u00d3ZSASZ\u00cdN OKT\u00d3BER"},"content":{"rendered":"<p><strong><img loading=\"lazy\" decoding=\"async\" class=\"aligncenter size-full wp-image-4133\" src=\"http:\/\/szakrendelo-sarkad.hu\/wp-content\/uploads\/2019\/10\/1.jpg\" alt=\"\" width=\"1024\" height=\"713\" \/><\/p>\n<p>Minden \u00e9v okt\u00f3bere a mellr\u00e1k elleni kamp\u00e1ny h\u00f3napja. A kamp\u00e1ny els\u0151 napj\u00e1n, okt\u00f3ber 1-j\u00e9n \u00fcnnepelj\u00fck a mellr\u00e1k elleni k\u00fczdelem vil\u00e1gnapj\u00e1t, melynek alkalm\u00e1b\u00f3l vil\u00e1gszerte n\u0151k milli\u00f3i h\u00edvj\u00e1k fel a figyelmet a betegs\u00e9gre. <\/strong><\/p>\n<p><strong>Tisztelt H\u00f6lgyem!<\/strong><\/p>\n<p>Engedje meg, hogy n\u00e9h\u00e1ny mondatban sz\u00f3ljunk \u00d6nh\u00f6z az eml\u0151sz\u0171r\u00e9s jelent\u0151s\u00e9g\u00e9r\u0151l.<\/p>\n<p>A mellr\u00e1k kialakul\u00e1sa<\/p>\n<p>Az eml\u0151 tumorok kialakul\u00e1s\u00e1nak pontos oka nem ismert, ellenben l\u00e9tezik sz\u00e1mos hajlamos\u00edt\u00f3 t\u00e9nyez\u0151, ami nagym\u00e9rt\u00e9kben megn\u00f6velheti a betegs\u00e9g kialakul\u00e1s\u00e1nak kock\u00e1zat\u00e1t.<\/p>\n<p>Melyek az elm\u0151r\u00e1k kialakul\u00e1s\u00e1nak kock\u00e1zati t\u00e9nyez\u0151i?<\/p>\n<ul>\n<li>Eg\u00e9szs\u00e9gtelen t\u00e1pl\u00e1lkoz\u00e1s<\/li>\n<li>T\u00falzott m\u00e9rt\u00e9k\u0171 h\u00fasfogyaszt\u00e1s<\/li>\n<li>T\u00fals\u00faly<\/li>\n<li>Mozg\u00e1sszeg\u00e9ny \u00e9letm\u00f3d<\/li>\n<li>Doh\u00e1nyz\u00e1s<\/li>\n<li>T\u00falzott alkoholfogyaszt\u00e1s<\/li>\n<li>Genetikai hajlam<\/li>\n<li><a href=\"https:\/\/medicover.hu\/hirlevel-cikkek\/noi-szuresek-fontossaga\/\">\u00d6nvizsg\u00e1lat<\/a>hi\u00e1nya<\/li>\n<li>Rendszeres sz\u0171r\u0151vizsg\u00e1lat (<a href=\"https:\/\/medicover.hu\/szakrendelesek\/mammografia\/\">mammogr\u00e1fia<\/a>, eml\u0151 uh) ker\u00fcl\u00e9se<\/li>\n<p>\n<\/ul>\n<p>Melyek a mellr\u00e1k t\u00fcnetei?<\/p>\n<p>A mellr\u00e1k, kezdeti st\u00e1dium\u00e1ban teljesen t\u00fcnetmentes \u00e9s a kisebb sz\u00f6veti elv\u00e1ltoz\u00e1sok m\u00e9g a tapint\u00e1sos,\u00a0<a href=\"https:\/\/medicover.hu\/hirlevel-cikkek\/noi-szuresek-fontossaga\/\">\u00f6nvizsg\u00e1lat<\/a>\u00a0sor\u00e1n sem fedezhet\u0151k fel. A\u00a0<a href=\"https:\/\/medicover.hu\/szakrendelesek\/mammografia\/\">mammogr\u00e1fi\u00e1s vizsg\u00e1lat<\/a>\u00a0 a jelenlegi leghat\u00e9konyabb sz\u0171r\u00e9si elj\u00e1r\u00e1s, melynek seg\u00edts\u00e9g\u00e9vel m\u00e1r a n\u00e9h\u00e1ny mm-es elv\u00e1ltoz\u00e1s is kimutathat\u00f3.<\/p>\n<p>Mikor javasolt azonnal orvoshoz fordulni?<\/p>\n<ul>\n<li>Csom\u00f3 tapinthat\u00f3 a mellben vagy a h\u00f3naljban<\/li>\n<li>T\u00fals\u00e1gosan megduzzadt, kem\u00e9ny mell<\/li>\n<li>Viszket\u0151, kipirosodott, v\u00e1lad\u00e9koz\u00f3 eml\u0151bimb\u00f3<\/li>\n<li>Az eml\u0151 rendellenes alakja<\/li>\n<p>\n<\/ul>\n<p>Mit tehet\u00fcnk az eml\u0151daganat kialakul\u00e1sa ellen?<\/p>\n<ul>\n<li>Eg\u00e9szs\u00e9ges, kiegyens\u00falyozott \u00e9trend<\/li>\n<li>Rendszeres testmozg\u00e1s<\/li>\n<li>Doh\u00e1nyz\u00e1s, illetve t\u00falzott alkoholfogyaszt\u00e1s mell\u0151z\u00e9se<\/li>\n<p>\n<\/ul>\n<p>seg\u00edthet nagym\u00e9rt\u00e9kben cs\u00f6kkenteni a betegs\u00e9g kialakul\u00e1s\u00e1nak kock\u00e1zat\u00e1t, m\u00e9g abban az esetben is, ha fenn\u00e1ll a genetikai hajlam.<\/p>\n<p>A mellr\u00e1k elleni k\u00fczdelem \u00e9s megel\u0151z\u00e9s elengedhetetlen r\u00e9sze a\u00a0<a href=\"https:\/\/medicover.hu\/hirlevel-cikkek\/noi-szuresek-fontossaga\/\">rendszeres \u00f6nvizsg\u00e1lat<\/a>\u00a0\u00e9s 40 \u00e9ves kor felett legal\u00e1bb k\u00e9t \u00e9venk\u00e9nt megism\u00e9telt\u00a0<a href=\"https:\/\/medicover.hu\/szakrendelesek\/mammografia\/\">mammogr\u00e1fi\u00e1s vizsg\u00e1lat<\/a>, mely hozz\u00e1j\u00e1rul a betegs\u00e9g id\u0151beni felismer\u00e9s\u00e9hez. A mellr\u00e1k korai st\u00e1dium\u00e1ban m\u00e9g teljes sikerrel gy\u00f3gy\u00edthat\u00f3.<\/p>\n<p><strong>A szervezett \u00e9s aj\u00e1nlott sz\u0171r\u00e9seken val\u00f3 r\u00e9szv\u00e9tel ingyenes \u00e9s \u00e9letet menthet! <\/strong><\/p>\n<p><strong>K\u00e9rem, tegyen \u00d6n is az eg\u00e9szs\u00e9g\u00e9\u00e9rt, vegyen r\u00e9szt az ingyenes sz\u0171r\u00e9seken \u00d6nmag\u00e1\u00e9rt, csal\u00e1dj\u00e1\u00e9rt! <\/strong><\/p>\n<p><strong>\u00a0<\/strong><\/p>\n<p>Sarkadi Eg\u00e9szs\u00e9gfejleszt\u00e9si Iroda<br \/>\nmunkat\u00e1rsai<\/p>\n","protected":false},"excerpt":{"rendered":"<div class=\"entry-summary\">\n<div class=\"entry-summary\">\nMinden \u00e9v okt\u00f3bere a mellr\u00e1k elleni kamp\u00e1ny h\u00f3napja. A kamp\u00e1ny els\u0151 napj\u00e1n, okt\u00f3ber 1-j\u00e9n \u00fcnnepelj\u00fck a mellr\u00e1k elleni&hellip;\n<\/div>\n<div class=\"link-more\"><a href=\"http:\/\/szakrendelo-sarkad.hu\/efi\/2019\/10\/01\/rozsaszin-oktober\/\" class=\"more-link\">Continue reading<span class=\"screen-reader-text\"> &ldquo;R\u00d3ZSASZ\u00cdN OKT\u00d3BER&rdquo;<\/span>&hellip;<\/a><\/div>\n<\/div>\n<div class=\"link-more\"><a href=\"http:\/\/szakrendelo-sarkad.hu\/efi\/2019\/10\/01\/rozsaszin-oktober\/\" class=\"more-link\">Continue reading<span class=\"screen-reader-text\"> &ldquo;R\u00d3ZSASZ\u00cdN OKT\u00d3BER&rdquo;<\/span>&hellip;<\/a><\/div>\n","protected":false},"author":1,"featured_media":6357,"comment_status":"closed","ping_status":"closed","sticky":false,"template":"","format":"standard","meta":{"ngg_post_thumbnail":0,"footnotes":""},"categories":[1],"tags":[],"class_list":["post-6356","post","type-post","status-publish","format-standard","has-post-thumbnail","hentry","category-egyeb","entry"],"_links":{"self":[{"href":"http:\/\/szakrendelo-sarkad.hu\/efi\/wp-json\/wp\/v2\/posts\/6356","targetHints":{"allow":["GET"]}}],"collection":[{"href":"http:\/\/szakrendelo-sarkad.hu\/efi\/wp-json\/wp\/v2\/posts"}],"about":[{"href":"http:\/\/szakrendelo-sarkad.hu\/efi\/wp-json\/wp\/v2\/types\/post"}],"author":[{"embeddable":true,"href":"http:\/\/szakrendelo-sarkad.hu\/efi\/wp-json\/wp\/v2\/users\/1"}],"replies":[{"embeddable":true,"href":"http:\/\/szakrendelo-sarkad.hu\/efi\/wp-json\/wp\/v2\/comments?post=6356"}],"version-history":[{"count":1,"href":"http:\/\/szakrendelo-sarkad.hu\/efi\/wp-json\/wp\/v2\/posts\/6356\/revisions"}],"predecessor-version":[{"id":6358,"href":"http:\/\/szakrendelo-sarkad.hu\/efi\/wp-json\/wp\/v2\/posts\/6356\/revisions\/6358"}],"wp:featuredmedia":[{"embeddable":true,"href":"http:\/\/szakrendelo-sarkad.hu\/efi\/wp-json\/wp\/v2\/media\/6357"}],"wp:attachment":[{"href":"http:\/\/szakrendelo-sarkad.hu\/efi\/wp-json\/wp\/v2\/media?parent=6356"}],"wp:term":[{"taxonomy":"category","embeddable":true,"href":"http:\/\/szakrendelo-sarkad.hu\/efi\/wp-json\/wp\/v2\/categories?post=6356"},{"taxonomy":"post_tag","embeddable":true,"href":"http:\/\/szakrendelo-sarkad.hu\/efi\/wp-json\/wp\/v2\/tags?post=6356"}],"curies":[{"name":"wp","href":"https:\/\/api.w.org\/{rel}","templated":true}]}}