{"id":6488,"date":"2019-11-18T10:05:13","date_gmt":"2019-11-18T10:05:13","guid":{"rendered":"http:\/\/szakrendelo-sarkad.hu\/efi\/?p=6488"},"modified":"2019-11-18T10:05:13","modified_gmt":"2019-11-18T10:05:13","slug":"miert-lesz-a-movember-hazai-mozgalmabol-mentsmanust-mozgalom","status":"publish","type":"post","link":"http:\/\/szakrendelo-sarkad.hu\/efi\/2019\/11\/18\/miert-lesz-a-movember-hazai-mozgalmabol-mentsmanust-mozgalom\/","title":{"rendered":"Mi\u00e9rt lesz a Movember hazai mozgalm\u00e1b\u00f3l MentsManust Mozgalom?"},"content":{"rendered":"<p><strong>Mi\u00e9rt lesz a Movember hazai mozgalm\u00e1b\u00f3l MentsManust Mozgalom?<\/strong><\/p>\n<p>A Movember mozgalom meghonos\u00edt\u00f3ik\u00e9nt kilenc \u00e9ve dolgozunk az\u00e9rt, hogy felh\u00edvjuk a magyar f\u00e9rfiak figyelm\u00e9t a sz\u0171r\u0151vizsg\u00e1latok \u2013&nbsp; els\u0151sorban a 40 \u00e9v felett szinte k\u00f6telez\u0151en aj\u00e1nlott prosztatavizsg\u00e1lat \u2013 fontoss\u00e1g\u00e1ra. Az elm\u00falt \u00e9vek siker\u00e9nek k\u00f6nyvelhet\u0151 el, hogy a magyar Movember kamp\u00e1ny az orsz\u00e1g egyik legismertebb prevenci\u00f3s kamp\u00e1ny\u00e1v\u00e1 n\u0151tte ki mag\u00e1t. A hat\u00e9kony kommunik\u00e1ci\u00f3 eredm\u00e9nye az urol\u00f3gus szakemberek szerint is \u00e9rezhet\u0151. Novemberben sokkal t\u00f6bb f\u00e9rfi keresi fel a rendel\u0151ket mint az \u00e9v t\u00f6bbi r\u00e9sz\u00e9ben.<\/p>\n<p>Azonban nem el\u00e9g csak egyetlen h\u00f3nap erej\u00e9ig gondolni az eg\u00e9szs\u00e9g\u00fcnkre! Id\u00e9n \u00fagy d\u00f6nt\u00f6tt\u00fck, hogy a novemberi prosztatar\u00e1k elleni prevenci\u00f3s kamp\u00e1nyon t\u00fal&nbsp;<strong>eg\u00e9sz \u00e9ves aktivit\u00e1st \u00e9p\u00edt\u00fcnk fel, amely a f\u00e9rfiakat sz\u00f3l\u00edtja meg \u2013&nbsp;<\/strong>hogy nagyobb hat\u00e1st tudjunk gyakorolni a magyar f\u00e9rfiak korai hal\u00e1loz\u00e1si ar\u00e1ny\u00e1nak jav\u00edt\u00e1s\u00e1ra \u00e9s rossz eg\u00e9szs\u00e9g\u00fcgyi kond\u00edci\u00f3juk jav\u00edt\u00e1s\u00e1ra.<\/p>\n<p><strong>MENTSMANUST \u2013&nbsp; az orsz\u00e1g legnagyobb mozgalma a f\u00e9rfiak eg\u00e9szs\u00e9g\u00e9\u00e9rt<\/strong><\/p>\n<p>Csapatunk a<strong>&nbsp;Movember nemzetk\u00f6zi mozgalm\u00e1nak elismert t\u00e1mogat\u00f3ja,&nbsp;<\/strong>\u00edgy novemberben tov\u00e1bbra is a Movember\u00e9rt, vagyis a prosztatar\u00e1k megbeteged\u00e9s megel\u0151z\u00e9s\u00e9\u00e9rt kamp\u00e1nyolunk. <em>\/ htttps:\/\/www.mentsmanust.hu \/<\/em><\/p>\n","protected":false},"excerpt":{"rendered":"<div class=\"entry-summary\">\n<div class=\"entry-summary\">\nMi\u00e9rt lesz a Movember hazai mozgalm\u00e1b\u00f3l MentsManust Mozgalom? A Movember mozgalom meghonos\u00edt\u00f3ik\u00e9nt kilenc \u00e9ve dolgozunk az\u00e9rt, hogy felh\u00edvjuk&hellip;\n<\/div>\n<div class=\"link-more\"><a href=\"http:\/\/szakrendelo-sarkad.hu\/efi\/2019\/11\/18\/miert-lesz-a-movember-hazai-mozgalmabol-mentsmanust-mozgalom\/\" class=\"more-link\">Continue reading<span class=\"screen-reader-text\"> &ldquo;Mi\u00e9rt lesz a Movember hazai mozgalm\u00e1b\u00f3l MentsManust Mozgalom?&rdquo;<\/span>&hellip;<\/a><\/div>\n<\/div>\n<div class=\"link-more\"><a href=\"http:\/\/szakrendelo-sarkad.hu\/efi\/2019\/11\/18\/miert-lesz-a-movember-hazai-mozgalmabol-mentsmanust-mozgalom\/\" class=\"more-link\">Continue reading<span class=\"screen-reader-text\"> &ldquo;Mi\u00e9rt lesz a Movember hazai mozgalm\u00e1b\u00f3l MentsManust Mozgalom?&rdquo;<\/span>&hellip;<\/a><\/div>\n","protected":false},"author":1,"featured_media":6489,"comment_status":"closed","ping_status":"closed","sticky":false,"template":"","format":"standard","meta":{"ngg_post_thumbnail":0,"footnotes":""},"categories":[1],"tags":[],"class_list":["post-6488","post","type-post","status-publish","format-standard","has-post-thumbnail","hentry","category-egyeb","entry"],"_links":{"self":[{"href":"http:\/\/szakrendelo-sarkad.hu\/efi\/wp-json\/wp\/v2\/posts\/6488","targetHints":{"allow":["GET"]}}],"collection":[{"href":"http:\/\/szakrendelo-sarkad.hu\/efi\/wp-json\/wp\/v2\/posts"}],"about":[{"href":"http:\/\/szakrendelo-sarkad.hu\/efi\/wp-json\/wp\/v2\/types\/post"}],"author":[{"embeddable":true,"href":"http:\/\/szakrendelo-sarkad.hu\/efi\/wp-json\/wp\/v2\/users\/1"}],"replies":[{"embeddable":true,"href":"http:\/\/szakrendelo-sarkad.hu\/efi\/wp-json\/wp\/v2\/comments?post=6488"}],"version-history":[{"count":1,"href":"http:\/\/szakrendelo-sarkad.hu\/efi\/wp-json\/wp\/v2\/posts\/6488\/revisions"}],"predecessor-version":[{"id":6490,"href":"http:\/\/szakrendelo-sarkad.hu\/efi\/wp-json\/wp\/v2\/posts\/6488\/revisions\/6490"}],"wp:featuredmedia":[{"embeddable":true,"href":"http:\/\/szakrendelo-sarkad.hu\/efi\/wp-json\/wp\/v2\/media\/6489"}],"wp:attachment":[{"href":"http:\/\/szakrendelo-sarkad.hu\/efi\/wp-json\/wp\/v2\/media?parent=6488"}],"wp:term":[{"taxonomy":"category","embeddable":true,"href":"http:\/\/szakrendelo-sarkad.hu\/efi\/wp-json\/wp\/v2\/categories?post=6488"},{"taxonomy":"post_tag","embeddable":true,"href":"http:\/\/szakrendelo-sarkad.hu\/efi\/wp-json\/wp\/v2\/tags?post=6488"}],"curies":[{"name":"wp","href":"https:\/\/api.w.org\/{rel}","templated":true}]}}