{"id":6525,"date":"2020-01-24T15:18:52","date_gmt":"2020-01-24T15:18:52","guid":{"rendered":"http:\/\/szakrendelo-sarkad.hu\/efi\/?p=6525"},"modified":"2020-01-24T15:18:52","modified_gmt":"2020-01-24T15:18:52","slug":"europai-mehnyakrak-megelozesi-kampany","status":"publish","type":"post","link":"http:\/\/szakrendelo-sarkad.hu\/efi\/2020\/01\/24\/europai-mehnyakrak-megelozesi-kampany\/","title":{"rendered":"EUR\u00d3PAI M\u00c9HNYAKR\u00c1K MEGEL\u0150Z\u00c9SI KAMP\u00c1NY"},"content":{"rendered":"<p>A Sarkadi Kist\u00e9rs\u00e9gi J\u00e1r\u00f3beteg-Szakell\u00e1t\u00f3 K\u00f6zpont \u00e9s a Sarkadi Eg\u00e9szs\u00e9gfejleszt\u00e9si Iroda munkat\u00e1rsai m\u00e1lyvavir\u00e1g visel\u00e9s\u00e9vel csatlakoznak az Eur\u00f3pai M\u00e9hnyakr\u00e1k Megel\u0151z\u00e9s kamp\u00e1nyhoz. 2020. janu\u00e1r 27- 2020. janu\u00e1r 31. k\u00f6z\u00f6tti id\u0151szakban az int\u00e9zm\u00e9nybe m\u00e9hnyak sz\u0171r\u00e9sre jelentkez\u0151 h\u00f6lgyek m\u00e1lyvasz\u00edn\u0171 kark\u00f6t\u0151t \u00e9s egy kedves \u00fczenetet kapnak aj\u00e1nd\u00e9kba a n\u0151gy\u00f3gy\u00e1szati szakrendel\u00e9s szakasszisztenseit\u0151l.<\/p>\n<p><strong>Szeretn\u00e9nk a m\u00e9hnyakr\u00e1kr\u00f3l n\u00e9h\u00e1ny hasznos inform\u00e1ci\u00f3t megosztani \u00d6nnel, hogy minden fontos tudnival\u00f3t tudjon r\u00f3la.<\/strong><\/p>\n<p><strong>Rem\u00e9lj\u00fck, ezut\u00e1n \u00d6n is jobban odafigyel mag\u00e1ra!<\/strong><\/p>\n<ul>\n<li>A vil\u00e1gunkban, az \u00e9let\u00fcnkben jelen van ez a v\u00edrus- HPV. Itt van k\u00f6z\u00f6tt\u00fcnk! Els\u0151sorban a l\u00e1nyokat, n\u0151ket vesz\u00e9lyezteti, mert ez a v\u00edrus, ha tart\u00f3san bent marad a szervezet\u00fcnkben, ak\u00e1r 5-10 \u00e9v alatt m\u00e9hnyakr\u00e1kot okozhat.<\/li>\n<li>Ezt a v\u00edrust Hum\u00e1n Papilloma V\u00edrusnak nevezz\u00fck. HPV16, HPV18- ez a k\u00e9t t\u00edpus a felel\u0151s a m\u00e9hnyakr\u00e1k megbeteged\u00e9sek 80%-\u00e1\u00e9rt.<\/li>\n<li>A HPV leggyakrabban szexu\u00e1lis \u00faton terjed.<\/li>\n<li>\u00c9let\u00fcnk sor\u00e1n t\u00f6bbsz\u00f6r is megfert\u0151z\u0151dhet\u00fcnk HPV-vel. A fiatal l\u00e1nyok, n\u0151k kb. 80%-a fert\u0151z\u0151dik meg legal\u00e1bb egyszer.<\/li>\n<li>Hogyan der\u00fclhet ki ez az elv\u00e1ltoz\u00e1s?<\/li>\n<\/ul>\n<p>Citol\u00f3giai vizsg\u00e1lattal (Papanicolau teszt), \u00e9vente 1 alkalommal,<\/p>\n<p>Kolposzk\u00f3pos vizsg\u00e1lattal (Rutin n\u0151gy\u00f3gy\u00e1szati vizsg\u00e1latok)<\/p>\n<ul>\n<li>A m\u00e9hnyakr\u00e1k\/HPV fert\u0151z\u00e9s megel\u0151z\u00e9se:<\/li>\n<\/ul>\n<p>Rendszeres n\u0151gy\u00f3gy\u00e1szati vizsg\u00e1latok, sz\u0171r\u00e9sek,<\/p>\n<p>V\u00e9d\u0151olt\u00e1s<\/p>\n<ul>\n<li>Rendszeres m\u00e9hnyakr\u00e1k sz\u0171r\u00e9s javasolt:<\/li>\n<\/ul>\n<p>21 \u00e9ves kort\u00f3l vagy,<\/p>\n<p>A szexu\u00e1lis \u00e9let megkezd\u00e9s\u00e9t\u0151l.<\/p>\n<p>Ne feledje!<\/p>\n<p>EZ A DAGANAT\/ELV\u00c1LTOZ\u00c1S NEMCSAK KOR\u00c1N FELISMERHET\u0150, HANEM MEG IS EL\u0150ZHET\u0150K!<\/p>\n<p>K\u00e9rj\u00fck gondolja \u00e1t, figyeljen oda eg\u00e9szs\u00e9g\u00e9re!<\/p>\n<p>Legyen tudat\u00e1ban azzal, hogy ez a betegs\u00e9g l\u00e9tezik, mit jelent val\u00f3j\u00e1ban, hogy meg lehet el\u0151zni!<\/p>\n<p style=\"text-align: right;\">Sarkadi Kist\u00e9rs\u00e9gi J\u00e1r\u00f3beteg-Szakell\u00e1t\u00f3 K\u00f6zpont<br \/>\nSarkadi Eg\u00e9szs\u00e9gfejleszt\u00e9si Iroda<\/p>\n<p><iframe loading=\"lazy\" src=\"https:\/\/www.youtube.com\/embed\/IWiv4tXyjqM?controls=0\" width=\"100%\" height=\"315\" frameborder=\"0\" allowfullscreen=\"allowfullscreen\"><span data-mce-type=\"bookmark\" style=\"display: inline-block; width: 0px; overflow: hidden; line-height: 0;\" class=\"mce_SELRES_start\">\ufeff<\/span><span data-mce-type=\"bookmark\" style=\"display: inline-block; width: 0px; overflow: hidden; line-height: 0;\" class=\"mce_SELRES_start\">\ufeff<\/span><\/iframe><\/p>\n","protected":false},"excerpt":{"rendered":"<div class=\"entry-summary\">\n<div class=\"entry-summary\">\nA Sarkadi Kist\u00e9rs\u00e9gi J\u00e1r\u00f3beteg-Szakell\u00e1t\u00f3 K\u00f6zpont \u00e9s a Sarkadi Eg\u00e9szs\u00e9gfejleszt\u00e9si Iroda munkat\u00e1rsai m\u00e1lyvavir\u00e1g visel\u00e9s\u00e9vel csatlakoznak az Eur\u00f3pai M\u00e9hnyakr\u00e1k Megel\u0151z\u00e9s&hellip;\n<\/div>\n<div class=\"link-more\"><a href=\"http:\/\/szakrendelo-sarkad.hu\/efi\/2020\/01\/24\/europai-mehnyakrak-megelozesi-kampany\/\" class=\"more-link\">Continue reading<span class=\"screen-reader-text\"> &ldquo;EUR\u00d3PAI M\u00c9HNYAKR\u00c1K MEGEL\u0150Z\u00c9SI KAMP\u00c1NY&rdquo;<\/span>&hellip;<\/a><\/div>\n<\/div>\n<div class=\"link-more\"><a href=\"http:\/\/szakrendelo-sarkad.hu\/efi\/2020\/01\/24\/europai-mehnyakrak-megelozesi-kampany\/\" class=\"more-link\">Continue reading<span class=\"screen-reader-text\"> &ldquo;EUR\u00d3PAI M\u00c9HNYAKR\u00c1K MEGEL\u0150Z\u00c9SI KAMP\u00c1NY&rdquo;<\/span>&hellip;<\/a><\/div>\n","protected":false},"author":1,"featured_media":6526,"comment_status":"closed","ping_status":"closed","sticky":false,"template":"","format":"standard","meta":{"ngg_post_thumbnail":0,"footnotes":""},"categories":[1],"tags":[],"class_list":["post-6525","post","type-post","status-publish","format-standard","has-post-thumbnail","hentry","category-egyeb","entry"],"_links":{"self":[{"href":"http:\/\/szakrendelo-sarkad.hu\/efi\/wp-json\/wp\/v2\/posts\/6525","targetHints":{"allow":["GET"]}}],"collection":[{"href":"http:\/\/szakrendelo-sarkad.hu\/efi\/wp-json\/wp\/v2\/posts"}],"about":[{"href":"http:\/\/szakrendelo-sarkad.hu\/efi\/wp-json\/wp\/v2\/types\/post"}],"author":[{"embeddable":true,"href":"http:\/\/szakrendelo-sarkad.hu\/efi\/wp-json\/wp\/v2\/users\/1"}],"replies":[{"embeddable":true,"href":"http:\/\/szakrendelo-sarkad.hu\/efi\/wp-json\/wp\/v2\/comments?post=6525"}],"version-history":[{"count":1,"href":"http:\/\/szakrendelo-sarkad.hu\/efi\/wp-json\/wp\/v2\/posts\/6525\/revisions"}],"predecessor-version":[{"id":6527,"href":"http:\/\/szakrendelo-sarkad.hu\/efi\/wp-json\/wp\/v2\/posts\/6525\/revisions\/6527"}],"wp:featuredmedia":[{"embeddable":true,"href":"http:\/\/szakrendelo-sarkad.hu\/efi\/wp-json\/wp\/v2\/media\/6526"}],"wp:attachment":[{"href":"http:\/\/szakrendelo-sarkad.hu\/efi\/wp-json\/wp\/v2\/media?parent=6525"}],"wp:term":[{"taxonomy":"category","embeddable":true,"href":"http:\/\/szakrendelo-sarkad.hu\/efi\/wp-json\/wp\/v2\/categories?post=6525"},{"taxonomy":"post_tag","embeddable":true,"href":"http:\/\/szakrendelo-sarkad.hu\/efi\/wp-json\/wp\/v2\/tags?post=6525"}],"curies":[{"name":"wp","href":"https:\/\/api.w.org\/{rel}","templated":true}]}}