{"id":6817,"date":"2020-05-15T14:52:34","date_gmt":"2020-05-15T14:52:34","guid":{"rendered":"http:\/\/szakrendelo-sarkad.hu\/efi\/?p=6817"},"modified":"2020-05-15T14:52:34","modified_gmt":"2020-05-15T14:52:34","slug":"a-csalad-nemzetkozi-napja-majus-15","status":"publish","type":"post","link":"http:\/\/szakrendelo-sarkad.hu\/efi\/2020\/05\/15\/a-csalad-nemzetkozi-napja-majus-15\/","title":{"rendered":"A Csal\u00e1d Nemzetk\u00f6zi Napja | M\u00e1jus 15."},"content":{"rendered":"<blockquote>\n<p style=\"text-align: right;\"><strong><em>A csal\u00e1d is\u2026olyan valami az \u00e9letben<\/em><\/strong><\/p>\n<p style=\"text-align: right;\"><strong><em>ami becses\u2026olaj az \u00e9let l\u00e1mp\u00e1s\u00e1ban.<\/em><\/strong><\/p>\n<p style=\"text-align: right;\"><strong><em>(G\u00e1rdonyi G\u00e9za)<\/em><\/strong><\/p>\n<\/blockquote>\n<p style=\"text-align: center;\"><strong>A Csal\u00e1d Nemzetk\u00f6zi Napja<\/strong><\/p>\n<p><strong>M\u00e1jus minden esztend\u0151ben a csal\u00e1dok h\u00f3napja. Kezd\u0151dik az Any\u00e1k napj\u00e1val \u00e9s z\u00e1r\u00f3dik a Gyermeknappal. A k\u00e9t csod\u00e1latos \u00fcnnep m\u00e9rtani k\u00f6zep\u00e9be pedig be\u00e9kel\u0151dik a Csal\u00e1d Nemzetk\u00f6zi Napja, melyet az ENSZ kezdem\u00e9nyez\u00e9s\u00e9re m\u00e1jus 15-\u00e9n tartunk. <\/strong><\/p>\n<p style=\"text-align: center;\"><strong><em>\u00c1ldott a kis csal\u00e1di f\u00e9szek,<\/em><\/strong><strong><em><br \/>\nHol anya gondja meleg\u00edt,<br \/>\nHov\u00e1 b\u00fcnb\u00e1nva visszat\u00e9rhet<br \/>\nA t\u00e9kozl\u00f3 fi\u00fa megint.<br \/>\nHol a viharcsapkodta l\u00e9lek<br \/>\nS a szilaj, \u00e1tkos szenved\u00e9lyek<br \/>\nEgy h\u0171 sziven megnyugszanak&#8230;<br \/>\nCsal\u00e1di f\u00e9szek, \u00e1ldalak!&#8230;<\/em><\/strong><\/p>\n<p><strong><em>&nbsp;&nbsp;&nbsp;&nbsp;&nbsp;&nbsp;&nbsp;&nbsp;&nbsp;&nbsp;&nbsp;&nbsp;&nbsp;&nbsp;&nbsp;&nbsp;&nbsp;&nbsp;&nbsp;&nbsp;&nbsp;&nbsp;&nbsp;&nbsp;&nbsp;&nbsp;&nbsp;&nbsp;&nbsp;&nbsp;&nbsp;&nbsp;&nbsp;&nbsp;&nbsp;&nbsp;&nbsp;&nbsp;&nbsp;&nbsp;&nbsp;&nbsp;&nbsp;&nbsp;&nbsp;&nbsp;&nbsp;&nbsp;&nbsp;&nbsp;&nbsp;&nbsp;&nbsp;&nbsp;&nbsp;&nbsp;&nbsp;&nbsp;&nbsp;&nbsp;&nbsp;&nbsp;&nbsp;&nbsp;&nbsp;&nbsp;&nbsp;&nbsp;&nbsp;&nbsp;&nbsp; (Reviczki Gyula: Csal\u00e1di f\u00e9szek r\u00e9szlet)<\/em><\/strong><\/p>\n<p><strong>Mir\u0151l sz\u00f3l a csal\u00e1d? <\/strong><\/p>\n<p>A csal\u00e1d a \u201ct\u00e1rsadalom legfontosabb int\u00e9zm\u00e9nye\u201d.&nbsp;Vajon mi\u00e9rt?<\/p>\n<p>&nbsp;Sokat mondj\u00e1k azt is, hogy \u201cMinden ott d\u0151l el.\u201d Nem azt jelenti, hogy az a meghat\u00e1roz\u00f3, hogy ki milyen csal\u00e1db\u00f3l sz\u00e1rmazik, mit \u00f6r\u00f6k\u00f6l. Hanem sokkal ink\u00e1bb az, hogy&nbsp;milyen gyermekkorban volt r\u00e9sze, hogy mir\u0151l sz\u00f3l neki a csal\u00e1d.<\/p>\n<p>A csal\u00e1d modellezi a gyermek sz\u00e1m\u00e1ra a t\u00e1rsadalmat. Ott tanuljuk meg legfontosabb k\u00e9szs\u00e9geinket. A baba any\u00e1hoz f\u0171z\u0151d\u0151 viszonya lesz az alapja minden tov\u00e1bbi, k\u00e9s\u0151bbi kapcsolat\u00e1nak. Ez\u00e9rt&nbsp;fontos, hogy az felt\u00e9tel n\u00e9lk\u00fcli elfogad\u00e1son \u00e9s szereteten alapuljon. Az anya, vagy az apa szeretet\u00e9t nem kell a gyereknek ki\u00e9rdemelnie, az akkor is van, ha \u00e9ppen rosszat csin\u00e1lt.&nbsp;Fontos, hogy sz\u00fcl\u0151k\u00e9nt k\u00fcl\u00f6n tudjuk v\u00e1lasztani a tettek k\u00f6vetkezm\u00e9ny\u00e9t az azzal kapcsolatos \u00e9rzelmeinkt\u0151l.&nbsp;Att\u00f3l nem szeretj\u00fck kev\u00e9sb\u00e9 a gyereket, mert nem fogadott sz\u00f3t.&nbsp;De tett\u00e9nek legyen k\u00f6vetkezm\u00e9nye, amit maga is tudott el\u0151re, \u00edgy tette a saj\u00e1t v\u00e1laszt\u00e1sa.<\/p>\n<p>A csal\u00e1dban tanulunk meg alapvet\u0151 viselked\u00e9si norm\u00e1kat, \u00e9rt\u00e9keket. Ez\u00e9rt olyan&nbsp;fontos, hogy a csal\u00e1dban m\u0171k\u00f6djenek bizonyos nevel\u00e9si alapelvek, legyen egy szab\u00e1lyrendszer, amihez viszonyulni kell.&nbsp;Vil\u00e1gosak legyenek a k\u00f6vetkezm\u00e9nyek \u00e9s soha ne inogjon meg a sz\u00fcl\u0151kbe vetett bizalom, a sz\u00fcl\u0151k felt\u00e9tel n\u00e9lk\u00fcli szeretete.&nbsp;<\/p>\n<p>A szereteten t\u00fal az elfogad\u00e1s, egym\u00e1s felt\u00e9tlen t\u00e1mogat\u00e1sa ugyanolyan fontos csal\u00e1di alapelv.&nbsp; Az elfogad\u00f3, meleg, szeretetteli l\u00e9gk\u00f6r mellett a j\u00e1t\u00e9koss\u00e1g, a j\u00f3kedv, a humor is alapvet\u0151 \u00e9rt\u00e9ke a csal\u00e1dnak.&nbsp;&nbsp;<\/p>\n<p>A csal\u00e1d val\u00f3j\u00e1ban egy olyan remekm\u0171, ami\u00e9rt \u00e9rdemes \u00e9lni, dolgozni.<\/p>\n<p>&nbsp;<\/p>\n<p><strong>Isten \u00e1ldja \u00e9s \u00e9ltesse a csal\u00e1dokat!<\/strong><\/p>\n","protected":false},"excerpt":{"rendered":"<div class=\"entry-summary\">\n<div class=\"entry-summary\">\nA csal\u00e1d is\u2026olyan valami az \u00e9letben ami becses\u2026olaj az \u00e9let l\u00e1mp\u00e1s\u00e1ban. (G\u00e1rdonyi G\u00e9za) A Csal\u00e1d Nemzetk\u00f6zi Napja M\u00e1jus&hellip;\n<\/div>\n<div class=\"link-more\"><a href=\"http:\/\/szakrendelo-sarkad.hu\/efi\/2020\/05\/15\/a-csalad-nemzetkozi-napja-majus-15\/\" class=\"more-link\">Continue reading<span class=\"screen-reader-text\"> &ldquo;A Csal\u00e1d Nemzetk\u00f6zi Napja | M\u00e1jus 15.&rdquo;<\/span>&hellip;<\/a><\/div>\n<\/div>\n<div class=\"link-more\"><a href=\"http:\/\/szakrendelo-sarkad.hu\/efi\/2020\/05\/15\/a-csalad-nemzetkozi-napja-majus-15\/\" class=\"more-link\">Continue reading<span class=\"screen-reader-text\"> &ldquo;A Csal\u00e1d Nemzetk\u00f6zi Napja | M\u00e1jus 15.&rdquo;<\/span>&hellip;<\/a><\/div>\n","protected":false},"author":1,"featured_media":6818,"comment_status":"closed","ping_status":"closed","sticky":false,"template":"","format":"standard","meta":{"ngg_post_thumbnail":0,"footnotes":""},"categories":[1],"tags":[],"class_list":["post-6817","post","type-post","status-publish","format-standard","has-post-thumbnail","hentry","category-egyeb","entry"],"_links":{"self":[{"href":"http:\/\/szakrendelo-sarkad.hu\/efi\/wp-json\/wp\/v2\/posts\/6817","targetHints":{"allow":["GET"]}}],"collection":[{"href":"http:\/\/szakrendelo-sarkad.hu\/efi\/wp-json\/wp\/v2\/posts"}],"about":[{"href":"http:\/\/szakrendelo-sarkad.hu\/efi\/wp-json\/wp\/v2\/types\/post"}],"author":[{"embeddable":true,"href":"http:\/\/szakrendelo-sarkad.hu\/efi\/wp-json\/wp\/v2\/users\/1"}],"replies":[{"embeddable":true,"href":"http:\/\/szakrendelo-sarkad.hu\/efi\/wp-json\/wp\/v2\/comments?post=6817"}],"version-history":[{"count":1,"href":"http:\/\/szakrendelo-sarkad.hu\/efi\/wp-json\/wp\/v2\/posts\/6817\/revisions"}],"predecessor-version":[{"id":6819,"href":"http:\/\/szakrendelo-sarkad.hu\/efi\/wp-json\/wp\/v2\/posts\/6817\/revisions\/6819"}],"wp:featuredmedia":[{"embeddable":true,"href":"http:\/\/szakrendelo-sarkad.hu\/efi\/wp-json\/wp\/v2\/media\/6818"}],"wp:attachment":[{"href":"http:\/\/szakrendelo-sarkad.hu\/efi\/wp-json\/wp\/v2\/media?parent=6817"}],"wp:term":[{"taxonomy":"category","embeddable":true,"href":"http:\/\/szakrendelo-sarkad.hu\/efi\/wp-json\/wp\/v2\/categories?post=6817"},{"taxonomy":"post_tag","embeddable":true,"href":"http:\/\/szakrendelo-sarkad.hu\/efi\/wp-json\/wp\/v2\/tags?post=6817"}],"curies":[{"name":"wp","href":"https:\/\/api.w.org\/{rel}","templated":true}]}}