{"id":6829,"date":"2020-05-27T16:00:43","date_gmt":"2020-05-27T16:00:43","guid":{"rendered":"http:\/\/szakrendelo-sarkad.hu\/efi\/?p=6829"},"modified":"2020-05-27T16:07:32","modified_gmt":"2020-05-27T16:07:32","slug":"nemdohanyzok-vilagnapja-majus-31","status":"publish","type":"post","link":"http:\/\/szakrendelo-sarkad.hu\/efi\/2020\/05\/27\/nemdohanyzok-vilagnapja-majus-31\/","title":{"rendered":"Nemdoh\u00e1nyz\u00f3k vil\u00e1gnapja | M\u00e1jus 31."},"content":{"rendered":"<p>A vil\u00e1g legelterjedtebb szenved\u00e9lybetegs\u00e9ge a doh\u00e1nyz\u00e1s. Felm\u00e9r\u00e9sek alapj\u00e1n az emberis\u00e9g egyharmada doh\u00e1nyzik, haz\u00e1nk els\u0151k k\u00f6z\u00f6tt van a doh\u00e1nyos ranglist\u00e1n.<\/p>\n<p><strong>Doh\u00e1nyz\u00e1s k\u00f6vetkezm\u00e9nyei<\/strong><\/p>\n<ul>\n<li>ajak-, sz\u00e1j\u00fcreg-, g\u00e9ge-, nyel\u0151cs\u0151r\u00e1k (az\u00e9rt gyakoriak doh\u00e1nyosokn\u00e1l, mert itt halad v\u00e9gig a f\u00fcst, \u00e9s a cigaretta hat\u00f3anyagai)<\/li>\n<li>t\u00fcd\u0151-, l\u00e9gcs\u0151-, h\u00f6rg\u0151r\u00e1k<\/li>\n<li>A nikotin jelent\u0151s elv\u00e1ltoz\u00e1st okozhat a kering\u00e9si szervrendszerben, magasv\u00e9rnyom\u00e1st, vagy koszor\u00fa\u00e9rbetegs\u00e9get okoz, \u00e9s k\u00e1ros\u00edtja az \u00e9rfalakat. Okoz\u00f3ja lehet az agy\u00e9rbetegs\u00e9geknek is.<\/li>\n<li>asztma (gyakoribb roham)<\/li>\n<li>h\u00f6rghurut<\/li>\n<li>COPD<\/li>\n<li>korasz\u00fcl\u00e9s kock\u00e1zata magasabb<\/li>\n<\/ul>\n<figure id=\"attachment_4274\" aria-describedby=\"caption-attachment-4274\" style=\"width: 350px\" class=\"wp-caption aligncenter\"><img loading=\"lazy\" decoding=\"async\" class=\"size-full wp-image-4274\" src=\"http:\/\/szakrendelo-sarkad.hu\/wp-content\/uploads\/2020\/05\/1.jpg\" alt=\"\" width=\"350\" height=\"205\"><figcaption id=\"caption-attachment-4274\" class=\"wp-caption-text\">sepeszet.hu<\/figcaption><\/figure>\n<figure id=\"attachment_4275\" aria-describedby=\"caption-attachment-4275\" style=\"width: 276px\" class=\"wp-caption aligncenter\"><img loading=\"lazy\" decoding=\"async\" class=\"wp-image-4275 size-full\" src=\"http:\/\/szakrendelo-sarkad.hu\/wp-content\/uploads\/2020\/05\/2.jpg\" alt=\"\" width=\"276\" height=\"290\"><figcaption id=\"caption-attachment-4275\" class=\"wp-caption-text\">bubaki.hu<\/figcaption><\/figure>\n<p><strong>Doh\u00e1nyz\u00e1s \u00e9s gyermekv\u00e1llal\u00e1s<\/strong><\/p>\n<p>A medd\u0151s\u00e9g h\u00e1tter\u00e9ben gyakran a doh\u00e1nyz\u00e1s \u00e1ll (f\u00e9rfiakn\u00e1l a h\u00edmivarsejtek k\u00e1rosod\u00e1s\u00e1t okozza, n\u0151kn\u00e9l rontja a m\u00e9hv\u00e9rell\u00e1t\u00e1s\u00e1t). V\u00e1rand\u00f3ss\u00e1g, szoptat\u00e1s alatti doh\u00e1nyz\u00e1s k\u00f6vetkezt\u00e9ben a magzati fejl\u0151d\u00e9s lelassul, fejl\u0151d\u00e9si rendelleness\u00e9gek kialakul\u00e1s\u00e1nak kock\u00e1zata n\u0151. A megsz\u00fcletett gyermek asztm\u00e1s lehet, illetve a b\u00f6lcs\u0151hal\u00e1l kock\u00e1zata nagyobb, ha doh\u00e1nyoznak a sz\u00fcl\u0151k. Gyakoribb a l\u00e9g\u00fati fert\u0151z\u00e9sek, \u00e9s a f\u00fclgyullad\u00e1s kialakul\u00e1sa doh\u00e1nyos sz\u00fcl\u0151k gyermekein\u00e9l.<\/p>\n<figure id=\"attachment_4276\" aria-describedby=\"caption-attachment-4276\" style=\"width: 188px\" class=\"wp-caption aligncenter\"><img loading=\"lazy\" decoding=\"async\" class=\"wp-image-4276 size-full\" src=\"http:\/\/szakrendelo-sarkad.hu\/wp-content\/uploads\/2020\/05\/3.jpg\" alt=\"\" width=\"188\" height=\"133\"><figcaption id=\"caption-attachment-4276\" class=\"wp-caption-text\">egeszsegemre.com<\/p>\n<dd><\/figcaption><\/figure>\n<p><strong>Cigaretta elhagy\u00e1s\u00e1nak el\u0151nyei<\/strong><\/p>\n<p><strong><u>20 perc m\u00falva<\/u><\/strong>&nbsp;&nbsp; V\u00e9rnyom\u00e1s \u00e9s pulzus normaliz\u00e1l\u00f3dik.<\/p>\n<p><strong><u>8 \u00f3ra m\u00falva<\/u><\/strong>&nbsp;&nbsp;&nbsp;&nbsp;&nbsp;&nbsp; V\u00e9r oxig\u00e9nszintje \u00fajra norm\u00e1lis lesz.<\/p>\n<p><strong><u>24 \u00f3ra m\u00falva<\/u><\/strong>&nbsp;&nbsp;&nbsp;&nbsp; A sz\u00e9nmonoxid ki\u00fcr\u00fcl a szervezet\u00e9b\u0151l. A t\u00fcd\u0151 tisztulni kezd.<\/p>\n<p><strong><u>48 \u00f3ra m\u00falva<\/u><\/strong>&nbsp;&nbsp;&nbsp;&nbsp; Szervezetben nincs m\u00e1r nikotin. Visszat\u00e9r az \u00edz, \u00e9s illat \u00e9rz\u00e9kel\u00e9s.<\/p>\n<p><strong><u>72 \u00f3ra m\u00falva<\/u><\/strong>&nbsp;&nbsp;&nbsp;&nbsp; L\u00e9gz\u00e9s k\u00f6nnyebb.<\/p>\n<p><strong><u>2-12 h\u00e9t m\u00falva<\/u><\/strong> Javul a v\u00e9rkering\u00e9s a fizikai aktivit\u00e1s sor\u00e1n is \u00e9rezhet\u0151 a javul\u00e1s<\/p>\n<p><strong><u>3-9 h\u00f3nap m\u00falva<\/u><\/strong> A t\u00fcd\u0151 kapacit\u00e1sa n\u0151.<\/p>\n<p><strong><u>1 \u00e9v m\u00falva<\/u><\/strong>&nbsp;&nbsp;&nbsp;&nbsp;&nbsp;&nbsp;&nbsp;&nbsp; 25 sz\u00e1zal\u00e9kkal cs\u00f6kken a sz\u00edvroham lehet\u0151s\u00e9ge.<\/p>\n<p><strong><u>A leszok\u00e1shoz k\u00e9rjen seg\u00edts\u00e9get t\u00fcd\u0151gy\u00f3gy\u00e1szt\u00f3l, h\u00e1ziorvos\u00e1t\u00f3l!<\/u><\/strong><\/p>\n<p>&nbsp;<\/p>\n<p>&nbsp;<\/p>\n<p><iframe loading=\"lazy\" width=\"100%\" height=\"315\" src=\"https:\/\/www.youtube.com\/embed\/72N2ulXiiWY\" frameborder=\"0\" allow=\"accelerometer; autoplay; encrypted-media; gyroscope; picture-in-picture\" allowfullscreen><\/iframe><\/p>\n<p><iframe loading=\"lazy\" width=\"100%\" height=\"315\" src=\"https:\/\/www.youtube.com\/embed\/kGbSOTwKE50\" frameborder=\"0\" allow=\"accelerometer; autoplay; encrypted-media; gyroscope; picture-in-picture\" allowfullscreen><\/iframe><\/p>\n<p><iframe loading=\"lazy\" width=\"100%\" height=\"315\" src=\"https:\/\/www.youtube.com\/embed\/hvb4HzStfQA\" frameborder=\"0\" allow=\"accelerometer; autoplay; encrypted-media; gyroscope; picture-in-picture\" allowfullscreen><\/iframe><\/p>\n<p><iframe loading=\"lazy\" width=\"100%\" height=\"315\" src=\"https:\/\/www.youtube.com\/embed\/_rPFUd4ft9o\" frameborder=\"0\" allow=\"accelerometer; autoplay; encrypted-media; gyroscope; picture-in-picture\" allowfullscreen><\/iframe><\/p>\n","protected":false},"excerpt":{"rendered":"<div class=\"entry-summary\">\n<div class=\"entry-summary\">\nA vil\u00e1g legelterjedtebb szenved\u00e9lybetegs\u00e9ge a doh\u00e1nyz\u00e1s. Felm\u00e9r\u00e9sek alapj\u00e1n az emberis\u00e9g egyharmada doh\u00e1nyzik, haz\u00e1nk els\u0151k k\u00f6z\u00f6tt van a doh\u00e1nyos&hellip;\n<\/div>\n<div class=\"link-more\"><a href=\"http:\/\/szakrendelo-sarkad.hu\/efi\/2020\/05\/27\/nemdohanyzok-vilagnapja-majus-31\/\" class=\"more-link\">Continue reading<span class=\"screen-reader-text\"> &ldquo;Nemdoh\u00e1nyz\u00f3k vil\u00e1gnapja | M\u00e1jus 31.&rdquo;<\/span>&hellip;<\/a><\/div>\n<\/div>\n<div class=\"link-more\"><a href=\"http:\/\/szakrendelo-sarkad.hu\/efi\/2020\/05\/27\/nemdohanyzok-vilagnapja-majus-31\/\" class=\"more-link\">Continue reading<span class=\"screen-reader-text\"> &ldquo;Nemdoh\u00e1nyz\u00f3k vil\u00e1gnapja | M\u00e1jus 31.&rdquo;<\/span>&hellip;<\/a><\/div>\n","protected":false},"author":1,"featured_media":6830,"comment_status":"closed","ping_status":"closed","sticky":false,"template":"","format":"standard","meta":{"ngg_post_thumbnail":0,"footnotes":""},"categories":[1],"tags":[],"class_list":["post-6829","post","type-post","status-publish","format-standard","has-post-thumbnail","hentry","category-egyeb","entry"],"_links":{"self":[{"href":"http:\/\/szakrendelo-sarkad.hu\/efi\/wp-json\/wp\/v2\/posts\/6829","targetHints":{"allow":["GET"]}}],"collection":[{"href":"http:\/\/szakrendelo-sarkad.hu\/efi\/wp-json\/wp\/v2\/posts"}],"about":[{"href":"http:\/\/szakrendelo-sarkad.hu\/efi\/wp-json\/wp\/v2\/types\/post"}],"author":[{"embeddable":true,"href":"http:\/\/szakrendelo-sarkad.hu\/efi\/wp-json\/wp\/v2\/users\/1"}],"replies":[{"embeddable":true,"href":"http:\/\/szakrendelo-sarkad.hu\/efi\/wp-json\/wp\/v2\/comments?post=6829"}],"version-history":[{"count":3,"href":"http:\/\/szakrendelo-sarkad.hu\/efi\/wp-json\/wp\/v2\/posts\/6829\/revisions"}],"predecessor-version":[{"id":6833,"href":"http:\/\/szakrendelo-sarkad.hu\/efi\/wp-json\/wp\/v2\/posts\/6829\/revisions\/6833"}],"wp:featuredmedia":[{"embeddable":true,"href":"http:\/\/szakrendelo-sarkad.hu\/efi\/wp-json\/wp\/v2\/media\/6830"}],"wp:attachment":[{"href":"http:\/\/szakrendelo-sarkad.hu\/efi\/wp-json\/wp\/v2\/media?parent=6829"}],"wp:term":[{"taxonomy":"category","embeddable":true,"href":"http:\/\/szakrendelo-sarkad.hu\/efi\/wp-json\/wp\/v2\/categories?post=6829"},{"taxonomy":"post_tag","embeddable":true,"href":"http:\/\/szakrendelo-sarkad.hu\/efi\/wp-json\/wp\/v2\/tags?post=6829"}],"curies":[{"name":"wp","href":"https:\/\/api.w.org\/{rel}","templated":true}]}}