{"id":6834,"date":"2020-06-02T15:22:06","date_gmt":"2020-06-02T15:22:06","guid":{"rendered":"http:\/\/szakrendelo-sarkad.hu\/efi\/?p=6834"},"modified":"2020-06-02T15:22:06","modified_gmt":"2020-06-02T15:22:06","slug":"botra-fel-kis-csoportos-nordic-walking-foglalkozas-indul","status":"publish","type":"post","link":"http:\/\/szakrendelo-sarkad.hu\/efi\/2020\/06\/02\/botra-fel-kis-csoportos-nordic-walking-foglalkozas-indul\/","title":{"rendered":"Botra fel! &#8211; Kis csoportos Nordic Walking foglalkoz\u00e1s indul!"},"content":{"rendered":"<p><strong>A foglalkoz\u00e1s tervezett id\u0151pontja 2020. j\u00fanius 4-\u00e9n. <\/strong><\/p>\n<p><strong>Helysz\u00edn: K\u00f6tegy\u00e1n \u00d6ko Park<\/strong><\/p>\n<p><em>Kinek aj\u00e1nlott:<\/em><\/p>\n<ul>\n<li>aki mozg\u00e1sszeg\u00e9ny \u00e9letet \u00e9l,<\/li>\n<li>aki \u00fcl\u0151 munk\u00e1t v\u00e9gez,<\/li>\n<li>aki t\u00fals\u00fallyal k\u00fczd,<\/li>\n<li>aki kismama \u00e9s sz\u00fcl\u00e9s el\u0151tt vagy sz\u00fcl\u00e9s ut\u00e1n van,<\/li>\n<li>aki sz\u00edv- \u00e9s \u00e9rrendszeri vagy cukorbetegs\u00e9gben szenved,<\/li>\n<li>aki az id\u0151sebb koroszt\u00e1lyhoz tartozik,<\/li>\n<li>aki egy kellemes mozg\u00e1sra, s\u00e9t\u00e1ra v\u00e1gyik.<\/li>\n<\/ul>\n<p>Mindenkit szeretettel v\u00e1runk minden h\u00e9ten a gy\u00f3gytorn\u00e1szunk \u00e1ltal vezetett foglalkoz\u00e1sainkon!<\/p>\n<p><em>B\u0151vebb inform\u00e1ci\u00f3 \u00e9s jelentkez\u00e9s Kosztinn\u00e9 Nagy Anik\u00f3n\u00e1l 06-66\/278-531 telefonsz\u00e1mon lehet.<\/em><\/p>\n<p><img loading=\"lazy\" decoding=\"async\" class=\"aligncenter size-full wp-image-6835\" src=\"http:\/\/szakrendelo-sarkad.hu\/efi\/wp-content\/uploads\/sites\/2\/2020\/06\/1.jpg\" alt=\"\" width=\"255\" height=\"198\"><\/p>\n","protected":false},"excerpt":{"rendered":"<div class=\"entry-summary\">\n<div class=\"entry-summary\">\nA foglalkoz\u00e1s tervezett id\u0151pontja 2020. j\u00fanius 4-\u00e9n. Helysz\u00edn: K\u00f6tegy\u00e1n \u00d6ko Park Kinek aj\u00e1nlott: aki mozg\u00e1sszeg\u00e9ny \u00e9letet \u00e9l, aki&hellip;\n<\/div>\n<div class=\"link-more\"><a href=\"http:\/\/szakrendelo-sarkad.hu\/efi\/2020\/06\/02\/botra-fel-kis-csoportos-nordic-walking-foglalkozas-indul\/\" class=\"more-link\">Continue reading<span class=\"screen-reader-text\"> &ldquo;Botra fel! &#8211; Kis csoportos Nordic Walking foglalkoz\u00e1s indul!&rdquo;<\/span>&hellip;<\/a><\/div>\n<\/div>\n<div class=\"link-more\"><a href=\"http:\/\/szakrendelo-sarkad.hu\/efi\/2020\/06\/02\/botra-fel-kis-csoportos-nordic-walking-foglalkozas-indul\/\" class=\"more-link\">Continue reading<span class=\"screen-reader-text\"> &ldquo;Botra fel! &#8211; Kis csoportos Nordic Walking foglalkoz\u00e1s indul!&rdquo;<\/span>&hellip;<\/a><\/div>\n","protected":false},"author":1,"featured_media":6836,"comment_status":"closed","ping_status":"closed","sticky":false,"template":"","format":"standard","meta":{"ngg_post_thumbnail":0,"footnotes":""},"categories":[1],"tags":[],"class_list":["post-6834","post","type-post","status-publish","format-standard","has-post-thumbnail","hentry","category-egyeb","entry"],"_links":{"self":[{"href":"http:\/\/szakrendelo-sarkad.hu\/efi\/wp-json\/wp\/v2\/posts\/6834","targetHints":{"allow":["GET"]}}],"collection":[{"href":"http:\/\/szakrendelo-sarkad.hu\/efi\/wp-json\/wp\/v2\/posts"}],"about":[{"href":"http:\/\/szakrendelo-sarkad.hu\/efi\/wp-json\/wp\/v2\/types\/post"}],"author":[{"embeddable":true,"href":"http:\/\/szakrendelo-sarkad.hu\/efi\/wp-json\/wp\/v2\/users\/1"}],"replies":[{"embeddable":true,"href":"http:\/\/szakrendelo-sarkad.hu\/efi\/wp-json\/wp\/v2\/comments?post=6834"}],"version-history":[{"count":1,"href":"http:\/\/szakrendelo-sarkad.hu\/efi\/wp-json\/wp\/v2\/posts\/6834\/revisions"}],"predecessor-version":[{"id":6837,"href":"http:\/\/szakrendelo-sarkad.hu\/efi\/wp-json\/wp\/v2\/posts\/6834\/revisions\/6837"}],"wp:featuredmedia":[{"embeddable":true,"href":"http:\/\/szakrendelo-sarkad.hu\/efi\/wp-json\/wp\/v2\/media\/6836"}],"wp:attachment":[{"href":"http:\/\/szakrendelo-sarkad.hu\/efi\/wp-json\/wp\/v2\/media?parent=6834"}],"wp:term":[{"taxonomy":"category","embeddable":true,"href":"http:\/\/szakrendelo-sarkad.hu\/efi\/wp-json\/wp\/v2\/categories?post=6834"},{"taxonomy":"post_tag","embeddable":true,"href":"http:\/\/szakrendelo-sarkad.hu\/efi\/wp-json\/wp\/v2\/tags?post=6834"}],"curies":[{"name":"wp","href":"https:\/\/api.w.org\/{rel}","templated":true}]}}