{"id":6849,"date":"2020-06-08T04:23:30","date_gmt":"2020-06-08T04:23:30","guid":{"rendered":"http:\/\/szakrendelo-sarkad.hu\/efi\/?p=6849"},"modified":"2020-06-08T04:23:30","modified_gmt":"2020-06-08T04:23:30","slug":"kis-csoportos-nordic-walking-foglalkozas-indul-2020-junius-16","status":"publish","type":"post","link":"http:\/\/szakrendelo-sarkad.hu\/efi\/2020\/06\/08\/kis-csoportos-nordic-walking-foglalkozas-indul-2020-junius-16\/","title":{"rendered":"Kis csoportos Nordic Walking foglalkoz\u00e1s indul! | 2020. J\u00fanius 16."},"content":{"rendered":"<p style=\"text-align: left;\"><strong>A foglalkoz\u00e1s tervezett id\u0151pontja 2020. j\u00fanius 16. 13:00-t\u00f3l<\/strong><\/p>\n<p style=\"text-align: left;\"><strong>Helysz\u00edn: Sarkad S\u00e9takert<\/strong><\/p>\n<p><strong>EL\u0150JELENTKEZ\u00c9S:<\/strong><\/p>\n<p><strong>Sarkadi EFI- 06 (66) 787-840 vagy 06 (30) 998-8084<\/strong><\/p>\n<p style=\"text-align: left;\"><em>Kinek aj\u00e1nlott:<\/em><\/p>\n<ul style=\"text-align: left;\">\n<li>aki mozg\u00e1sszeg\u00e9ny \u00e9letet \u00e9l,<\/li>\n<li>aki \u00fcl\u0151 munk\u00e1t v\u00e9gez,<\/li>\n<li>aki t\u00fals\u00fallyal k\u00fczd,<\/li>\n<li>aki kismama \u00e9s sz\u00fcl\u00e9s el\u0151tt vagy sz\u00fcl\u00e9s ut\u00e1n van,<\/li>\n<li>aki sz\u00edv- \u00e9s \u00e9rrendszeri vagy cukorbetegs\u00e9gben szenved,<\/li>\n<li>aki az id\u0151sebb koroszt\u00e1lyhoz tartozik,<\/li>\n<li>aki egy kellemes mozg\u00e1sra, s\u00e9t\u00e1ra v\u00e1gyik.<\/li>\n<\/ul>\n<p style=\"text-align: left;\"><strong>Mindenkit szeretettel v\u00e1runk minden h\u00e9ten a gy\u00f3gytorn\u00e1szunk \u00e1ltal vezetett foglalkoz\u00e1sainkon<\/strong><strong>!<\/strong><\/p>\n<p><img loading=\"lazy\" decoding=\"async\" class=\"aligncenter size-full wp-image-6850\" src=\"http:\/\/szakrendelo-sarkad.hu\/efi\/wp-content\/uploads\/sites\/2\/2020\/06\/nordic2.jpg\" alt=\"\" width=\"326\" height=\"228\" srcset=\"http:\/\/szakrendelo-sarkad.hu\/efi\/wp-content\/uploads\/sites\/2\/2020\/06\/nordic2.jpg 326w, http:\/\/szakrendelo-sarkad.hu\/efi\/wp-content\/uploads\/sites\/2\/2020\/06\/nordic2-300x210.jpg 300w\" sizes=\"auto, (max-width: 326px) 100vw, 326px\" \/><\/p>\n","protected":false},"excerpt":{"rendered":"<div class=\"entry-summary\">\n<div class=\"entry-summary\">\nA foglalkoz\u00e1s tervezett id\u0151pontja 2020. j\u00fanius 16. 13:00-t\u00f3l Helysz\u00edn: Sarkad S\u00e9takert EL\u0150JELENTKEZ\u00c9S: Sarkadi EFI- 06 (66) 787-840 vagy&hellip;\n<\/div>\n<div class=\"link-more\"><a href=\"http:\/\/szakrendelo-sarkad.hu\/efi\/2020\/06\/08\/kis-csoportos-nordic-walking-foglalkozas-indul-2020-junius-16\/\" class=\"more-link\">Continue reading<span class=\"screen-reader-text\"> &ldquo;Kis csoportos Nordic Walking foglalkoz\u00e1s indul! | 2020. J\u00fanius 16.&rdquo;<\/span>&hellip;<\/a><\/div>\n<\/div>\n<div class=\"link-more\"><a href=\"http:\/\/szakrendelo-sarkad.hu\/efi\/2020\/06\/08\/kis-csoportos-nordic-walking-foglalkozas-indul-2020-junius-16\/\" class=\"more-link\">Continue reading<span class=\"screen-reader-text\"> &ldquo;Kis csoportos Nordic Walking foglalkoz\u00e1s indul! | 2020. J\u00fanius 16.&rdquo;<\/span>&hellip;<\/a><\/div>\n","protected":false},"author":1,"featured_media":6851,"comment_status":"closed","ping_status":"closed","sticky":false,"template":"","format":"standard","meta":{"ngg_post_thumbnail":0,"footnotes":""},"categories":[1],"tags":[],"class_list":["post-6849","post","type-post","status-publish","format-standard","has-post-thumbnail","hentry","category-egyeb","entry"],"_links":{"self":[{"href":"http:\/\/szakrendelo-sarkad.hu\/efi\/wp-json\/wp\/v2\/posts\/6849","targetHints":{"allow":["GET"]}}],"collection":[{"href":"http:\/\/szakrendelo-sarkad.hu\/efi\/wp-json\/wp\/v2\/posts"}],"about":[{"href":"http:\/\/szakrendelo-sarkad.hu\/efi\/wp-json\/wp\/v2\/types\/post"}],"author":[{"embeddable":true,"href":"http:\/\/szakrendelo-sarkad.hu\/efi\/wp-json\/wp\/v2\/users\/1"}],"replies":[{"embeddable":true,"href":"http:\/\/szakrendelo-sarkad.hu\/efi\/wp-json\/wp\/v2\/comments?post=6849"}],"version-history":[{"count":1,"href":"http:\/\/szakrendelo-sarkad.hu\/efi\/wp-json\/wp\/v2\/posts\/6849\/revisions"}],"predecessor-version":[{"id":6852,"href":"http:\/\/szakrendelo-sarkad.hu\/efi\/wp-json\/wp\/v2\/posts\/6849\/revisions\/6852"}],"wp:featuredmedia":[{"embeddable":true,"href":"http:\/\/szakrendelo-sarkad.hu\/efi\/wp-json\/wp\/v2\/media\/6851"}],"wp:attachment":[{"href":"http:\/\/szakrendelo-sarkad.hu\/efi\/wp-json\/wp\/v2\/media?parent=6849"}],"wp:term":[{"taxonomy":"category","embeddable":true,"href":"http:\/\/szakrendelo-sarkad.hu\/efi\/wp-json\/wp\/v2\/categories?post=6849"},{"taxonomy":"post_tag","embeddable":true,"href":"http:\/\/szakrendelo-sarkad.hu\/efi\/wp-json\/wp\/v2\/tags?post=6849"}],"curies":[{"name":"wp","href":"https:\/\/api.w.org\/{rel}","templated":true}]}}