{"id":6953,"date":"2020-08-13T07:08:18","date_gmt":"2020-08-13T07:08:18","guid":{"rendered":"http:\/\/szakrendelo-sarkad.hu\/efi\/?p=6953"},"modified":"2020-08-13T07:08:18","modified_gmt":"2020-08-13T07:08:18","slug":"okany-sarkadkeresztur-telepuleskozi-sportnap-2020-augusztus-8","status":"publish","type":"post","link":"http:\/\/szakrendelo-sarkad.hu\/efi\/2020\/08\/13\/okany-sarkadkeresztur-telepuleskozi-sportnap-2020-augusztus-8\/","title":{"rendered":"OK\u00c1NY- SARKADKERESZT\u00daR TELEP\u00dcL\u00c9SK\u00d6ZI SPORTNAP | 2020. Augusztus 8."},"content":{"rendered":"<p>A Sarkadi Eg\u00e9szs\u00e9gfejleszt\u00e9si Iroda 2020. augusztus 08-\u00e1n szombaton a Nemzeti N\u00e9peg\u00e9szs\u00e9g\u00fcgyi K\u00f6zpont \u00e1ltal kiadott aj\u00e1nl\u00e1snak megfelel\u0151en &#8211; <em>az \u00faj koronav\u00edrus (COVID-19) okozta j\u00e1rv\u00e1ny terjed\u00e9s\u00e9nek megakad\u00e1lyoz\u00e1s\u00e1t szolg\u00e1l\u00f3 j\u00e1rv\u00e1ny\u00fcgyi szab\u00e1lyok betart\u00e1sa <\/em>&#8211; 9.00 \u00f3rai kezdettel rendezte meg az Ok\u00e1ny- Sarkadkereszt\u00far Telep\u00fcl\u00e9sk\u00f6zi Sportnapj\u00e1t az Ok\u00e1nyi Sportp\u00e1ly\u00e1n.<\/p>\n<p>A programok a nyit\u00f3gondolatok ut\u00e1n vett\u00e9k kezdet\u00fcket.<\/p>\n<p>A sportprogramok k\u00f6z\u00f6tt szerepelt \u00edj\u00e1szat, tollaslabda, kick boksz bemutat\u00f3 \u00e9s lovas bemutat\u00f3. A futball kedvel\u0151i kisp\u00e1ly\u00e1s labdarug\u00f3 bajnoks\u00e1gon \u00e9lvezhett\u00e9k a sportol\u00e1s lehet\u0151s\u00e9g\u00e9t. A nap sor\u00e1n, \u00edgy minden koroszt\u00e1ly megtal\u00e1lhatta a neki megfelel\u0151, sportol\u00e1si, kikapcsol\u00f3d\u00e1si lehet\u0151s\u00e9get.<\/p>\n<p>A Sarkadi Kist\u00e9rs\u00e9gi J\u00e1r\u00f3beteg-Szakell\u00e1t\u00f3 K\u00f6zpont \u00e9s az Eg\u00e9szs\u00e9gfejleszt\u00e9si Iroda munkat\u00e1rsai ingyenes eg\u00e9szs\u00e9g\u00fcgyi sz\u0171r\u00e9st, \u00e1llapotfelm\u00e9r\u00e9st \u00e9s kock\u00e1zatbecsl\u00e9st \u00e9s egy\u00e9ni konzult\u00e1ci\u00f3s lehet\u0151s\u00e9get biztos\u00edtott a rendezv\u00e9nyen r\u00e9sztvev\u0151k sz\u00e1m\u00e1ra. A programok alatt friss\u00edt\u0151, m\u00fczli szelet k\u00edn\u00e1l\u00e1s\u00e1ra ker\u00fclt sor.<\/p>\n<p>A rendezv\u00e9ny az eredm\u00e9nyhirdet\u00e9ssel z\u00e1rult, ahol a sport\u00e1gakban el\u00e9rt kiemelked\u0151 eredm\u00e9nyek\u00e9rt vehett\u00e9k \u00e1t a sportol\u00f3k a meg\u00e9rdemelt d\u00edjakat. Ez\u00faton k\u00f6sz\u00f6nj\u00fck Ok\u00e1ny K\u00f6zs\u00e9g \u00d6nkorm\u00e1nyzat\u00e1nak, hogy rendezv\u00e9ny\u00fcnk megtart\u00e1s\u00e1ra lehet\u0151s\u00e9get biztos\u00edtottak, valamint k\u00edv\u00e1nunk nagyon j\u00f3 eg\u00e9szs\u00e9get minden ok\u00e1nyi \u00e9s sarkadkereszt\u00fari lakos sz\u00e1m\u00e1ra.<\/p>\n<p>&nbsp;<\/p>\n<p>Szolg\u00e1ltat\u00e1sainkr\u00f3l \u00e9s rendezv\u00e9nyeinkr\u0151l folyamatosan t\u00e1j\u00e9koz\u00f3dhatnak a <a href=\"http:\/\/www.szakrendelo-sarkad.hu\/efi\">www.szakrendelo-sarkad.hu\/efi<\/a> honlapon.<\/p>\n<p>&nbsp;<\/p>\n<p>Sarkadi Eg\u00e9szs\u00e9gfejleszt\u00e9si Iroda munkat\u00e1rsai<\/p>\n<!-- index.php -->\n<div\n\tclass=\"ngg-galleryoverview ngg-ajax-pagination-none\"\n\tid=\"ngg-gallery-8f9197e146195508eb838beceaefc624-1\">\n\n    \t<div class=\"slideshowlink\">\n        <a href='http:\/\/szakrendelo-sarkad.hu\/efi\/2020\/08\/13\/okany-sarkadkeresztur-telepuleskozi-sportnap-2020-augusztus-8\/nggallery\/slideshow'>[Diavet\u00edt\u00e9s ind\u00edt\u00e1sa]<\/a>\n\t\t\n\t<\/div>\n\t\t\t<!-- Thumbnails -->\n\t\t\t\t<div id=\"ngg-image-0\" class=\"ngg-gallery-thumbnail-box\" >\n\t\t\t\t        <div class=\"ngg-gallery-thumbnail\">\n            <a href=\"http:\/\/szakrendelo-sarkad.hu\/efi\/wp-content\/uploads\/sites\/2\/nggallery\/okany_sker_tkozi_2020\/IMG_6191.JPG\"\n               title=\"\"\n               data-src=\"http:\/\/szakrendelo-sarkad.hu\/efi\/wp-content\/uploads\/sites\/2\/nggallery\/okany_sker_tkozi_2020\/IMG_6191.JPG\"\n               data-thumbnail=\"http:\/\/szakrendelo-sarkad.hu\/efi\/wp-content\/uploads\/sites\/2\/nggallery\/okany_sker_tkozi_2020\/thumbs\/thumbs_IMG_6191.JPG\"\n               data-image-id=\"1732\"\n               data-title=\"IMG_6191\"\n               data-description=\"\"\n               data-image-slug=\"img_6191\"\n               class=\"ngg-fancybox\" rel=\"8f9197e146195508eb838beceaefc624\">\n                <img\n                    title=\"IMG_6191\"\n                    alt=\"IMG_6191\"\n                    src=\"http:\/\/szakrendelo-sarkad.hu\/efi\/wp-content\/uploads\/sites\/2\/nggallery\/okany_sker_tkozi_2020\/thumbs\/thumbs_IMG_6191.JPG\"\n                    width=\"240\"\n                    height=\"160\"\n                    style=\"max-width:100%;\"\n                \/>\n            <\/a>\n        <\/div>\n\t\t\t\t\t\t\t<\/div> \n\t\t\t\n        \n\t\t\t\t<div id=\"ngg-image-1\" class=\"ngg-gallery-thumbnail-box\" >\n\t\t\t\t        <div class=\"ngg-gallery-thumbnail\">\n            <a href=\"http:\/\/szakrendelo-sarkad.hu\/efi\/wp-content\/uploads\/sites\/2\/nggallery\/okany_sker_tkozi_2020\/IMG_6210.JPG\"\n               title=\"\"\n               data-src=\"http:\/\/szakrendelo-sarkad.hu\/efi\/wp-content\/uploads\/sites\/2\/nggallery\/okany_sker_tkozi_2020\/IMG_6210.JPG\"\n               data-thumbnail=\"http:\/\/szakrendelo-sarkad.hu\/efi\/wp-content\/uploads\/sites\/2\/nggallery\/okany_sker_tkozi_2020\/thumbs\/thumbs_IMG_6210.JPG\"\n               data-image-id=\"1733\"\n               data-title=\"IMG_6210\"\n               data-description=\"\"\n               data-image-slug=\"img_6210\"\n               class=\"ngg-fancybox\" rel=\"8f9197e146195508eb838beceaefc624\">\n                <img\n                    title=\"IMG_6210\"\n                    alt=\"IMG_6210\"\n                    src=\"http:\/\/szakrendelo-sarkad.hu\/efi\/wp-content\/uploads\/sites\/2\/nggallery\/okany_sker_tkozi_2020\/thumbs\/thumbs_IMG_6210.JPG\"\n                    width=\"240\"\n                    height=\"160\"\n                    style=\"max-width:100%;\"\n                \/>\n            <\/a>\n        <\/div>\n\t\t\t\t\t\t\t<\/div> \n\t\t\t\n        \n\t\t\t\t<div id=\"ngg-image-2\" class=\"ngg-gallery-thumbnail-box\" >\n\t\t\t\t        <div class=\"ngg-gallery-thumbnail\">\n            <a href=\"http:\/\/szakrendelo-sarkad.hu\/efi\/wp-content\/uploads\/sites\/2\/nggallery\/okany_sker_tkozi_2020\/IMG_6222.JPG\"\n               title=\"\"\n               data-src=\"http:\/\/szakrendelo-sarkad.hu\/efi\/wp-content\/uploads\/sites\/2\/nggallery\/okany_sker_tkozi_2020\/IMG_6222.JPG\"\n               data-thumbnail=\"http:\/\/szakrendelo-sarkad.hu\/efi\/wp-content\/uploads\/sites\/2\/nggallery\/okany_sker_tkozi_2020\/thumbs\/thumbs_IMG_6222.JPG\"\n               data-image-id=\"1734\"\n               data-title=\"IMG_6222\"\n               data-description=\"\"\n               data-image-slug=\"img_6222\"\n               class=\"ngg-fancybox\" rel=\"8f9197e146195508eb838beceaefc624\">\n                <img\n                    title=\"IMG_6222\"\n                    alt=\"IMG_6222\"\n                    src=\"http:\/\/szakrendelo-sarkad.hu\/efi\/wp-content\/uploads\/sites\/2\/nggallery\/okany_sker_tkozi_2020\/thumbs\/thumbs_IMG_6222.JPG\"\n                    width=\"240\"\n                    height=\"160\"\n                    style=\"max-width:100%;\"\n                \/>\n            <\/a>\n        <\/div>\n\t\t\t\t\t\t\t<\/div> \n\t\t\t\n        \n\t\t\t\t<div id=\"ngg-image-3\" class=\"ngg-gallery-thumbnail-box\" >\n\t\t\t\t        <div class=\"ngg-gallery-thumbnail\">\n            <a href=\"http:\/\/szakrendelo-sarkad.hu\/efi\/wp-content\/uploads\/sites\/2\/nggallery\/okany_sker_tkozi_2020\/IMG_6255.JPG\"\n               title=\"\"\n               data-src=\"http:\/\/szakrendelo-sarkad.hu\/efi\/wp-content\/uploads\/sites\/2\/nggallery\/okany_sker_tkozi_2020\/IMG_6255.JPG\"\n               data-thumbnail=\"http:\/\/szakrendelo-sarkad.hu\/efi\/wp-content\/uploads\/sites\/2\/nggallery\/okany_sker_tkozi_2020\/thumbs\/thumbs_IMG_6255.JPG\"\n               data-image-id=\"1735\"\n               data-title=\"IMG_6255\"\n               data-description=\"\"\n               data-image-slug=\"img_6255\"\n               class=\"ngg-fancybox\" rel=\"8f9197e146195508eb838beceaefc624\">\n                <img\n                    title=\"IMG_6255\"\n                    alt=\"IMG_6255\"\n                    src=\"http:\/\/szakrendelo-sarkad.hu\/efi\/wp-content\/uploads\/sites\/2\/nggallery\/okany_sker_tkozi_2020\/thumbs\/thumbs_IMG_6255.JPG\"\n                    width=\"240\"\n                    height=\"160\"\n                    style=\"max-width:100%;\"\n                \/>\n            <\/a>\n        <\/div>\n\t\t\t\t\t\t\t<\/div> \n\t\t\t\n        \n\t\t\t\t<div id=\"ngg-image-4\" class=\"ngg-gallery-thumbnail-box\" >\n\t\t\t\t        <div class=\"ngg-gallery-thumbnail\">\n            <a href=\"http:\/\/szakrendelo-sarkad.hu\/efi\/wp-content\/uploads\/sites\/2\/nggallery\/okany_sker_tkozi_2020\/IMG_6283.JPG\"\n               title=\"\"\n               data-src=\"http:\/\/szakrendelo-sarkad.hu\/efi\/wp-content\/uploads\/sites\/2\/nggallery\/okany_sker_tkozi_2020\/IMG_6283.JPG\"\n               data-thumbnail=\"http:\/\/szakrendelo-sarkad.hu\/efi\/wp-content\/uploads\/sites\/2\/nggallery\/okany_sker_tkozi_2020\/thumbs\/thumbs_IMG_6283.JPG\"\n               data-image-id=\"1736\"\n               data-title=\"IMG_6283\"\n               data-description=\"\"\n               data-image-slug=\"img_6283\"\n               class=\"ngg-fancybox\" rel=\"8f9197e146195508eb838beceaefc624\">\n                <img\n                    title=\"IMG_6283\"\n                    alt=\"IMG_6283\"\n                    src=\"http:\/\/szakrendelo-sarkad.hu\/efi\/wp-content\/uploads\/sites\/2\/nggallery\/okany_sker_tkozi_2020\/thumbs\/thumbs_IMG_6283.JPG\"\n                    width=\"240\"\n                    height=\"160\"\n                    style=\"max-width:100%;\"\n                \/>\n            <\/a>\n        <\/div>\n\t\t\t\t\t\t\t<\/div> \n\t\t\t\n        \n\t\t\t\t<div id=\"ngg-image-5\" class=\"ngg-gallery-thumbnail-box\" >\n\t\t\t\t        <div class=\"ngg-gallery-thumbnail\">\n            <a href=\"http:\/\/szakrendelo-sarkad.hu\/efi\/wp-content\/uploads\/sites\/2\/nggallery\/okany_sker_tkozi_2020\/IMG_6298.JPG\"\n               title=\"\"\n               data-src=\"http:\/\/szakrendelo-sarkad.hu\/efi\/wp-content\/uploads\/sites\/2\/nggallery\/okany_sker_tkozi_2020\/IMG_6298.JPG\"\n               data-thumbnail=\"http:\/\/szakrendelo-sarkad.hu\/efi\/wp-content\/uploads\/sites\/2\/nggallery\/okany_sker_tkozi_2020\/thumbs\/thumbs_IMG_6298.JPG\"\n               data-image-id=\"1737\"\n               data-title=\"IMG_6298\"\n               data-description=\"\"\n               data-image-slug=\"img_6298\"\n               class=\"ngg-fancybox\" rel=\"8f9197e146195508eb838beceaefc624\">\n                <img\n                    title=\"IMG_6298\"\n                    alt=\"IMG_6298\"\n                    src=\"http:\/\/szakrendelo-sarkad.hu\/efi\/wp-content\/uploads\/sites\/2\/nggallery\/okany_sker_tkozi_2020\/thumbs\/thumbs_IMG_6298.JPG\"\n                    width=\"240\"\n                    height=\"160\"\n                    style=\"max-width:100%;\"\n                \/>\n            <\/a>\n        <\/div>\n\t\t\t\t\t\t\t<\/div> \n\t\t\t\n        \n\t\t\n\t\t<!-- Pagination -->\n\t<div class='ngg-clear'><\/div>\t<\/div>\n\n","protected":false},"excerpt":{"rendered":"<div class=\"entry-summary\">\n<div class=\"entry-summary\">\nA Sarkadi Eg\u00e9szs\u00e9gfejleszt\u00e9si Iroda 2020. augusztus 08-\u00e1n szombaton a Nemzeti N\u00e9peg\u00e9szs\u00e9g\u00fcgyi K\u00f6zpont \u00e1ltal kiadott aj\u00e1nl\u00e1snak megfelel\u0151en &#8211; az&hellip;\n<\/div>\n<div class=\"link-more\"><a href=\"http:\/\/szakrendelo-sarkad.hu\/efi\/2020\/08\/13\/okany-sarkadkeresztur-telepuleskozi-sportnap-2020-augusztus-8\/\" class=\"more-link\">Continue reading<span class=\"screen-reader-text\"> &ldquo;OK\u00c1NY- SARKADKERESZT\u00daR TELEP\u00dcL\u00c9SK\u00d6ZI SPORTNAP | 2020. Augusztus 8.&rdquo;<\/span>&hellip;<\/a><\/div>\n<\/div>\n<div class=\"link-more\"><a href=\"http:\/\/szakrendelo-sarkad.hu\/efi\/2020\/08\/13\/okany-sarkadkeresztur-telepuleskozi-sportnap-2020-augusztus-8\/\" class=\"more-link\">Continue reading<span class=\"screen-reader-text\"> &ldquo;OK\u00c1NY- SARKADKERESZT\u00daR TELEP\u00dcL\u00c9SK\u00d6ZI SPORTNAP | 2020. Augusztus 8.&rdquo;<\/span>&hellip;<\/a><\/div>\n","protected":false},"author":1,"featured_media":6961,"comment_status":"closed","ping_status":"closed","sticky":false,"template":"","format":"standard","meta":{"ngg_post_thumbnail":0,"footnotes":""},"categories":[1],"tags":[],"class_list":["post-6953","post","type-post","status-publish","format-standard","has-post-thumbnail","hentry","category-egyeb","entry"],"_links":{"self":[{"href":"http:\/\/szakrendelo-sarkad.hu\/efi\/wp-json\/wp\/v2\/posts\/6953","targetHints":{"allow":["GET"]}}],"collection":[{"href":"http:\/\/szakrendelo-sarkad.hu\/efi\/wp-json\/wp\/v2\/posts"}],"about":[{"href":"http:\/\/szakrendelo-sarkad.hu\/efi\/wp-json\/wp\/v2\/types\/post"}],"author":[{"embeddable":true,"href":"http:\/\/szakrendelo-sarkad.hu\/efi\/wp-json\/wp\/v2\/users\/1"}],"replies":[{"embeddable":true,"href":"http:\/\/szakrendelo-sarkad.hu\/efi\/wp-json\/wp\/v2\/comments?post=6953"}],"version-history":[{"count":1,"href":"http:\/\/szakrendelo-sarkad.hu\/efi\/wp-json\/wp\/v2\/posts\/6953\/revisions"}],"predecessor-version":[{"id":6962,"href":"http:\/\/szakrendelo-sarkad.hu\/efi\/wp-json\/wp\/v2\/posts\/6953\/revisions\/6962"}],"wp:featuredmedia":[{"embeddable":true,"href":"http:\/\/szakrendelo-sarkad.hu\/efi\/wp-json\/wp\/v2\/media\/6961"}],"wp:attachment":[{"href":"http:\/\/szakrendelo-sarkad.hu\/efi\/wp-json\/wp\/v2\/media?parent=6953"}],"wp:term":[{"taxonomy":"category","embeddable":true,"href":"http:\/\/szakrendelo-sarkad.hu\/efi\/wp-json\/wp\/v2\/categories?post=6953"},{"taxonomy":"post_tag","embeddable":true,"href":"http:\/\/szakrendelo-sarkad.hu\/efi\/wp-json\/wp\/v2\/tags?post=6953"}],"curies":[{"name":"wp","href":"https:\/\/api.w.org\/{rel}","templated":true}]}}