{"id":7024,"date":"2020-09-24T15:26:13","date_gmt":"2020-09-24T15:26:13","guid":{"rendered":"http:\/\/szakrendelo-sarkad.hu\/efi\/?p=7024"},"modified":"2020-09-24T15:30:42","modified_gmt":"2020-09-24T15:30:42","slug":"hivatalosan-is-temanap-a-magyar-diaksport-napja","status":"publish","type":"post","link":"http:\/\/szakrendelo-sarkad.hu\/efi\/2020\/09\/24\/hivatalosan-is-temanap-a-magyar-diaksport-napja\/","title":{"rendered":"HIVATALOSAN IS T\u00c9MANAP A MAGYAR DI\u00c1KSPORT NAPJA"},"content":{"rendered":"<p>A 2020\/2021. tan\u00e9v rendj\u00e9r\u0151l sz\u00f3l\u00f3, a napokban megjelent EMMI rendeletben imm\u00e1r hivatalosan is t\u00e9manapk\u00e9nt jelenik meg a Magyar Di\u00e1ksport Napja.<\/p>\n<p>A Magyar Di\u00e1ksport Sz\u00f6vets\u00e9g (MDSZ) m\u00e9g 2018-ban k\u00f6t\u00f6tt egy\u00fcttm\u0171k\u00f6d\u00e9si meg\u00e1llapod\u00e1st az Oktat\u00e1si Hivatallal (OH) annak \u00e9rdek\u00e9ben, hogy az EFOP-3.2.15-VEKOP-17 azonos\u00edt\u00f3 sz\u00e1m\u00fa kiemelt projekt keret\u00e9ben az eg\u00e9szs\u00e9gtudatos gondolkod\u00e1s \u00e9s iskolai mozg\u00e1stev\u00e9kenys\u00e9gek t\u00e9manap tartalmi fejleszt\u00e9s\u00e9ben k\u00f6lcs\u00f6n\u00f6sen k\u00f6zrem\u0171k\u00f6djenek.<\/p>\n<p>Mint k\u00f6ztudott, az Orsz\u00e1ggy\u0171l\u00e9s 2017-ben (a Magyar Sport Napja, a Magyar Parasport Napja \u00e9s a Magyar Siketsport Napja mellett) nyilv\u00e1n\u00edtotta 30\/2017. (XII. 13.) OGY hat\u00e1rozat\u00e1val minden \u00e9v szeptember\u00e9nek utols\u00f3 p\u00e9ntek\u00e9t a Magyar Di\u00e1ksport Napj\u00e1v\u00e1.<\/p>\n<p>M\u00e1r az Orsz\u00e1ggy\u0171l\u00e9s n\u00e9h\u00e1ny \u00e9vvel ezel\u0151tti d\u00f6nt\u00e9s\u00e9t is az alapozta meg, hogy a 2006-ban az MDSZ \u00e1ltal elind\u00edtott di\u00e1ksportnap az elm\u00falt \u00e9vekben eur\u00f3pai kezdem\u00e9nyez\u00e9ss\u00e9 v\u00e1lt, \u00e9s ma m\u00e1r t\u00f6bb mint 40 eur\u00f3pai orsz\u00e1gban szervezik meg szeptember v\u00e9g\u00e9n a magyar j\u00f3 gyakorlatb\u00f3l kin\u0151tt Eur\u00f3pai Di\u00e1ksport Napj\u00e1t (European School Sport Day\u00ae, ESSD), mely \u00e9vr\u0151l-\u00e9vre a testmozg\u00e1ssal \u00e9s az eg\u00e9szs\u00e9gtudatos \u00e9letvezet\u00e9ssel \u00f6sszef\u00fcgg\u0151 f\u00f3kuszt\u00e9m\u00e1kat dolgoz fel.<\/p>\n<p>\/www.mdsz.hu\/<\/p>\n<p>&nbsp;<\/p>\n<p>&nbsp;&nbsp; <em>A Sarkadi Eg\u00e9szs\u00e9gfejleszt\u00e9si Iroda a M\u00e9hker\u00e9k-K\u00f6tegy\u00e1n-Sarkad-\u00dajszalonta Telep\u00fcl\u00e9sk\u00f6zi Sportnapj\u00e1nak megszervez\u00e9s\u00e9vel k\u00edv\u00e1n csatlakozni a Magyar Di\u00e1ksport napj\u00e1hoz, mely M\u00e9hker\u00e9k telep\u00fcl\u00e9sen ker\u00fcl megval\u00f3s\u00edt\u00e1sra.<\/em><\/p>\n<p style=\"text-align: center;\"><a href=\"http:\/\/szakrendelo-sarkad.hu\/efi\/2020\/09\/24\/magyar-diaksport-napja-2020-szeptember-25\/\"><img loading=\"lazy\" decoding=\"async\" class=\"aligncenter size-medium wp-image-7021\" src=\"http:\/\/szakrendelo-sarkad.hu\/efi\/wp-content\/uploads\/sites\/2\/2020\/09\/EFI_TELEPUL\u00c9SK\u00d6ZISportnap_20200925-page-001-213x300.jpg\" alt=\"\" width=\"213\" height=\"300\" srcset=\"http:\/\/szakrendelo-sarkad.hu\/efi\/wp-content\/uploads\/sites\/2\/2020\/09\/EFI_TELEPUL\u00c9SK\u00d6ZISportnap_20200925-page-001-213x300.jpg 213w, http:\/\/szakrendelo-sarkad.hu\/efi\/wp-content\/uploads\/sites\/2\/2020\/09\/EFI_TELEPUL\u00c9SK\u00d6ZISportnap_20200925-page-001-728x1024.jpg 728w, http:\/\/szakrendelo-sarkad.hu\/efi\/wp-content\/uploads\/sites\/2\/2020\/09\/EFI_TELEPUL\u00c9SK\u00d6ZISportnap_20200925-page-001-768x1080.jpg 768w, http:\/\/szakrendelo-sarkad.hu\/efi\/wp-content\/uploads\/sites\/2\/2020\/09\/EFI_TELEPUL\u00c9SK\u00d6ZISportnap_20200925-page-001-1093x1536.jpg 1093w, http:\/\/szakrendelo-sarkad.hu\/efi\/wp-content\/uploads\/sites\/2\/2020\/09\/EFI_TELEPUL\u00c9SK\u00d6ZISportnap_20200925-page-001-1457x2048.jpg 1457w, http:\/\/szakrendelo-sarkad.hu\/efi\/wp-content\/uploads\/sites\/2\/2020\/09\/EFI_TELEPUL\u00c9SK\u00d6ZISportnap_20200925-page-001-scaled.jpg 1821w\" sizes=\"auto, (max-width: 213px) 100vw, 213px\" \/>(Kattintson a r\u00e9szletek\u00e9rt)<\/a><img loading=\"lazy\" decoding=\"async\" class=\"aligncenter size-full wp-image-7026\" src=\"http:\/\/szakrendelo-sarkad.hu\/efi\/wp-content\/uploads\/sites\/2\/2020\/09\/1.jpg\" alt=\"\" width=\"328\" height=\"192\" srcset=\"http:\/\/szakrendelo-sarkad.hu\/efi\/wp-content\/uploads\/sites\/2\/2020\/09\/1.jpg 328w, http:\/\/szakrendelo-sarkad.hu\/efi\/wp-content\/uploads\/sites\/2\/2020\/09\/1-300x176.jpg 300w\" sizes=\"auto, (max-width: 328px) 100vw, 328px\" \/><\/p>\n","protected":false},"excerpt":{"rendered":"<div class=\"entry-summary\">\n<div class=\"entry-summary\">\nA 2020\/2021. tan\u00e9v rendj\u00e9r\u0151l sz\u00f3l\u00f3, a napokban megjelent EMMI rendeletben imm\u00e1r hivatalosan is t\u00e9manapk\u00e9nt jelenik meg a Magyar&hellip;\n<\/div>\n<div class=\"link-more\"><a href=\"http:\/\/szakrendelo-sarkad.hu\/efi\/2020\/09\/24\/hivatalosan-is-temanap-a-magyar-diaksport-napja\/\" class=\"more-link\">Continue reading<span class=\"screen-reader-text\"> &ldquo;HIVATALOSAN IS T\u00c9MANAP A MAGYAR DI\u00c1KSPORT NAPJA&rdquo;<\/span>&hellip;<\/a><\/div>\n<\/div>\n<div class=\"link-more\"><a href=\"http:\/\/szakrendelo-sarkad.hu\/efi\/2020\/09\/24\/hivatalosan-is-temanap-a-magyar-diaksport-napja\/\" class=\"more-link\">Continue reading<span class=\"screen-reader-text\"> &ldquo;HIVATALOSAN IS T\u00c9MANAP A MAGYAR DI\u00c1KSPORT NAPJA&rdquo;<\/span>&hellip;<\/a><\/div>\n","protected":false},"author":1,"featured_media":7025,"comment_status":"closed","ping_status":"closed","sticky":false,"template":"","format":"standard","meta":{"ngg_post_thumbnail":0,"footnotes":""},"categories":[1],"tags":[],"class_list":["post-7024","post","type-post","status-publish","format-standard","has-post-thumbnail","hentry","category-egyeb","entry"],"_links":{"self":[{"href":"http:\/\/szakrendelo-sarkad.hu\/efi\/wp-json\/wp\/v2\/posts\/7024","targetHints":{"allow":["GET"]}}],"collection":[{"href":"http:\/\/szakrendelo-sarkad.hu\/efi\/wp-json\/wp\/v2\/posts"}],"about":[{"href":"http:\/\/szakrendelo-sarkad.hu\/efi\/wp-json\/wp\/v2\/types\/post"}],"author":[{"embeddable":true,"href":"http:\/\/szakrendelo-sarkad.hu\/efi\/wp-json\/wp\/v2\/users\/1"}],"replies":[{"embeddable":true,"href":"http:\/\/szakrendelo-sarkad.hu\/efi\/wp-json\/wp\/v2\/comments?post=7024"}],"version-history":[{"count":2,"href":"http:\/\/szakrendelo-sarkad.hu\/efi\/wp-json\/wp\/v2\/posts\/7024\/revisions"}],"predecessor-version":[{"id":7028,"href":"http:\/\/szakrendelo-sarkad.hu\/efi\/wp-json\/wp\/v2\/posts\/7024\/revisions\/7028"}],"wp:featuredmedia":[{"embeddable":true,"href":"http:\/\/szakrendelo-sarkad.hu\/efi\/wp-json\/wp\/v2\/media\/7025"}],"wp:attachment":[{"href":"http:\/\/szakrendelo-sarkad.hu\/efi\/wp-json\/wp\/v2\/media?parent=7024"}],"wp:term":[{"taxonomy":"category","embeddable":true,"href":"http:\/\/szakrendelo-sarkad.hu\/efi\/wp-json\/wp\/v2\/categories?post=7024"},{"taxonomy":"post_tag","embeddable":true,"href":"http:\/\/szakrendelo-sarkad.hu\/efi\/wp-json\/wp\/v2\/tags?post=7024"}],"curies":[{"name":"wp","href":"https:\/\/api.w.org\/{rel}","templated":true}]}}