{"id":7145,"date":"2020-11-08T09:00:18","date_gmt":"2020-11-08T09:00:18","guid":{"rendered":"http:\/\/szakrendelo-sarkad.hu\/efi\/?p=7145"},"modified":"2020-11-08T09:01:39","modified_gmt":"2020-11-08T09:01:39","slug":"ments-manust-novessz-egy-bajuszt-a-ferfiak-egeszsegeert","status":"publish","type":"post","link":"http:\/\/szakrendelo-sarkad.hu\/efi\/2020\/11\/08\/ments-manust-novessz-egy-bajuszt-a-ferfiak-egeszsegeert\/","title":{"rendered":"&#8222;Ments manust, n\u00f6vessz egy bajuszt\u201d \u2013 a f\u00e9rfiak eg\u00e9szs\u00e9g\u00e9\u00e9rt!"},"content":{"rendered":"<p style=\"text-align: center;\"><img loading=\"lazy\" decoding=\"async\" class=\"aligncenter size-full wp-image-7146\" src=\"http:\/\/szakrendelo-sarkad.hu\/efi\/wp-content\/uploads\/sites\/2\/2020\/11\/mentsmanust.jpg\" alt=\"\" width=\"300\" height=\"168\">Egy ausztr\u00e1l kezdem\u00e9nyez\u00e9s alapj\u00e1n a f\u00e9rfiak egy teljes h\u00f3napra<br \/>\nf\u00e9lreteszik a borotv\u00e1t \u00e9s vil\u00e1gszerte megn\u00f6vesztik bajszukat. E<br \/>\ntev\u00e9kenys\u00e9g\u00fckkel h\u00edvj\u00e1k fel a figyelmet arra, hogy a f\u00e9rfiaknak is<br \/>\nt\u00f6r\u0151dni\u00fck kell eg\u00e9szs\u00e9g\u00fckkel \u00e9s szembe kell n\u00e9zni\u00fck az egyik<br \/>\nlegelterjedtebb f\u00e9rfibetegs\u00e9ggel, a prosztatar\u00e1kkal.<\/p>\n<p style=\"text-align: center;\">Az Ausztr\u00e1li\u00e1b\u00f3l indult Movember mozgalom c\u00e9lja, hogy vil\u00e1gos \u00fczenetet<br \/>\nk\u00fcldj\u00f6n a f\u00e9rfiaknak, ne hanyagolj\u00e1k el saj\u00e1t eg\u00e9szs\u00e9g\u00fcket, figyeljenek<br \/>\noda a probl\u00e9m\u00e1kra, rendszeresen vegyenek r\u00e9szt sz\u0171r\u0151vizsg\u00e1latokon. A<br \/>\nbajusz egy \u201ekit\u0171z\u0151\u201d, melyet b\u00fcszk\u00e9n visel gazd\u00e1ja, ahogy a mellr\u00e1k<br \/>\nkamp\u00e1ny t\u00e1mogat\u00f3i a r\u00f3zsasz\u00edn szalagot hordj\u00e1k a sz\u00edv\u00fck felett.<br \/>\nA Movember mozgalom meghonos\u00edt\u00f3i t\u00edzenegy \u00e9ve azon dolgoznak, hogy<br \/>\nfelh\u00edvj\u00e1k a magyar f\u00e9rfiak figyelm\u00e9t a sz\u0171r\u0151vizsg\u00e1latok \u2013 els\u0151sorban a<br \/>\n40 \u00e9v felett szinte k\u00f6telez\u0151en aj\u00e1nlott prosztatavizsg\u00e1lat \u2013<br \/>\nfontoss\u00e1g\u00e1ra. Az elm\u00falt \u00e9vek siker\u00e9nek k\u00f6nyvelhet\u0151 el, hogy a magyar<br \/>\nMovember kamp\u00e1ny az orsz\u00e1g egyik legismertebb prevenci\u00f3s kamp\u00e1ny\u00e1v\u00e1<br \/>\nn\u0151tte ki mag\u00e1t. A hat\u00e9kony kommunik\u00e1ci\u00f3 eredm\u00e9nye az urol\u00f3gus<br \/>\nszakemberek szerint is \u00e9rezhet\u0151. Novemberben sokkal t\u00f6bb f\u00e9rfi keresi<br \/>\nfel a rendel\u0151ket, mint az \u00e9v t\u00f6bbi r\u00e9sz\u00e9ben.<\/p>\n<p style=\"text-align: center;\"><strong>Jelentkezzen be most!<\/strong><\/p>\n<p style=\"text-align: center;\">K\u00e9rjen id\u0151pontot a Sarkadi Kist\u00e9rs\u00e9gi J\u00e1r\u00f3beteg Szakell\u00e1t\u00f3- Szakell\u00e1t\u00f3 K\u00f6zpont Urol\u00f3giai szakrendel\u00e9s\u00e9re \u00e9s vegyen r\u00e9szt a sz\u0171r\u0151vizsg\u00e1laton! Munkat\u00e1rsaink sz\u00edvesen adnak felvil\u00e1gos\u00edt\u00e1st a 66\/787-840 vagy 66\/585-800 telefonsz\u00e1mon.<\/p>\n<p style=\"text-align: center;\"><strong>Tegy\u00fcnk egy\u00fctt a f\u00e9rfiak eg\u00e9szs\u00e9g\u00e9\u00e9rt!<\/strong><\/p>\n","protected":false},"excerpt":{"rendered":"<div class=\"entry-summary\">\n<div class=\"entry-summary\">\nEgy ausztr\u00e1l kezdem\u00e9nyez\u00e9s alapj\u00e1n a f\u00e9rfiak egy teljes h\u00f3napra f\u00e9lreteszik a borotv\u00e1t \u00e9s vil\u00e1gszerte megn\u00f6vesztik bajszukat. E tev\u00e9kenys\u00e9g\u00fckkel&hellip;\n<\/div>\n<div class=\"link-more\"><a href=\"http:\/\/szakrendelo-sarkad.hu\/efi\/2020\/11\/08\/ments-manust-novessz-egy-bajuszt-a-ferfiak-egeszsegeert\/\" class=\"more-link\">Continue reading<span class=\"screen-reader-text\"> &ldquo;&#8222;Ments manust, n\u00f6vessz egy bajuszt\u201d \u2013 a f\u00e9rfiak eg\u00e9szs\u00e9g\u00e9\u00e9rt!&rdquo;<\/span>&hellip;<\/a><\/div>\n<\/div>\n<div class=\"link-more\"><a href=\"http:\/\/szakrendelo-sarkad.hu\/efi\/2020\/11\/08\/ments-manust-novessz-egy-bajuszt-a-ferfiak-egeszsegeert\/\" class=\"more-link\">Continue reading<span class=\"screen-reader-text\"> &ldquo;&#8222;Ments manust, n\u00f6vessz egy bajuszt\u201d \u2013 a f\u00e9rfiak eg\u00e9szs\u00e9g\u00e9\u00e9rt!&rdquo;<\/span>&hellip;<\/a><\/div>\n","protected":false},"author":1,"featured_media":7147,"comment_status":"closed","ping_status":"closed","sticky":false,"template":"","format":"standard","meta":{"ngg_post_thumbnail":0,"footnotes":""},"categories":[1],"tags":[],"class_list":["post-7145","post","type-post","status-publish","format-standard","has-post-thumbnail","hentry","category-egyeb","entry"],"_links":{"self":[{"href":"http:\/\/szakrendelo-sarkad.hu\/efi\/wp-json\/wp\/v2\/posts\/7145","targetHints":{"allow":["GET"]}}],"collection":[{"href":"http:\/\/szakrendelo-sarkad.hu\/efi\/wp-json\/wp\/v2\/posts"}],"about":[{"href":"http:\/\/szakrendelo-sarkad.hu\/efi\/wp-json\/wp\/v2\/types\/post"}],"author":[{"embeddable":true,"href":"http:\/\/szakrendelo-sarkad.hu\/efi\/wp-json\/wp\/v2\/users\/1"}],"replies":[{"embeddable":true,"href":"http:\/\/szakrendelo-sarkad.hu\/efi\/wp-json\/wp\/v2\/comments?post=7145"}],"version-history":[{"count":2,"href":"http:\/\/szakrendelo-sarkad.hu\/efi\/wp-json\/wp\/v2\/posts\/7145\/revisions"}],"predecessor-version":[{"id":7149,"href":"http:\/\/szakrendelo-sarkad.hu\/efi\/wp-json\/wp\/v2\/posts\/7145\/revisions\/7149"}],"wp:featuredmedia":[{"embeddable":true,"href":"http:\/\/szakrendelo-sarkad.hu\/efi\/wp-json\/wp\/v2\/media\/7147"}],"wp:attachment":[{"href":"http:\/\/szakrendelo-sarkad.hu\/efi\/wp-json\/wp\/v2\/media?parent=7145"}],"wp:term":[{"taxonomy":"category","embeddable":true,"href":"http:\/\/szakrendelo-sarkad.hu\/efi\/wp-json\/wp\/v2\/categories?post=7145"},{"taxonomy":"post_tag","embeddable":true,"href":"http:\/\/szakrendelo-sarkad.hu\/efi\/wp-json\/wp\/v2\/tags?post=7145"}],"curies":[{"name":"wp","href":"https:\/\/api.w.org\/{rel}","templated":true}]}}